{"id":83185,"date":"2020-04-23T03:00:00","date_gmt":"2020-04-23T07:00:00","guid":{"rendered":"https:\/\/linitiative.ca\/International\/celina-abdelkader-sarnievitz-succombe-au-coronavirus\/"},"modified":"2020-04-23T03:00:00","modified_gmt":"2020-04-23T07:00:00","slug":"celina-abdelkader-sarnievitz-succombe-au-coronavirus","status":"publish","type":"post","link":"https:\/\/linitiative.ca\/International\/celina-abdelkader-sarnievitz-succombe-au-coronavirus\/","title":{"rendered":"Celina Abdelkader Sarnievitz succombe au coronavirus"},"content":{"rendered":"<div id=\"originalText\" readability=\"48\">\n<p>La militante des droits de l\u2019Homme et des causes des peuples opprim\u00e9s, Celina\u00a0 \u00a0Abdelkader\u00a0 Sarnievitz,\u00a0 a\u00a0 succomb\u00e9\u00a0 au\u00a0 \u00a0coronavirus\u00a0 apr\u00e8s\u00a0 qu\u2019elle\u00a0 \u00e9tait\u00a0 \u00a0en isolement dans une maison de retraite \u00e0 Paris, en France.<\/p>\n<p>N\u00e9e\u00a0en\u00a01924\u00a0 \u00e0\u00a0Soloky\u00a0 (Pologne), cette\u00a0 dame\u00a0s\u2019est\u00a0 toujours\u00a0impliqu\u00e9e\u00a0 dans\u00a0 la d\u00e9fense des peuples opprim\u00e9s, et particuli\u00e8rement en soutenant r\u00e9solument sur le terrain le peuple alg\u00e9rien dans sa lutte pour l\u2019ind\u00e9pendance.<\/p>\n<p>Ayant\u00a0 \u00e9chapp\u00e9\u00a0 \u00e0\u00a0 la\u00a0 barbarie\u00a0 nazie, Celina\u00a0 Abdelkader\u00a0 Sarnievitz\u00a0 \u00a0a\u00a0 suivi\u00a0 ses\u00a0 \u00e9tudes\u00a0 \u00e0\u00a0 Moscou\u00a0 de\u00a0 1941\u00a0 \u00e0\u00a0 1945\u00a0 avant\u00a0 de s\u2019engager r\u00e9solument aux c\u00f4t\u00e9s du peuple alg\u00e9rien.<\/p>\n<\/div>\n<div id=\"text_core\" readability=\"48\">\n<p>La militante des droits de l\u2019Homme et des causes des peuples opprim\u00e9s, Celina\u00a0 \u00a0Abdelkader\u00a0 Sarnievitz,\u00a0 a\u00a0 succomb\u00e9\u00a0 au\u00a0 \u00a0coronavirus\u00a0 apr\u00e8s\u00a0 qu\u2019elle\u00a0 \u00e9tait\u00a0 \u00a0en isolement dans une maison de retraite \u00e0 Paris, en France.<\/p>\n<p>N\u00e9e\u00a0en\u00a01924\u00a0 \u00e0\u00a0Soloky\u00a0 (Pologne), cette\u00a0 dame\u00a0s\u2019est\u00a0 toujours\u00a0impliqu\u00e9e\u00a0 dans\u00a0 la d\u00e9fense des peuples opprim\u00e9s, et particuli\u00e8rement en soutenant r\u00e9solument sur le terrain le peuple alg\u00e9rien dans sa lutte pour l\u2019ind\u00e9pendance.<\/p>\n<p>Ayant\u00a0 \u00e9chapp\u00e9\u00a0 \u00e0\u00a0 la\u00a0 barbarie\u00a0 nazie, Celina\u00a0 Abdelkader\u00a0 Sarnievitz\u00a0 \u00a0a\u00a0 suivi\u00a0 ses\u00a0 \u00e9tudes\u00a0 \u00e0\u00a0 Moscou\u00a0 de\u00a0 1941\u00a0 \u00e0\u00a0 1945\u00a0 avant\u00a0 de s\u2019engager r\u00e9solument aux c\u00f4t\u00e9s du peuple alg\u00e9rien.<\/p>\n<\/div>\n<p>Auteur:<br \/>\n<a href=\"https:\/\/www.liberte-algerie.com\/radar\/celina-abdelkader-sarnievitz-succombe-au-coronavirus-337780\">Cliquez ici pour lire l&rsquo;article depuis sa source.<\/a><\/p>\n","protected":false},"excerpt":{"rendered":"<p>La militante des droits de l\u2019Homme et des causes des peuples opprim\u00e9s, Celina\u00a0 \u00a0Abdelkader\u00a0 Sarnievitz,\u00a0 a\u00a0 succomb\u00e9\u00a0 au\u00a0 \u00a0coronavirus\u00a0 apr\u00e8s\u00a0 qu\u2019elle\u00a0 \u00e9tait\u00a0 \u00a0en isolement dans une maison de retraite \u00e0 Paris, en France. N\u00e9e\u00a0en\u00a01924\u00a0 \u00e0\u00a0Soloky\u00a0 (Pologne), cette\u00a0 dame\u00a0s\u2019est\u00a0 toujours\u00a0impliqu\u00e9e\u00a0 dans\u00a0 la d\u00e9fense des peuples opprim\u00e9s, et particuli\u00e8rement en soutenant r\u00e9solument sur le terrain le peuple [&hellip;]<\/p>\n","protected":false},"author":1742,"featured_media":0,"comment_status":"closed","ping_status":"closed","sticky":false,"template":"","format":"standard","meta":{"fifu_image_url":"","fifu_image_alt":"","footnotes":""},"categories":[73,53],"tags":[],"class_list":["post-83185","post","type-post","status-publish","format-standard","hentry","category-actualite","category-algerie"],"_links":{"self":[{"href":"https:\/\/linitiative.ca\/International\/wp-json\/wp\/v2\/posts\/83185","targetHints":{"allow":["GET"]}}],"collection":[{"href":"https:\/\/linitiative.ca\/International\/wp-json\/wp\/v2\/posts"}],"about":[{"href":"https:\/\/linitiative.ca\/International\/wp-json\/wp\/v2\/types\/post"}],"author":[{"embeddable":true,"href":"https:\/\/linitiative.ca\/International\/wp-json\/wp\/v2\/users\/1742"}],"replies":[{"embeddable":true,"href":"https:\/\/linitiative.ca\/International\/wp-json\/wp\/v2\/comments?post=83185"}],"version-history":[{"count":0,"href":"https:\/\/linitiative.ca\/International\/wp-json\/wp\/v2\/posts\/83185\/revisions"}],"wp:attachment":[{"href":"https:\/\/linitiative.ca\/International\/wp-json\/wp\/v2\/media?parent=83185"}],"wp:term":[{"taxonomy":"category","embeddable":true,"href":"https:\/\/linitiative.ca\/International\/wp-json\/wp\/v2\/categories?post=83185"},{"taxonomy":"post_tag","embeddable":true,"href":"https:\/\/linitiative.ca\/International\/wp-json\/wp\/v2\/tags?post=83185"}],"curies":[{"name":"wp","href":"https:\/\/api.w.org\/{rel}","templated":true}]}}