{"id":83186,"date":"2020-04-23T03:00:00","date_gmt":"2020-04-23T07:00:00","guid":{"rendered":"https:\/\/linitiative.ca\/International\/scenes-de-liesse-devant-lhopital-dain-taya\/"},"modified":"2020-04-23T03:00:00","modified_gmt":"2020-04-23T07:00:00","slug":"scenes-de-liesse-devant-lhopital-dain-taya","status":"publish","type":"post","link":"https:\/\/linitiative.ca\/International\/scenes-de-liesse-devant-lhopital-dain-taya\/","title":{"rendered":"Sc\u00e8nes de liesse devant l\u2019h\u00f4pital d\u2019A\u00efn Taya"},"content":{"rendered":"<div id=\"originalText\" readability=\"44\">\n<p>Les habitants\u00a0de\u00a0la localit\u00e9 d\u2019A\u00efn Taya\u00a0ne\u00a0sont\u00a0pas\u00a0pr\u00e8s\u00a0d\u2019oublier\u00a0la\u00a0journ\u00e9e du\u00a022\u00a0avril. Pour\u00a0cause, 19\u00a0patients\u00a0admis\u00a0\u00e0\u00a0l\u2019h\u00f4pital\u00a0 de\u00a0 cette\u00a0 localit\u00e9\u00a0de\u00a0 l\u2019est\u00a0 \u00a0d\u2019Alger\u00a0 sont\u00a0 sortis\u00a0 gu\u00e9ris\u00a0 de\u00a0 la\u00a0 pand\u00e9mie\u00a0 de\u00a0 coronavirus\u00a0 apr\u00e8s\u00a0 \u00a0leur\u00a0prise\u00a0en charge par le personnel m\u00e9dical\u00a0et param\u00e9dical.<\/p>\n<p>Apr\u00e8s leur passage au tunnel de d\u00e9sinfection, les patients ont \u00e9t\u00e9 pris en charge par\u00a0 un\u00a0 bus\u00a0 mobilis\u00e9\u00a0 par\u00a0 l\u2019APC d\u2019A\u00efn\u00a0 Taya\u00a0 pour\u00a0 les\u00a0 acheminer\u00a0 vers\u00a0 leur domicile. S\u2019en\u00a0 sont\u00a0 suivies\u00a0 alors des sc\u00e8nes\u00a0 de\u00a0 liesse\u00a0 des habitants\u00a0 qui\u00a0 ont\u00a0 rendu\u00a0 un\u00a0 vibrant\u00a0 hommage\u00a0 aux\u00a0 m\u00e9decins\u00a0 et\u00a0 aux\u00a0 infirmiers\u00a0 de\u00a0 cet\u00a0 h\u00f4pital\u00a0 \u00a0qui s\u2019investissent, de jour comme de nuit, pour endiguer l\u2019\u00e9pid\u00e9mie dans cette r\u00e9gion d\u2019Alger.<\/p>\n<\/div>\n<div id=\"text_core\" readability=\"44\">\n<p>Les habitants\u00a0de\u00a0la localit\u00e9 d\u2019A\u00efn Taya\u00a0ne\u00a0sont\u00a0pas\u00a0pr\u00e8s\u00a0d\u2019oublier\u00a0la\u00a0journ\u00e9e du\u00a022\u00a0avril. Pour\u00a0cause, 19\u00a0patients\u00a0admis\u00a0\u00e0\u00a0l\u2019h\u00f4pital\u00a0 de\u00a0 cette\u00a0 localit\u00e9\u00a0de\u00a0 l\u2019est\u00a0 \u00a0d\u2019Alger\u00a0 sont\u00a0 sortis\u00a0 gu\u00e9ris\u00a0 de\u00a0 la\u00a0 pand\u00e9mie\u00a0 de\u00a0 coronavirus\u00a0 apr\u00e8s\u00a0 \u00a0leur\u00a0prise\u00a0en charge par le personnel m\u00e9dical\u00a0et param\u00e9dical.<\/p>\n<p>Apr\u00e8s leur passage au tunnel de d\u00e9sinfection, les patients ont \u00e9t\u00e9 pris en charge par\u00a0 un\u00a0 bus\u00a0 mobilis\u00e9\u00a0 par\u00a0 l\u2019APC d\u2019A\u00efn\u00a0 Taya\u00a0 pour\u00a0 les\u00a0 acheminer\u00a0 vers\u00a0 leur domicile. S\u2019en\u00a0 sont\u00a0 suivies\u00a0 alors des sc\u00e8nes\u00a0 de\u00a0 liesse\u00a0 des habitants\u00a0 qui\u00a0 ont\u00a0 rendu\u00a0 un\u00a0 vibrant\u00a0 hommage\u00a0 aux\u00a0 m\u00e9decins\u00a0 et\u00a0 aux\u00a0 infirmiers\u00a0 de\u00a0 cet\u00a0 h\u00f4pital\u00a0 \u00a0qui s\u2019investissent, de jour comme de nuit, pour endiguer l\u2019\u00e9pid\u00e9mie dans cette r\u00e9gion d\u2019Alger.<\/p>\n<\/div>\n<p>Auteur:<br \/>\n<a href=\"https:\/\/www.liberte-algerie.com\/radar\/scenes-de-liesse-devant-lhopital-dain-taya-337779\">Cliquez ici pour lire l&rsquo;article depuis sa source.<\/a><\/p>\n","protected":false},"excerpt":{"rendered":"<p>Les habitants\u00a0de\u00a0la localit\u00e9 d\u2019A\u00efn Taya\u00a0ne\u00a0sont\u00a0pas\u00a0pr\u00e8s\u00a0d\u2019oublier\u00a0la\u00a0journ\u00e9e du\u00a022\u00a0avril. Pour\u00a0cause, 19\u00a0patients\u00a0admis\u00a0\u00e0\u00a0l\u2019h\u00f4pital\u00a0 de\u00a0 cette\u00a0 localit\u00e9\u00a0de\u00a0 l\u2019est\u00a0 \u00a0d\u2019Alger\u00a0 sont\u00a0 sortis\u00a0 gu\u00e9ris\u00a0 de\u00a0 la\u00a0 pand\u00e9mie\u00a0 de\u00a0 coronavirus\u00a0 apr\u00e8s\u00a0 \u00a0leur\u00a0prise\u00a0en charge par le personnel m\u00e9dical\u00a0et param\u00e9dical. Apr\u00e8s leur passage au tunnel de d\u00e9sinfection, les patients ont \u00e9t\u00e9 pris en charge par\u00a0 un\u00a0 bus\u00a0 mobilis\u00e9\u00a0 par\u00a0 l\u2019APC d\u2019A\u00efn\u00a0 Taya\u00a0 pour\u00a0 les\u00a0 acheminer\u00a0 vers\u00a0 [&hellip;]<\/p>\n","protected":false},"author":1742,"featured_media":0,"comment_status":"closed","ping_status":"closed","sticky":false,"template":"","format":"standard","meta":{"fifu_image_url":"","fifu_image_alt":"","footnotes":""},"categories":[73,53],"tags":[],"class_list":["post-83186","post","type-post","status-publish","format-standard","hentry","category-actualite","category-algerie"],"_links":{"self":[{"href":"https:\/\/linitiative.ca\/International\/wp-json\/wp\/v2\/posts\/83186","targetHints":{"allow":["GET"]}}],"collection":[{"href":"https:\/\/linitiative.ca\/International\/wp-json\/wp\/v2\/posts"}],"about":[{"href":"https:\/\/linitiative.ca\/International\/wp-json\/wp\/v2\/types\/post"}],"author":[{"embeddable":true,"href":"https:\/\/linitiative.ca\/International\/wp-json\/wp\/v2\/users\/1742"}],"replies":[{"embeddable":true,"href":"https:\/\/linitiative.ca\/International\/wp-json\/wp\/v2\/comments?post=83186"}],"version-history":[{"count":0,"href":"https:\/\/linitiative.ca\/International\/wp-json\/wp\/v2\/posts\/83186\/revisions"}],"wp:attachment":[{"href":"https:\/\/linitiative.ca\/International\/wp-json\/wp\/v2\/media?parent=83186"}],"wp:term":[{"taxonomy":"category","embeddable":true,"href":"https:\/\/linitiative.ca\/International\/wp-json\/wp\/v2\/categories?post=83186"},{"taxonomy":"post_tag","embeddable":true,"href":"https:\/\/linitiative.ca\/International\/wp-json\/wp\/v2\/tags?post=83186"}],"curies":[{"name":"wp","href":"https:\/\/api.w.org\/{rel}","templated":true}]}}