{"id":83190,"date":"2020-04-23T07:28:51","date_gmt":"2020-04-23T11:28:51","guid":{"rendered":"https:\/\/linitiative.ca\/International\/covid-19-le-bilan-grimpe-a-762-premier-cas-confirme-a-safi\/"},"modified":"2020-04-23T07:28:51","modified_gmt":"2020-04-23T11:28:51","slug":"covid-19-le-bilan-grimpe-a-762-premier-cas-confirme-a-safi","status":"publish","type":"post","link":"https:\/\/linitiative.ca\/International\/covid-19-le-bilan-grimpe-a-762-premier-cas-confirme-a-safi\/","title":{"rendered":"Covid-19: Le bilan grimpe \u00e0 762, premier cas confirm\u00e9 \u00e0 Safi"},"content":{"rendered":"<div class=\"single-featured\"><img alt=\"\" data-src=\"http:\/\/www.mapmarrakech.ma\/map\/uploads\/2020\/04\/bilan-RAK-10-h.jpg\"\/><\/div>\n<div class=\"single-post-excerpt post-excerpt-bc\" readability=\"37\">\n<p>Marrakech \u2013 Un total de 20 nouvelles infections au nouveau coronavirus (Covid-19) ont \u00e9t\u00e9 signal\u00e9es au niveau de la r\u00e9gion de Marrakech-Safi, portant \u00e0 762 le nombre des cas confirm\u00e9s dans la r\u00e9gion jusqu\u2019\u00e0 jeudi \u00e0 10H00, alors que la province de Safi vient d\u2019enregistrer une premi\u00e8re contamination.<\/p>\n<\/div>\n<div class=\"entry-content clearfix single-post-content\" readability=\"54\">\n<p>Quatorze nouveaux cas ont \u00e9t\u00e9 d\u00e9tect\u00e9s dans la pr\u00e9fecture de Marrakech (485 au total), deux dans la province de Rehamna (219 au total), deux dans la province d\u2019El Kel\u00e2a des Sraghna (5 au total) et une seule nouvelle infection dans les provinces d\u2019Al Haouz (27 au total) et de Safi avec le premier cas signal\u00e9 depuis le d\u00e9clenchement de la pand\u00e9mie, font ressortir les chiffres de la Direction R\u00e9gionale de la Sant\u00e9 (DRS).<\/p>\n<p>Les cas restants sont r\u00e9partis entre les provinces de Chichaoua (23) et d\u2019Essaouira (02), tandis que celle de Youssoufia demeure sans aucune infection.<\/p>\n<p>Six nouvelles gu\u00e9risons ont \u00e9t\u00e9 \u00e9galement enregistr\u00e9es, portant \u00e0 76 le nombre de personnes d\u00e9clar\u00e9es totalement r\u00e9tablies \u00e0 l\u2019\u00e9chelle de la r\u00e9gion, tandis que celui des d\u00e9c\u00e8s s\u2019\u00e9l\u00e8ve \u00e0 39, pr\u00e9cise la m\u00eame source.<\/p>\n<p>Au niveau national, 91 cas suppl\u00e9mentaires d\u2019infection au nouveau coronavirus (Covid-19) ont \u00e9t\u00e9 confirm\u00e9s jusqu\u2019\u00e0 jeudi \u00e0 10H00, portant \u00e0 3.537 le nombre total des cas de contamination.<\/p>\n<\/div>\n<p>Auteur: Meriem IGASS<br \/>\n<a href=\"http:\/\/www.mapmarrakech.ma\/fr\/covid-19-le-bilan-grimpe-a-762-premier-cas-confirme-a-safi\/\">Cliquez ici pour lire l&rsquo;article depuis sa source.<\/a><\/p>\n","protected":false},"excerpt":{"rendered":"<p>Marrakech \u2013 Un total de 20 nouvelles infections au nouveau coronavirus (Covid-19) ont \u00e9t\u00e9 signal\u00e9es au niveau de la r\u00e9gion de Marrakech-Safi, portant \u00e0 762 le nombre des cas confirm\u00e9s dans la r\u00e9gion jusqu\u2019\u00e0 jeudi \u00e0 10H00, alors que la province de Safi vient d\u2019enregistrer une premi\u00e8re contamination. Quatorze nouveaux cas ont \u00e9t\u00e9 d\u00e9tect\u00e9s dans [&hellip;]<\/p>\n","protected":false},"author":1788,"featured_media":0,"comment_status":"closed","ping_status":"closed","sticky":false,"template":"","format":"standard","meta":{"fifu_image_url":"","fifu_image_alt":"","footnotes":""},"categories":[54,76],"tags":[],"class_list":["post-83190","post","type-post","status-publish","format-standard","hentry","category-maroc","category-regions"],"_links":{"self":[{"href":"https:\/\/linitiative.ca\/International\/wp-json\/wp\/v2\/posts\/83190","targetHints":{"allow":["GET"]}}],"collection":[{"href":"https:\/\/linitiative.ca\/International\/wp-json\/wp\/v2\/posts"}],"about":[{"href":"https:\/\/linitiative.ca\/International\/wp-json\/wp\/v2\/types\/post"}],"author":[{"embeddable":true,"href":"https:\/\/linitiative.ca\/International\/wp-json\/wp\/v2\/users\/1788"}],"replies":[{"embeddable":true,"href":"https:\/\/linitiative.ca\/International\/wp-json\/wp\/v2\/comments?post=83190"}],"version-history":[{"count":0,"href":"https:\/\/linitiative.ca\/International\/wp-json\/wp\/v2\/posts\/83190\/revisions"}],"wp:attachment":[{"href":"https:\/\/linitiative.ca\/International\/wp-json\/wp\/v2\/media?parent=83190"}],"wp:term":[{"taxonomy":"category","embeddable":true,"href":"https:\/\/linitiative.ca\/International\/wp-json\/wp\/v2\/categories?post=83190"},{"taxonomy":"post_tag","embeddable":true,"href":"https:\/\/linitiative.ca\/International\/wp-json\/wp\/v2\/tags?post=83190"}],"curies":[{"name":"wp","href":"https:\/\/api.w.org\/{rel}","templated":true}]}}