{"id":83191,"date":"2020-04-23T13:49:44","date_gmt":"2020-04-23T17:49:44","guid":{"rendered":"https:\/\/linitiative.ca\/International\/covid-19-un-engagement-infaillible-des-jeunes-acteurs-associatifs\/"},"modified":"2020-04-23T13:49:44","modified_gmt":"2020-04-23T17:49:44","slug":"covid-19-un-engagement-infaillible-des-jeunes-acteurs-associatifs","status":"publish","type":"post","link":"https:\/\/linitiative.ca\/International\/covid-19-un-engagement-infaillible-des-jeunes-acteurs-associatifs\/","title":{"rendered":"Covid-19: Un engagement infaillible des jeunes acteurs associatifs"},"content":{"rendered":"<div readability=\"39\">\n<p>Par : Hassan EL AMRI<br \/>Essaouira \u2013 Depuis le d\u00e9clenchement au Maroc de la crise sanitaire induite par le nouveau coronavirus (Covid-19), les acteurs de la soci\u00e9t\u00e9 civile \u00e0 Essaouira, notamment les jeunes, ont intensifi\u00e9 leurs efforts et n\u2019ont eu de cesse de multiplier les actions et initiatives en vue de sensibiliser les habitants de la cit\u00e9 des Aliz\u00e9s quant aux dangers de cette pand\u00e9mie, et de porter assistance aux familles les plus d\u00e9munies en cette conjoncture exceptionnelle que traverse le Royaume.<\/p>\n<\/div>\n<div readability=\"162\">\n<p>Dans le cadre de cet \u00e9lan f\u00e9d\u00e9rateur et de cette mobilisation g\u00e9n\u00e9rale qui animent toutes les r\u00e9gions et provinces du Royaume pour surmonter cette \u00e9preuve avec les moindres pertes, les jeunes acteurs associatifs souiris ont fait montre d\u2019un engagement infaillible et d\u2019un apport consid\u00e9rable aux efforts inlassables d\u00e9ploy\u00e9s et aux actions soutenues men\u00e9es par les autorit\u00e9s comp\u00e9tentes au niveau de la province, afin d\u2019enrayer la propagation de cette pand\u00e9mie et d\u2019att\u00e9nuer ses incidences socio-\u00e9conomiques sur la population locale.<\/p>\n<p>Gr\u00e2ce \u00e0 leur esprit de volontariat et de b\u00e9n\u00e9volat, leur sens \u00e9lev\u00e9 de patriotisme et leur haut degr\u00e9 de responsabilit\u00e9, ces jeunes, malgr\u00e9 les moyens limit\u00e9s dont disposent leurs collectifs ou associations, s\u2019investissent corps et \u00e2me afin de jouer le r\u00f4le qui leur incombe au sein de la communaut\u00e9 et d\u2019apporter ainsi leur pierre \u00e0 l\u2019\u00e9difice de l\u2019action sociale solidaire en ces temps marqu\u00e9s par la propagation du Covid-19 et surtout l\u2019av\u00e8nement du mois sacr\u00e9 de Ramadan.<\/p>\n<p>Parmi ces jeunes acteurs profond\u00e9ment conscients du r\u00f4le majeur \u00e0 assumer au sein de la soci\u00e9t\u00e9 et tr\u00e8s soucieux de contribuer au renforcement de la coh\u00e9sion sociale entre les habitants de la ville d\u2019Essaouira, figurent les membres de l\u2019association \u00ab\u00a0MogaJeunes\u00a0\u00bb qui a entrepris, d\u00e8s le d\u00e9but, de nombreuses campagnes de sensibilisation dans le but d\u2019attirer l\u2019attention des citoyens, notamment au niveau de la M\u00e9dina, quant \u00e0 l\u2019importance de se conformer strictement aux r\u00e8gles et consignes impos\u00e9es par l\u2019\u00e9tat d\u2019urgence sanitaire et \u00e0 l\u2019imp\u00e9ratif de respecter scrupuleusement les mesures de confinement.<\/p>\n<p>Tr\u00e8s dynamiques et mus d\u2019une ferme volont\u00e9 d\u2019aider, dans la limite de leurs ressources, la population locale en ces temps difficiles que traverse le Royaume, ces militants associatifs en herbe ont aussi pris l\u2019initiative de distribuer gracieusement des masques de protection, notamment aux familles, aux agents d\u2019autorit\u00e9, aux \u00e9l\u00e9ments de la s\u00e9curit\u00e9, aux chauffeurs de taxis et aux agents d\u2019hygi\u00e8ne et de propret\u00e9.<\/p>\n<p>Cette op\u00e9ration, qui se poursuit toujours avec la distribution jusqu\u2019\u00e0 pr\u00e9sent de plus de 7.500 masques de protection, a suscit\u00e9 un \u00e9cho tr\u00e8s favorable aupr\u00e8s des habitants d\u2019Essaouira, qui ont tenu \u00e0 saluer ces jeunes, qui repr\u00e9sentent aux c\u00f4t\u00e9s de leurs confr\u00e8res dans d\u2019autres associations, le mod\u00e8le \u00e9loquent de cette jeunesse citoyenne souirie, fortement engag\u00e9e et constamment mobilis\u00e9e pour assumer son r\u00f4le au sein de la soci\u00e9t\u00e9.<\/p>\n<p>Epris des valeurs d\u2019entraide et de solidarit\u00e9 qui constituent l\u2019ADN de la soci\u00e9t\u00e9 marocaine et de l\u2019identit\u00e9 plurielle et s\u00e9culaire de tout Marocain, les membres de \u00ab\u00a0MogaJeunes\u00a0\u00bb ont \u00e9galement tenu \u00e0 mener une autre action noble et fortement louable, en l\u2019occurrence la distribution d\u2019aides alimentaires au profit des familles n\u00e9cessiteuses, qui ont subi de plein fouet les effets de cette pand\u00e9mie sur les plans social et \u00e9conomique.<\/p>\n<p>Ainsi, ils ont proc\u00e9d\u00e9 \u00e0 la distribution jusqu\u2019\u00e0 l\u2019heure actuelle de plusieurs dizaines de paniers alimentaires au profit de familles en situation pr\u00e9caire notamment dans la M\u00e9dina, ainsi que d\u2019une dizaine de Bons d\u2019achat en faveur de jeunes travailleurs qui se sont retrouv\u00e9s sans revenus en raison de cette crise sanitaire.<\/p>\n<p>Dans une d\u00e9claration \u00e0 la MAP, le pr\u00e9sident de l\u2019Association \u00ab\u00a0MogaJeunes\u00a0\u00bb, Otmane Mazzine, a soulign\u00e9 que les diff\u00e9rentes actions et initiatives entreprises par l\u2019association depuis l\u2019instauration de l\u2019\u00e9tat d\u2019urgence sanitaire visent \u00e0 participer \u00e0 cet \u00e9lan mobilisateur et f\u00e9d\u00e9rateur qui anime l\u2019ensemble des composantes de la soci\u00e9t\u00e9 marocaine, en g\u00e9n\u00e9ral, et celle souirie en particulier, en cette situation d\u00e9licate que vivent les Marocains ensemble.<\/p>\n<div readability=\"119\">\n<p>M. Mazzine a, dans ce sens, rappel\u00e9 que \u00ab\u00a0MogaJeunes\u00a0\u00bb s\u2019\u00e9tait d\u00e9j\u00e0 mobilis\u00e9e aux c\u00f4t\u00e9s d\u2019autres associations membres du Collectif \u00ab\u00a0Morocco l\u2019Ghedd\u00a0\u00bb, afin de contribuer aux efforts men\u00e9s \u00e0 tous les niveaux pour la sensibilisation et la pr\u00e9vention contre le Covid-19, \u00e0 travers la r\u00e9alisation et la distribution \u00e0 Essaouira, comme dans d\u2019autres villes du Royaume o\u00f9 s\u2019activent les membres dudit Collectif, d\u2019un flyer rassemblant les diff\u00e9rentes consignes des autorit\u00e9s sanitaires pour \u00e9viter la propagation du nouveau coronavirus.<\/p>\n<p>Et de poursuivre que l\u2019association s\u2019est, par la suite, fortement impliqu\u00e9e dans d\u2019autres campagnes de sensibilisation similaires ainsi que dans des op\u00e9rations de distribution de bavettes et d\u2019aides alimentaires, relevant que la soci\u00e9t\u00e9 civile a un r\u00f4le pr\u00e9pond\u00e9rant \u00e0 jouer en cette p\u00e9riode sensible aux c\u00f4t\u00e9s des pouvoirs publics et des autres parties prenantes.<\/p>\n<p>\u00ab\u00a0Dans de pareilles circonstances in\u00e9dites, il s\u2019agit d\u2019une responsabilit\u00e9 aussi bien collective que partag\u00e9e\u00a0\u00bb, a-t-il insist\u00e9.<\/p>\n<p>M. Mazzine a, dans la foul\u00e9e, indiqu\u00e9 que les membres de \u00ab\u00a0MogaJeunes\u00a0\u00bb continueront sur leur lanc\u00e9e, malgr\u00e9 les ressources limit\u00e9es dont ils disposent car, a-t-il dit, cela \u00ab\u00a0rel\u00e8ve du devoir national \u00e0 accomplir avec altruisme, abn\u00e9gation et d\u00e9vouement\u00a0\u00bb.<\/p>\n<p>Il a, d\u2019autre part, tenu \u00e0 adresser un appel solennel \u00e0 toutes les forces vives d\u2019Essaouira et aux donateurs afin de contribuer aux actions de bienfaisance men\u00e9es \u00e0 l\u2019\u00e9chelle de la province en vue de venir en aide et de pr\u00eater main forte aux familles vuln\u00e9rables et n\u00e9cessiteuses en cette conjoncture exceptionnelle, marqu\u00e9e notamment par l\u2019av\u00e8nement du mois sacr\u00e9 de Ramadan.<\/p>\n<p>Et d\u2019affirmer sur un ton optimiste, que cette \u00e9preuve que vit le peuple marocain et tous les impacts qui en d\u00e9coulent \u00ab\u00a0nous incitent \u00e0 se mobiliser encore davantage, \u00e0 \u0153uvrer la main dans la main, \u00e0 f\u00e9d\u00e9rer les \u00e9nergies et \u00e0 agir inlassablement dans l\u2019int\u00e9r\u00eat g\u00e9n\u00e9ral de la soci\u00e9t\u00e9 et de la Patrie, \u00e0 la faveur d\u2019une citoyennet\u00e9 plus agissante et d\u2019une action associative plus engag\u00e9e, plus solidaire et plus forte pour faire face \u00e0 cette crise sanitaire\u00a0\u00bb.<\/p>\n<p>De son c\u00f4t\u00e9, le pr\u00e9sident de l\u2019association \u00ab\u00a0Marocains Pluriels\u00a0\u00bb, Ahmed Ghayat, a, dans une d\u00e9claration similaire, mis en avant l\u2019action et l\u2019engagement de la jeunesse marocaine qui constitue \u00ab\u00a0notre meilleur atout\u00a0\u00bb, pr\u00e9cisant que \u00ab\u00a0l\u2019\u00e9preuve que nous traversons aujourd\u2019hui a donn\u00e9 l\u2019occasion \u00e0 ces jeunes de montrer +leur valeur+ et +leurs valeurs+\u00a0\u00bb.<\/p>\n<p>\u00ab\u00a0Ces jeunes sont en train de faire la d\u00e9monstration de ce qu\u2019ils sont capables de faire !\u00a0\u00bb, a-t-il soulign\u00e9.<\/p>\n<p>\u00ab\u00a0Les membres de MogaJeunes \u00e0 Essaouira sont \u00e0 l\u2019image des autres jeunes, de Oujda \u00e0 Marrakech ou Ouarzazate, de Rabat \u00e0 Taroudant, de F\u00e8s \u00e0 Casablanca\u2026Partout, \u00e0 travers tout le Royaume, ils sont la +3\u00e8me force+, aux c\u00f4t\u00e9s de nos soignants, des autorit\u00e9s et des forces de l\u2019ordre\u00a0\u00bb, a lanc\u00e9 M. Ghayat.<\/p>\n<p>Et de soutenir que tous les jeunes \u00ab\u00a0sont le maillon indispensable du lien social, de la solidarit\u00e9, de l\u2019entraide inter-g\u00e9n\u00e9rations et du civisme\u00a0\u00bb.<\/p>\n<p>\u00ab\u00a0Bons d\u2019achats, paniers de denr\u00e9es alimentaires, masques de protection, aide aux personnes \u00e2g\u00e9es\u2026Nos jeunes sont au front, ils sont des acteurs de premier plan\u00a0\u00bb, s\u2019est f\u00e9licit\u00e9 M. Ghayat, notant qu\u2019ils \u00ab\u00a0font \u00e9talage de leur courage, de leur d\u00e9termination, de leur sens de solidarit\u00e9 et surtout de leur patriotisme, ce si beau mot qu\u2019il ne faudra plus jamais leur d\u00e9nier\u00a0\u00bb.<\/p>\n<p>\u00ab\u00a0Nous sommes en train de travailler avec eux sur une op\u00e9ration qu\u2019ils vont lancer vendredi dans chaque ville o\u00f9 ils sont actifs et qu\u2019ils ont baptis\u00e9e ABOUAB RAMADAN (Les portes du Ramadan)\u00a0\u00bb, a-t-il annonc\u00e9.<\/p>\n<p>\u00ab\u00a0C\u2019est le moment de faire preuve d\u2019innovation et d\u2019imagination pour trouver les moyens de rendre plus vivable le confinement pour ceux d\u2019entre nous qui souffrent et pour mettre en avant la solidarit\u00e9, valeur premi\u00e8re du mois sacr\u00e9 de Ramadan\u00a0\u00bb, a-t-il expliqu\u00e9.<\/p>\n<p>Et M. Ghayat de conclure: \u00ab\u00a0Nous sommes fiers de notre jeunesse et la soci\u00e9t\u00e9 toute enti\u00e8re peut l\u2019\u00eatre. Cet \u00e9lan, il faudra le faire perdurer et ne pas l\u2019oublier\u00a0\u00bb.<\/p>\n<\/div>\n<\/div>\n<p>Auteur: Meriem IGASS<br \/>\n<a href=\"http:\/\/www.mapmarrakech.ma\/fr\/covid-19-un-engagement-infaillible-des-jeunes-acteurs-associatifs\/\">Cliquez ici pour lire l&rsquo;article depuis sa source.<\/a><\/p>\n","protected":false},"excerpt":{"rendered":"<p>Par : Hassan EL AMRIEssaouira \u2013 Depuis le d\u00e9clenchement au Maroc de la crise sanitaire induite par le nouveau coronavirus (Covid-19), les acteurs de la soci\u00e9t\u00e9 civile \u00e0 Essaouira, notamment les jeunes, ont intensifi\u00e9 leurs efforts et n\u2019ont eu de cesse de multiplier les actions et initiatives en vue de sensibiliser les habitants de la [&hellip;]<\/p>\n","protected":false},"author":1788,"featured_media":0,"comment_status":"closed","ping_status":"closed","sticky":false,"template":"","format":"standard","meta":{"fifu_image_url":"","fifu_image_alt":"","footnotes":""},"categories":[54,76],"tags":[],"class_list":["post-83191","post","type-post","status-publish","format-standard","hentry","category-maroc","category-regions"],"_links":{"self":[{"href":"https:\/\/linitiative.ca\/International\/wp-json\/wp\/v2\/posts\/83191","targetHints":{"allow":["GET"]}}],"collection":[{"href":"https:\/\/linitiative.ca\/International\/wp-json\/wp\/v2\/posts"}],"about":[{"href":"https:\/\/linitiative.ca\/International\/wp-json\/wp\/v2\/types\/post"}],"author":[{"embeddable":true,"href":"https:\/\/linitiative.ca\/International\/wp-json\/wp\/v2\/users\/1788"}],"replies":[{"embeddable":true,"href":"https:\/\/linitiative.ca\/International\/wp-json\/wp\/v2\/comments?post=83191"}],"version-history":[{"count":0,"href":"https:\/\/linitiative.ca\/International\/wp-json\/wp\/v2\/posts\/83191\/revisions"}],"wp:attachment":[{"href":"https:\/\/linitiative.ca\/International\/wp-json\/wp\/v2\/media?parent=83191"}],"wp:term":[{"taxonomy":"category","embeddable":true,"href":"https:\/\/linitiative.ca\/International\/wp-json\/wp\/v2\/categories?post=83191"},{"taxonomy":"post_tag","embeddable":true,"href":"https:\/\/linitiative.ca\/International\/wp-json\/wp\/v2\/tags?post=83191"}],"curies":[{"name":"wp","href":"https:\/\/api.w.org\/{rel}","templated":true}]}}