{"id":83193,"date":"2020-04-23T07:40:33","date_gmt":"2020-04-23T11:40:33","guid":{"rendered":"https:\/\/linitiative.ca\/International\/laghouat-caravane-de-solidarite-avec-les-familles-necessiteuses-dans-les-zones-dombre\/"},"modified":"2020-04-23T07:40:33","modified_gmt":"2020-04-23T11:40:33","slug":"laghouat-caravane-de-solidarite-avec-les-familles-necessiteuses-dans-les-zones-dombre","status":"publish","type":"post","link":"https:\/\/linitiative.ca\/International\/laghouat-caravane-de-solidarite-avec-les-familles-necessiteuses-dans-les-zones-dombre\/","title":{"rendered":"Laghouat: caravane de solidarit\u00e9 avec les familles n\u00e9cessiteuses dans les zones d\u2019ombre"},"content":{"rendered":"<p><span class=\"sp-nh-title\">Belhimer: l&rsquo;Etat soutient puissamment la libert\u00e9 de la presse<\/span> &#8211; <span class=\"sp-nh-date\">jeudi 23 avril 2020 18:43<\/span><\/p>\n<p><span class=\"sp-nh-title\">Le Pr\u00e9sident Tebboune re\u00e7oit un appel t\u00e9l\u00e9phonique de son homologue tunisien \u00a0<\/span> &#8211; <span class=\"sp-nh-date\">jeudi 23 avril 2020 18:24<\/span><\/p>\n<p><span class=\"sp-nh-title\">Omari met en avant la coordination avec les partenaires pour l\u2019acheminement des aides<\/span> &#8211; <span class=\"sp-nh-date\">jeudi 23 avril 2020 18:11<\/span><\/p>\n<p><span class=\"sp-nh-title\">Constantine : 6 nouveaux ouvrages d\u00e9di\u00e9s au cheikh Abdelhamid Benbadis en cours d\u2019impression \u00a0<\/span> &#8211; <span class=\"sp-nh-date\">jeudi 23 avril 2020 18:02<\/span><\/p>\n<p><span class=\"sp-nh-title\">Batna : r\u00e9cup\u00e9ration de 2190 pi\u00e8ces arch\u00e9ologiques et une arme \u00e0 feu\u00a0<\/span> &#8211; <span class=\"sp-nh-date\">jeudi 23 avril 2020 18:00<\/span><\/p>\n<p><span class=\"sp-nh-title\">Abdelaziz Djerad pr\u00e9side une r\u00e9union du gouvernement consacr\u00e9e \u00e0 plusieurs secteurs<\/span> &#8211; <span class=\"sp-nh-date\">jeudi 23 avril 2020 17:46<\/span><\/p>\n<p><span class=\"sp-nh-title\">Ramadhan: Alg\u00e9rie Poste r\u00e9adapte les horaires d&rsquo;ouverture des bureaux de poste jusqu&rsquo;au 29 avril<\/span> &#8211; <span class=\"sp-nh-date\">jeudi 23 avril 2020 17:43<\/span><\/p>\n<p><span class=\"sp-nh-title\">Conseil de la nation: les projets de loi relatifs \u00e0 la lutte contre la discrimination et au Code p\u00e9nal adopt\u00e9s \u00a0<\/span> &#8211; <span class=\"sp-nh-date\">jeudi 23 avril 2020 17:25<\/span><\/p>\n<p><span class=\"sp-nh-title\">Coronavirus : 97 nouveaux cas confirm\u00e9s et 5 nouveaux d\u00e9c\u00e8s en\u00a0 Alg\u00e9rie<\/span> &#8211; <span class=\"sp-nh-date\">jeudi 23 avril 2020 17:07<\/span><\/p>\n<p><span class=\"sp-nh-title\">Adrar : plus de 30.400 b\u00e9n\u00e9ficiaires per\u00e7oivent d\u00e8s jeudi l\u2019allocation de solidarit\u00e9<\/span> &#8211; <span class=\"sp-nh-date\">jeudi 23 avril 2020 16:57<\/span><\/p>\n<p><span class=\"sp-nh-title\">Renforcer la collaboration r\u00e9gionale pour faire face aux impacts du Covid-19<\/span> &#8211; <span class=\"sp-nh-date\">jeudi 23 avril 2020 16:52<\/span><\/p>\n<p><span class=\"sp-nh-title\">SAFAV-MB de Tiaret : livraison de plus de 1.000 v\u00e9hicules \u00a0<\/span> &#8211; <span class=\"sp-nh-date\">jeudi 23 avril 2020 16:50<\/span><\/p>\n<p><span class=\"sp-nh-title\">Industrie militaire: livraison de 1.031 v\u00e9hicules de marque Mercedes Benz \u00a0<\/span> &#8211; <span class=\"sp-nh-date\">jeudi 23 avril 2020 16:28<\/span><\/p>\n<p><span class=\"sp-nh-title\">Covid-19: appel de fonds de 15 millions de dollars en faveur des r\u00e9fugi\u00e9s sahraouis<\/span> &#8211; <span class=\"sp-nh-date\">jeudi 23 avril 2020 15:50<\/span><\/p>\n<p><span class=\"sp-nh-title\">Coronavirus: le repr\u00e9sentant de l&rsquo;OMS f\u00e9licite l&rsquo;Alg\u00e9rie pour les mesures prises pour circonscrire l&rsquo;\u00e9pid\u00e9mie<\/span> &#8211; <span class=\"sp-nh-date\">jeudi 23 avril 2020 14:39<\/span><\/p>\n<p><span class=\"sp-nh-title\">Karat\u00e9 do: le club d&rsquo;Amirzour esp\u00e8re plus de moyens<\/span> &#8211; <span class=\"sp-nh-date\">jeudi 23 avril 2020 13:53<\/span><\/p>\n<p><span class=\"sp-nh-title\">L&rsquo;organisation de la direction d\u00e9l\u00e9gu\u00e9e des nouvelles circonscriptions administratives fix\u00e9e<\/span> &#8211; <span class=\"sp-nh-date\">jeudi 23 avril 2020 13:33<\/span><\/p>\n<p><span class=\"sp-nh-title\">Nourredine Daoudi install\u00e9 \u00e0 la t\u00eate d&rsquo;ALNAFT<\/span> &#8211; <span class=\"sp-nh-date\">jeudi 23 avril 2020 13:23<\/span><\/p>\n<p><span class=\"sp-nh-title\">Pr\u00e9sidentielle 2019: d\u00e9lib\u00e9ration sur les comptes de campagne des candidats<\/span> &#8211; <span class=\"sp-nh-date\">jeudi 23 avril 2020 13:19<\/span><\/p>\n<p><span class=\"sp-nh-title\">JM Oran-2022\/Stade: l\u2019installation du r\u00e9seau d\u2019\u00e9clairage bient\u00f4t achev\u00e9e<\/span> &#8211; <span class=\"sp-nh-date\">jeudi 23 avril 2020 13:08<\/span><\/p>\n<p>Auteur:<br \/>\n<a href=\"http:\/\/www.aps.dz\/regions\/104331-laghouat-caravane-de-solidarite-avec-les-familles-necessiteuses-dans-les-zones-d-ombre\">Cliquez ici pour lire l&rsquo;article depuis sa source.<\/a><\/p>\n","protected":false},"excerpt":{"rendered":"<p>Belhimer: l&rsquo;Etat soutient puissamment la libert\u00e9 de la presse &#8211; jeudi 23 avril 2020 18:43 Le Pr\u00e9sident Tebboune re\u00e7oit un appel t\u00e9l\u00e9phonique de son homologue tunisien \u00a0 &#8211; jeudi 23 avril 2020 18:24 Omari met en avant la coordination avec les partenaires pour l\u2019acheminement des aides &#8211; jeudi 23 avril 2020 18:11 Constantine : 6 [&hellip;]<\/p>\n","protected":false},"author":1790,"featured_media":0,"comment_status":"closed","ping_status":"closed","sticky":false,"template":"","format":"standard","meta":{"fifu_image_url":"","fifu_image_alt":"","footnotes":""},"categories":[53,76],"tags":[],"class_list":["post-83193","post","type-post","status-publish","format-standard","hentry","category-algerie","category-regions"],"_links":{"self":[{"href":"https:\/\/linitiative.ca\/International\/wp-json\/wp\/v2\/posts\/83193","targetHints":{"allow":["GET"]}}],"collection":[{"href":"https:\/\/linitiative.ca\/International\/wp-json\/wp\/v2\/posts"}],"about":[{"href":"https:\/\/linitiative.ca\/International\/wp-json\/wp\/v2\/types\/post"}],"author":[{"embeddable":true,"href":"https:\/\/linitiative.ca\/International\/wp-json\/wp\/v2\/users\/1790"}],"replies":[{"embeddable":true,"href":"https:\/\/linitiative.ca\/International\/wp-json\/wp\/v2\/comments?post=83193"}],"version-history":[{"count":0,"href":"https:\/\/linitiative.ca\/International\/wp-json\/wp\/v2\/posts\/83193\/revisions"}],"wp:attachment":[{"href":"https:\/\/linitiative.ca\/International\/wp-json\/wp\/v2\/media?parent=83193"}],"wp:term":[{"taxonomy":"category","embeddable":true,"href":"https:\/\/linitiative.ca\/International\/wp-json\/wp\/v2\/categories?post=83193"},{"taxonomy":"post_tag","embeddable":true,"href":"https:\/\/linitiative.ca\/International\/wp-json\/wp\/v2\/tags?post=83193"}],"curies":[{"name":"wp","href":"https:\/\/api.w.org\/{rel}","templated":true}]}}