{"id":83196,"date":"2020-04-22T14:32:49","date_gmt":"2020-04-22T18:32:49","guid":{"rendered":"https:\/\/linitiative.ca\/International\/transport-aerien-aucun-vol-jusquau-31-mai\/"},"modified":"2020-04-22T14:32:49","modified_gmt":"2020-04-22T18:32:49","slug":"transport-aerien-aucun-vol-jusquau-31-mai","status":"publish","type":"post","link":"https:\/\/linitiative.ca\/International\/transport-aerien-aucun-vol-jusquau-31-mai\/","title":{"rendered":"Transport a\u00e9rien: Aucun vol jusqu\u2019au 31 mai"},"content":{"rendered":"<div class=\"author\" readability=\"5.79310344828\"> Par <a href=\"\/content\/amin-rboub\">Amin RBOUB<\/a> <a href=\"\/node\/\"> <\/a> | Edition N\u00b0:5747 Le 23\/04\/2020 | Partager <\/div>\n<div class=\"body\">\n<div class=\"field field-name-body field-type-text-with-summary field-label-hidden\">\n<div class=\"field-items\" readability=\"7.5\">\n<div class=\"field-item even\" property=\"content:encoded\" readability=\"10\">\n<p class=\"rtejustify\">Du nouveau dans le transport a\u00e9rien au Maroc. La Direction g\u00e9n\u00e9rale de l\u2019Aviation civile (DGAC) informe l\u2019ensemble des compagnies a\u00e9riennes op\u00e9rant au Maroc qu\u2019aucun\u00a0 \u00abvol commercial ne sera op\u00e9r\u00e9 et donc autoris\u00e9 avant le 31 mai 2020\u00bb. Une date r\u00e9f\u00e9rence fix\u00e9e par la Direction de l\u2019Aviation civile pour que les op\u00e9rateurs ne programment pas leurs syst\u00e8mes de r\u00e9servations de billets\/si\u00e8ges avant le 1er juin prochain.<\/p>\n<p class=\"rtejustify\"><em>A.R.<\/em><\/p>\n<p class=\"rtejustify\">\u00a0<\/p>\n<\/div>\n<\/div>\n<\/div>\n<\/div>\n<div class=\"eco-conseil\">\n<div class=\"view view-eco-conseil-16 view-id-eco_conseil_16 view-display-id-cookies view-dom-id-93ff187d0ae43a5f62a6772e1562e503\">\n<div class=\"view-content\">\n<div id=\"views-bootstrap-grid-1\" class=\"views-bootstrap-grid-plugin-style\">\n<div class=\"row\">\n<div class=\" col-xs-12 col-lg-4\">\n<div class=\"row\">\n<div class=\"col col-xs-12 col-lg-12\">\n<div class=\"field-content\"><a href=\"\/article\/1060961-box-de-desinfection-le-gouvernement-interdit-la-commercialisation\"><img loading=\"lazy\" decoding=\"async\" class=\"img-responsive\" typeof=\"foaf:Image\" src=\"https:\/\/www.leconomiste.com\/sites\/default\/files\/eco7\/public\/styles\/800x400\/public\/default_images\/default_une.jpg?itok=4jZlgnIZ\" width=\"660\" height=\"330\" alt=\"\"\/><\/a><\/div>\n<\/div>\n<div class=\" title_suite_2 col col-xs-12 col-lg-12\"> <a href=\"\/article\/1060961-box-de-desinfection-le-gouvernement-interdit-la-commercialisation\"\/><span class=\"field-content\">Article 1060961<\/span><\/div>\n<\/div>\n<\/div>\n<div class=\" col-xs-12 col-lg-4\">\n<div class=\"row\">\n<div class=\"col col-xs-12 col-lg-12\">\n<div class=\"field-content\"><a href=\"\/article\/1060960-l-amic-offre-1-000-heures-de-conseil-aux-tpme\"><img loading=\"lazy\" decoding=\"async\" class=\"img-responsive\" typeof=\"foaf:Image\" src=\"https:\/\/www.leconomiste.com\/sites\/default\/files\/eco7\/public\/styles\/800x400\/public\/default_images\/default_une.jpg?itok=4jZlgnIZ\" width=\"660\" height=\"330\" alt=\"\"\/><\/a><\/div>\n<\/div>\n<div class=\" title_suite_2 col col-xs-12 col-lg-12\"> <a href=\"\/article\/1060960-l-amic-offre-1-000-heures-de-conseil-aux-tpme\"\/><span class=\"field-content\">L\u2019AMIC offre 1.000 heures de conseil aux TPME<\/span><\/div>\n<\/div>\n<\/div>\n<div class=\" col-xs-12 col-lg-4\">\n<div class=\"row\">\n<div class=\"col col-xs-12 col-lg-12\">\n<div class=\"field-content\"><a href=\"\/article\/1060959-douane-la-digitalisation-du-bon-delivrer-generalisee\"><img loading=\"lazy\" decoding=\"async\" class=\"img-responsive\" typeof=\"foaf:Image\" src=\"https:\/\/www.leconomiste.com\/sites\/default\/files\/eco7\/public\/styles\/800x400\/public\/default_images\/default_une.jpg?itok=4jZlgnIZ\" width=\"660\" height=\"330\" alt=\"\"\/><\/a><\/div>\n<\/div>\n<div class=\" title_suite_2 col col-xs-12 col-lg-12\"> <a href=\"\/article\/1060959-douane-la-digitalisation-du-bon-delivrer-generalisee\"\/><span class=\"field-content\">Douane: La digitalisation du bon \u00e0 d\u00e9livrer g\u00e9n\u00e9ralis\u00e9e<\/span><\/div>\n<\/div>\n<\/div>\n<\/div>\n<\/div>\n<\/div>\n<\/div>\n<\/div>\n<p>Auteur: hlafriqi<br \/>\n<a href=\"https:\/\/www.leconomiste.com\/article\/1060958-transport-aerien-aucun-vol-jusqu-au-31-mai\">Cliquez ici pour lire l&rsquo;article depuis sa source.<\/a><\/p>\n","protected":false},"excerpt":{"rendered":"<p>Par Amin RBOUB | Edition N\u00b0:5747 Le 23\/04\/2020 | Partager Du nouveau dans le transport a\u00e9rien au Maroc. La Direction g\u00e9n\u00e9rale de l\u2019Aviation civile (DGAC) informe l\u2019ensemble des compagnies a\u00e9riennes op\u00e9rant au Maroc qu\u2019aucun\u00a0 \u00abvol commercial ne sera op\u00e9r\u00e9 et donc autoris\u00e9 avant le 31 mai 2020\u00bb. Une date r\u00e9f\u00e9rence fix\u00e9e par la Direction de [&hellip;]<\/p>\n","protected":false},"author":1763,"featured_media":0,"comment_status":"closed","ping_status":"closed","sticky":false,"template":"","format":"standard","meta":{"fifu_image_url":"","fifu_image_alt":"","footnotes":""},"categories":[78,54],"tags":[],"class_list":["post-83196","post","type-post","status-publish","format-standard","hentry","category-economie","category-maroc"],"_links":{"self":[{"href":"https:\/\/linitiative.ca\/International\/wp-json\/wp\/v2\/posts\/83196","targetHints":{"allow":["GET"]}}],"collection":[{"href":"https:\/\/linitiative.ca\/International\/wp-json\/wp\/v2\/posts"}],"about":[{"href":"https:\/\/linitiative.ca\/International\/wp-json\/wp\/v2\/types\/post"}],"author":[{"embeddable":true,"href":"https:\/\/linitiative.ca\/International\/wp-json\/wp\/v2\/users\/1763"}],"replies":[{"embeddable":true,"href":"https:\/\/linitiative.ca\/International\/wp-json\/wp\/v2\/comments?post=83196"}],"version-history":[{"count":0,"href":"https:\/\/linitiative.ca\/International\/wp-json\/wp\/v2\/posts\/83196\/revisions"}],"wp:attachment":[{"href":"https:\/\/linitiative.ca\/International\/wp-json\/wp\/v2\/media?parent=83196"}],"wp:term":[{"taxonomy":"category","embeddable":true,"href":"https:\/\/linitiative.ca\/International\/wp-json\/wp\/v2\/categories?post=83196"},{"taxonomy":"post_tag","embeddable":true,"href":"https:\/\/linitiative.ca\/International\/wp-json\/wp\/v2\/tags?post=83196"}],"curies":[{"name":"wp","href":"https:\/\/api.w.org\/{rel}","templated":true}]}}