{"id":83197,"date":"2020-04-22T14:34:45","date_gmt":"2020-04-22T18:34:45","guid":{"rendered":"https:\/\/linitiative.ca\/International\/douane-la-digitalisation-du-bon-a-delivrer-generalisee\/"},"modified":"2020-04-22T14:34:45","modified_gmt":"2020-04-22T18:34:45","slug":"douane-la-digitalisation-du-bon-a-delivrer-generalisee","status":"publish","type":"post","link":"https:\/\/linitiative.ca\/International\/douane-la-digitalisation-du-bon-a-delivrer-generalisee\/","title":{"rendered":"Douane: La digitalisation du bon \u00e0 d\u00e9livrer g\u00e9n\u00e9ralis\u00e9e"},"content":{"rendered":"<div class=\"body\">\n<div class=\"field field-name-body field-type-text-with-summary field-label-hidden\">\n<div class=\"field-items\" readability=\"8.5\">\n<div class=\"field-item even\" property=\"content:encoded\" readability=\"12\">\n<p class=\"rtejustify\">Le circuit du bon \u00e0 d\u00e9livrer (BAD) est progressivement d\u00e9mat\u00e9rialis\u00e9 depuis le 3 f\u00e9vrier dernier via la plateforme PortNet pour les op\u00e9rations d\u2019importation \u00e0 travers les bureaux portuaires et des MEAD, \u00e0 l\u2019exception de TangerMed. La douane annonce que la proc\u00e9dure sera g\u00e9n\u00e9ralis\u00e9e \u00e0 partir du lundi 4 mai. Par cons\u00e9quent, l\u2019enl\u00e8vement des marchandises import\u00e9es sera conditionn\u00e9 par la r\u00e9ception des bons \u00e0 d\u00e9livrer par PortNet.<\/p>\n<p class=\"rtejustify\"><em>H.E.<\/em><\/p>\n<\/div>\n<\/div>\n<\/div>\n<\/div>\n<div class=\"eco-conseil\">\n<div class=\"view view-eco-conseil-16 view-id-eco_conseil_16 view-display-id-cookies view-dom-id-d5d913dfe330ae3a87477d8f280811c5\">\n<div class=\"view-content\">\n<div id=\"views-bootstrap-grid-1\" class=\"views-bootstrap-grid-plugin-style\">\n<div class=\"row\">\n<div class=\" col-xs-12 col-lg-4\">\n<div class=\"row\">\n<div class=\"col col-xs-12 col-lg-12\">\n<div class=\"field-content\"><a href=\"\/article\/1060961-box-de-desinfection-le-gouvernement-interdit-la-commercialisation\"><img loading=\"lazy\" decoding=\"async\" class=\"img-responsive\" typeof=\"foaf:Image\" src=\"https:\/\/www.leconomiste.com\/sites\/default\/files\/eco7\/public\/styles\/800x400\/public\/default_images\/default_une.jpg?itok=4jZlgnIZ\" width=\"660\" height=\"330\" alt=\"\"\/><\/a><\/div>\n<\/div>\n<div class=\" title_suite_2 col col-xs-12 col-lg-12\"> <a href=\"\/article\/1060961-box-de-desinfection-le-gouvernement-interdit-la-commercialisation\"\/><span class=\"field-content\">Article 1060961<\/span><\/div>\n<\/div>\n<\/div>\n<div class=\" col-xs-12 col-lg-4\">\n<div class=\"row\">\n<div class=\"col col-xs-12 col-lg-12\">\n<div class=\"field-content\"><a href=\"\/article\/1060960-l-amic-offre-1-000-heures-de-conseil-aux-tpme\"><img loading=\"lazy\" decoding=\"async\" class=\"img-responsive\" typeof=\"foaf:Image\" src=\"https:\/\/www.leconomiste.com\/sites\/default\/files\/eco7\/public\/styles\/800x400\/public\/default_images\/default_une.jpg?itok=4jZlgnIZ\" width=\"660\" height=\"330\" alt=\"\"\/><\/a><\/div>\n<\/div>\n<div class=\" title_suite_2 col col-xs-12 col-lg-12\"> <a href=\"\/article\/1060960-l-amic-offre-1-000-heures-de-conseil-aux-tpme\"\/><span class=\"field-content\">L\u2019AMIC offre 1.000 heures de conseil aux TPME<\/span><\/div>\n<\/div>\n<\/div>\n<div class=\" col-xs-12 col-lg-4\">\n<div class=\"row\">\n<div class=\"col col-xs-12 col-lg-12\">\n<div class=\"field-content\"><a href=\"\/article\/1060958-transport-aerien-aucun-vol-jusqu-au-31-mai\"><img loading=\"lazy\" decoding=\"async\" class=\"img-responsive\" typeof=\"foaf:Image\" src=\"https:\/\/www.leconomiste.com\/sites\/default\/files\/eco7\/public\/styles\/800x400\/public\/default_images\/default_une.jpg?itok=4jZlgnIZ\" width=\"660\" height=\"330\" alt=\"\"\/><\/a><\/div>\n<\/div>\n<div class=\" title_suite_2 col col-xs-12 col-lg-12\"> <a href=\"\/article\/1060958-transport-aerien-aucun-vol-jusqu-au-31-mai\"\/><span class=\"field-content\">Transport a\u00e9rien: Aucun vol jusqu\u2019au 31 mai<\/span><\/div>\n<\/div>\n<\/div>\n<\/div>\n<\/div>\n<\/div>\n<\/div>\n<\/div>\n<p>Auteur: hlafriqi<br \/>\n<a href=\"https:\/\/www.leconomiste.com\/article\/1060959-douane-la-digitalisation-du-bon-delivrer-generalisee\">Cliquez ici pour lire l&rsquo;article depuis sa source.<\/a><\/p>\n","protected":false},"excerpt":{"rendered":"<p>Le circuit du bon \u00e0 d\u00e9livrer (BAD) est progressivement d\u00e9mat\u00e9rialis\u00e9 depuis le 3 f\u00e9vrier dernier via la plateforme PortNet pour les op\u00e9rations d\u2019importation \u00e0 travers les bureaux portuaires et des MEAD, \u00e0 l\u2019exception de TangerMed. La douane annonce que la proc\u00e9dure sera g\u00e9n\u00e9ralis\u00e9e \u00e0 partir du lundi 4 mai. Par cons\u00e9quent, l\u2019enl\u00e8vement des marchandises import\u00e9es [&hellip;]<\/p>\n","protected":false},"author":1763,"featured_media":0,"comment_status":"closed","ping_status":"closed","sticky":false,"template":"","format":"standard","meta":{"fifu_image_url":"","fifu_image_alt":"","footnotes":""},"categories":[78,54],"tags":[],"class_list":["post-83197","post","type-post","status-publish","format-standard","hentry","category-economie","category-maroc"],"_links":{"self":[{"href":"https:\/\/linitiative.ca\/International\/wp-json\/wp\/v2\/posts\/83197","targetHints":{"allow":["GET"]}}],"collection":[{"href":"https:\/\/linitiative.ca\/International\/wp-json\/wp\/v2\/posts"}],"about":[{"href":"https:\/\/linitiative.ca\/International\/wp-json\/wp\/v2\/types\/post"}],"author":[{"embeddable":true,"href":"https:\/\/linitiative.ca\/International\/wp-json\/wp\/v2\/users\/1763"}],"replies":[{"embeddable":true,"href":"https:\/\/linitiative.ca\/International\/wp-json\/wp\/v2\/comments?post=83197"}],"version-history":[{"count":0,"href":"https:\/\/linitiative.ca\/International\/wp-json\/wp\/v2\/posts\/83197\/revisions"}],"wp:attachment":[{"href":"https:\/\/linitiative.ca\/International\/wp-json\/wp\/v2\/media?parent=83197"}],"wp:term":[{"taxonomy":"category","embeddable":true,"href":"https:\/\/linitiative.ca\/International\/wp-json\/wp\/v2\/categories?post=83197"},{"taxonomy":"post_tag","embeddable":true,"href":"https:\/\/linitiative.ca\/International\/wp-json\/wp\/v2\/tags?post=83197"}],"curies":[{"name":"wp","href":"https:\/\/api.w.org\/{rel}","templated":true}]}}