{"id":83199,"date":"2020-04-22T14:36:43","date_gmt":"2020-04-22T18:36:43","guid":{"rendered":"https:\/\/linitiative.ca\/International\/article-1060961\/"},"modified":"2020-04-22T14:36:43","modified_gmt":"2020-04-22T18:36:43","slug":"article-1060961","status":"publish","type":"post","link":"https:\/\/linitiative.ca\/International\/article-1060961\/","title":{"rendered":"Article 1060961"},"content":{"rendered":"<div class=\"body\">\n<div class=\"field field-name-body field-type-text-with-summary field-label-hidden\">\n<div class=\"field-items\" readability=\"9.5\">\n<div class=\"field-item even\" property=\"content:encoded\" readability=\"14\">\n<p class=\"rtejustify\">Le gouvernement vient d&rsquo;annoncer l&rsquo;interdiction de la commercialisation des box ou passages de d\u00e9sinfection. Un communiqu\u00e9 commun des minist\u00e8res de l&rsquo;Int\u00e9rieur, de la Sant\u00e9, du Commerce et de l&rsquo;Industrie, a pr\u00e9cis\u00e9 qu&rsquo;en l&rsquo;absence de crit\u00e8res scientifiques pour d\u00e9terminer les normes requises dans ces box, leur commercialisation et leur utilisation sont strictement interdites. D&rsquo;autant que \u00ables produits utilis\u00e9s peuvent pr\u00e9senter des risques sur la sant\u00e9 des citoyens\u00bb.<\/p>\n<p class=\"rtejustify\"><em>M.A.M.<\/em><\/p>\n<p class=\"rtejustify\">\u00a0<\/p>\n<\/div>\n<\/div>\n<\/div>\n<\/div>\n<div class=\"eco-conseil\">\n<div class=\"view view-eco-conseil-16 view-id-eco_conseil_16 view-display-id-cookies view-dom-id-4d146a27c1ba344b979651f111108dc4\">\n<div class=\"view-content\">\n<div id=\"views-bootstrap-grid-1\" class=\"views-bootstrap-grid-plugin-style\">\n<div class=\"row\">\n<div class=\" col-xs-12 col-lg-4\">\n<div class=\"row\">\n<div class=\"col col-xs-12 col-lg-12\">\n<div class=\"field-content\"><a href=\"\/article\/1060960-l-amic-offre-1-000-heures-de-conseil-aux-tpme\"><img loading=\"lazy\" decoding=\"async\" class=\"img-responsive\" typeof=\"foaf:Image\" src=\"https:\/\/www.leconomiste.com\/sites\/default\/files\/eco7\/public\/styles\/800x400\/public\/default_images\/default_une.jpg?itok=4jZlgnIZ\" width=\"660\" height=\"330\" alt=\"\"\/><\/a><\/div>\n<\/div>\n<div class=\" title_suite_2 col col-xs-12 col-lg-12\"> <a href=\"\/article\/1060960-l-amic-offre-1-000-heures-de-conseil-aux-tpme\"\/><span class=\"field-content\">L\u2019AMIC offre 1.000 heures de conseil aux TPME<\/span><\/div>\n<\/div>\n<\/div>\n<div class=\" col-xs-12 col-lg-4\">\n<div class=\"row\">\n<div class=\"col col-xs-12 col-lg-12\">\n<div class=\"field-content\"><a href=\"\/article\/1060959-douane-la-digitalisation-du-bon-delivrer-generalisee\"><img loading=\"lazy\" decoding=\"async\" class=\"img-responsive\" typeof=\"foaf:Image\" src=\"https:\/\/www.leconomiste.com\/sites\/default\/files\/eco7\/public\/styles\/800x400\/public\/default_images\/default_une.jpg?itok=4jZlgnIZ\" width=\"660\" height=\"330\" alt=\"\"\/><\/a><\/div>\n<\/div>\n<div class=\" title_suite_2 col col-xs-12 col-lg-12\"> <a href=\"\/article\/1060959-douane-la-digitalisation-du-bon-delivrer-generalisee\"\/><span class=\"field-content\">Douane: La digitalisation du bon \u00e0 d\u00e9livrer g\u00e9n\u00e9ralis\u00e9e<\/span><\/div>\n<\/div>\n<\/div>\n<div class=\" col-xs-12 col-lg-4\">\n<div class=\"row\">\n<div class=\"col col-xs-12 col-lg-12\">\n<div class=\"field-content\"><a href=\"\/article\/1060958-transport-aerien-aucun-vol-jusqu-au-31-mai\"><img loading=\"lazy\" decoding=\"async\" class=\"img-responsive\" typeof=\"foaf:Image\" src=\"https:\/\/www.leconomiste.com\/sites\/default\/files\/eco7\/public\/styles\/800x400\/public\/default_images\/default_une.jpg?itok=4jZlgnIZ\" width=\"660\" height=\"330\" alt=\"\"\/><\/a><\/div>\n<\/div>\n<div class=\" title_suite_2 col col-xs-12 col-lg-12\"> <a href=\"\/article\/1060958-transport-aerien-aucun-vol-jusqu-au-31-mai\"\/><span class=\"field-content\">Transport a\u00e9rien: Aucun vol jusqu\u2019au 31 mai<\/span><\/div>\n<\/div>\n<\/div>\n<\/div>\n<\/div>\n<\/div>\n<\/div>\n<\/div>\n<p>Auteur: hlafriqi<br \/>\n<a href=\"https:\/\/www.leconomiste.com\/article\/1060961-box-de-desinfection-le-gouvernement-interdit-la-commercialisation\">Cliquez ici pour lire l&rsquo;article depuis sa source.<\/a><\/p>\n","protected":false},"excerpt":{"rendered":"<p>Le gouvernement vient d&rsquo;annoncer l&rsquo;interdiction de la commercialisation des box ou passages de d\u00e9sinfection. Un communiqu\u00e9 commun des minist\u00e8res de l&rsquo;Int\u00e9rieur, de la Sant\u00e9, du Commerce et de l&rsquo;Industrie, a pr\u00e9cis\u00e9 qu&rsquo;en l&rsquo;absence de crit\u00e8res scientifiques pour d\u00e9terminer les normes requises dans ces box, leur commercialisation et leur utilisation sont strictement interdites. D&rsquo;autant que \u00ables [&hellip;]<\/p>\n","protected":false},"author":1763,"featured_media":0,"comment_status":"closed","ping_status":"closed","sticky":false,"template":"","format":"standard","meta":{"fifu_image_url":"","fifu_image_alt":"","footnotes":""},"categories":[78,54],"tags":[],"class_list":["post-83199","post","type-post","status-publish","format-standard","hentry","category-economie","category-maroc"],"_links":{"self":[{"href":"https:\/\/linitiative.ca\/International\/wp-json\/wp\/v2\/posts\/83199","targetHints":{"allow":["GET"]}}],"collection":[{"href":"https:\/\/linitiative.ca\/International\/wp-json\/wp\/v2\/posts"}],"about":[{"href":"https:\/\/linitiative.ca\/International\/wp-json\/wp\/v2\/types\/post"}],"author":[{"embeddable":true,"href":"https:\/\/linitiative.ca\/International\/wp-json\/wp\/v2\/users\/1763"}],"replies":[{"embeddable":true,"href":"https:\/\/linitiative.ca\/International\/wp-json\/wp\/v2\/comments?post=83199"}],"version-history":[{"count":0,"href":"https:\/\/linitiative.ca\/International\/wp-json\/wp\/v2\/posts\/83199\/revisions"}],"wp:attachment":[{"href":"https:\/\/linitiative.ca\/International\/wp-json\/wp\/v2\/media?parent=83199"}],"wp:term":[{"taxonomy":"category","embeddable":true,"href":"https:\/\/linitiative.ca\/International\/wp-json\/wp\/v2\/categories?post=83199"},{"taxonomy":"post_tag","embeddable":true,"href":"https:\/\/linitiative.ca\/International\/wp-json\/wp\/v2\/tags?post=83199"}],"curies":[{"name":"wp","href":"https:\/\/api.w.org\/{rel}","templated":true}]}}