{"id":83203,"date":"2020-04-23T15:01:46","date_gmt":"2020-04-23T19:01:46","guid":{"rendered":"https:\/\/linitiative.ca\/International\/nabil-kouki-penalise-par-le-tas\/"},"modified":"2020-04-23T15:01:46","modified_gmt":"2020-04-23T19:01:46","slug":"nabil-kouki-penalise-par-le-tas","status":"publish","type":"post","link":"https:\/\/linitiative.ca\/International\/nabil-kouki-penalise-par-le-tas\/","title":{"rendered":"Nabil Kouki, p\u00e9nalis\u00e9 par le TAS"},"content":{"rendered":"<p>Pour avoir r\u00e9sili\u00e9 unilat\u00e9ralement son contrat avec Al Mouharrag du Bahre\u00efn<\/p>\n<footer class=\"submitted clearfix\">\n<p><span class=\"date-display-single\" property=\"dc:date\" datatype=\"xsd:dateTime\" content=\"2020-04-23T00:00:00+01:00\">Jeudi 23 Avril 2020<\/span><\/p>\n<\/footer>\n<div class=\"content clearfix\" readability=\"41.339520495\"><span class=\"print-link\"><span class=\"print_html\"><a href=\"http:\/\/www.letemps.com.tn\/print\/113178\" title=\"Display a printer-friendly version of this page.\" class=\"print-page\" onclick=\"window.open(this.href); return false\" rel=\"nofollow\"><img decoding=\"async\" class=\"print-icon\" typeof=\"foaf:Image\" src=\"http:\/\/www.letemps.com.tn\/sites\/all\/modules\/print\/icons\/print_icon.gif\" alt=\"\u0646\u0633\u062e\u0629 \u0644\u0644\u0637\u0628\u0627\u0639\u0629\" title=\"\u0646\u0633\u062e\u0629 \u0644\u0644\u0637\u0628\u0627\u0639\u0629\"\/><\/a><\/span><\/span><\/p>\n<div class=\"beacon9-social\">\n<p><iframe src=\"http:\/\/www.facebook.com\/plugins\/like.php?href=http%3A%2F%2Fwww.letemps.com.tn%2Farticle%2F113178%2Fnabil-kouki-p%25C3%25A9nalis%25C3%25A9-par-le-tas&amp;layout=button_count&amp;show_faces=false&amp;action=like&amp;font=arial&amp;colorscheme=light\" scrolling=\"no\" frameborder=\"0\" class=\"c1\" allowtransparency=\"true\">[embedded content]<\/iframe><\/p>\n<\/div>\n<div class=\"field field-name-field-op-main-image field-type-image field-label-hidden field-items field-item even\"><img loading=\"lazy\" decoding=\"async\" typeof=\"foaf:Image\" src=\"http:\/\/www.letemps.com.tn\/sites\/www.letemps.com.tn\/files\/styles\/620px_wide\/public\/main\/articles\/p12-n5.JPG\" width=\"675\" height=\"379\" alt=\"\"\/><\/div>\n<div class=\"field field-name-body field-type-text-with-summary field-label-hidden field-items field-item even\" readability=\"53\">\n<p class=\"MsoNormal c3\"><span class=\"c2\">L&rsquo;entra\u00eeneur tunisien Nabil Kouki a \u00e9t\u00e9 condamn\u00e9 par le Tribunal de l&rsquo;Arbitrage du Sport \u00e0 verser un peu plus de 18 mille\u00a0dollars, \u00e0 titre de d\u00e9dommage, \u00e0 son ancien club Al Mouharrag\u00a0Bahreini pour avoir r\u00e9sili\u00e9 unilat\u00e9ralement son contrat.<\/span><\/p>\n<p class=\"MsoNormal c3\"><span class=\"c2\">Nabil Kouki avait en effet d\u00e9cid\u00e9 au cours de la saison 2018-2019 de mettre fin \u00e0 ses fonctions\u00a0avec le club bahrini avant de s&rsquo;engager avec Al Hilal soudanais.<\/span><\/p>\n<p class=\"MsoNormal c3\"><span class=\"c2\">L&rsquo;exp\u00e9rience de Kouki avec le grand club de la capitale soudanaise n&rsquo;a pas cependant fait long\u00a0feu. En effet, quelque temps plus tard, il se s\u00e9para d&rsquo;Al Hilal\u00a0pour prendre en main les destin\u00e9es techniques de l&rsquo;Entente Sportive de S\u00e9tif avec laquelle il a r\u00e9alis\u00e9 un probant\u00a0parcours.<\/span><\/p>\n<p class=\"MsoNormal c3\"><span class=\"c2\">Sous sa f\u00e9rule l&rsquo;ES S\u00e9tif a r\u00e9alis\u00e9 un remarquable bond qualitatif qui lui a valu d&rsquo;occuper la deuxi\u00e8me place \u00e0 l&rsquo;issue de la 21 journ\u00e9e avant que ne soit\u00a0 d\u00e9cid\u00e9 l&rsquo;arr\u00eat du championnat alg\u00e9rien \u00e0 cause de la pand\u00e9mie du covid 19, Les \u00ab\u00a0Aigles Noirs\u00a0\u00bb staifiens\u00a0qui totalisent\u00a037 points avec trois longueurs de retard seulement sur le leader, le CR Belouizdad, sont<span class=\"c4\">\u00a0<\/span> par cons\u00e9quent pleinement engag\u00e9s dans la course pour le titre.<\/span><span class=\"c5\"><span class=\"c4\">\u00a0\u00a0\u00a0\u00a0\u00a0\u00a0\u00a0\u00a0\u00a0\u00a0\u00a0\u00a0\u00a0\u00a0\u00a0\u00a0\u00a0\u00a0\u00a0\u00a0\u00a0\u00a0\u00a0\u00a0\u00a0\u00a0\u00a0\u00a0\u00a0\u00a0\u00a0\u00a0\u00a0\u00a0\u00a0\u00a0\u00a0\u00a0<\/span><\/span> <span class=\"c6\"><span class=\"c4\">\u00a0<\/span>\u00a0<span class=\"c4\">\u00a0\u00a0\u00a0\u00a0\u00a0<\/span> <span class=\"c4\">\u00a0\u00a0\u00a0\u00a0\u00a0\u00a0\u00a0\u00a0<\/span><\/span><\/p>\n<p class=\"MsoNormal c7\"><span class=\"c6\"><span class=\"c4\">\u00a0<\/span><strong>Ameur KERKENNI<\/strong><\/span><\/p>\n<\/div>\n<\/div>\n<p>Auteur: letemps1<br \/>\n<a href=\"http:\/\/www.letemps.com.tn\/article\/113178\/nabil-kouki-p%C3%A9nalis%C3%A9-par-le-tas\">Cliquez ici pour lire l&rsquo;article depuis sa source.<\/a><\/p>\n","protected":false},"excerpt":{"rendered":"<p>Pour avoir r\u00e9sili\u00e9 unilat\u00e9ralement son contrat avec Al Mouharrag du Bahre\u00efn Jeudi 23 Avril 2020 [embedded content] L&rsquo;entra\u00eeneur tunisien Nabil Kouki a \u00e9t\u00e9 condamn\u00e9 par le Tribunal de l&rsquo;Arbitrage du Sport \u00e0 verser un peu plus de 18 mille\u00a0dollars, \u00e0 titre de d\u00e9dommage, \u00e0 son ancien club Al Mouharrag\u00a0Bahreini pour avoir r\u00e9sili\u00e9 unilat\u00e9ralement son contrat. [&hellip;]<\/p>\n","protected":false},"author":1773,"featured_media":0,"comment_status":"closed","ping_status":"closed","sticky":false,"template":"","format":"standard","meta":{"fifu_image_url":"","fifu_image_alt":"","footnotes":""},"categories":[73,55],"tags":[],"class_list":["post-83203","post","type-post","status-publish","format-standard","hentry","category-actualite","category-tunisie"],"_links":{"self":[{"href":"https:\/\/linitiative.ca\/International\/wp-json\/wp\/v2\/posts\/83203","targetHints":{"allow":["GET"]}}],"collection":[{"href":"https:\/\/linitiative.ca\/International\/wp-json\/wp\/v2\/posts"}],"about":[{"href":"https:\/\/linitiative.ca\/International\/wp-json\/wp\/v2\/types\/post"}],"author":[{"embeddable":true,"href":"https:\/\/linitiative.ca\/International\/wp-json\/wp\/v2\/users\/1773"}],"replies":[{"embeddable":true,"href":"https:\/\/linitiative.ca\/International\/wp-json\/wp\/v2\/comments?post=83203"}],"version-history":[{"count":0,"href":"https:\/\/linitiative.ca\/International\/wp-json\/wp\/v2\/posts\/83203\/revisions"}],"wp:attachment":[{"href":"https:\/\/linitiative.ca\/International\/wp-json\/wp\/v2\/media?parent=83203"}],"wp:term":[{"taxonomy":"category","embeddable":true,"href":"https:\/\/linitiative.ca\/International\/wp-json\/wp\/v2\/categories?post=83203"},{"taxonomy":"post_tag","embeddable":true,"href":"https:\/\/linitiative.ca\/International\/wp-json\/wp\/v2\/tags?post=83203"}],"curies":[{"name":"wp","href":"https:\/\/api.w.org\/{rel}","templated":true}]}}