{"id":83216,"date":"2020-04-23T09:30:00","date_gmt":"2020-04-23T13:30:00","guid":{"rendered":"https:\/\/linitiative.ca\/International\/coronavirus-le-representant-de-loms-felicite-lalgerie-pour-les-mesures-prises-pour-circonscrire-lepidemie\/"},"modified":"2020-04-23T09:30:00","modified_gmt":"2020-04-23T13:30:00","slug":"coronavirus-le-representant-de-loms-felicite-lalgerie-pour-les-mesures-prises-pour-circonscrire-lepidemie","status":"publish","type":"post","link":"https:\/\/linitiative.ca\/International\/coronavirus-le-representant-de-loms-felicite-lalgerie-pour-les-mesures-prises-pour-circonscrire-lepidemie\/","title":{"rendered":"Coronavirus: Le repr\u00e9sentant de l&rsquo;OMS f\u00e9licite l&rsquo;Alg\u00e9rie pour les mesures prises pour circonscrire l&rsquo;\u00e9pid\u00e9mie"},"content":{"rendered":"<p><h2>\u00a0<\/h2>\n<\/p>\n<div readability=\"33\">\n<p>Le repr\u00e9sentant de l&rsquo;OMS s&rsquo;exprimait lors de l&rsquo;audience qui lui a accord\u00e9e le ministre de la Sant\u00e9, de la Population et de la R\u00e9forme hospitali\u00e8re, le Pr Abderrahmane Benbouzid \u00ab\u00a0pour \u00e9voquer l&rsquo;\u00e9tat des lieux de la pand\u00e9mie du coronavirus COVID-19 en Alg\u00e9rie, notamment la situation \u00e9pid\u00e9miologique et\u00a0l&rsquo;organisation de la riposte en g\u00e9n\u00e9ral\u00a0\u00bb.<\/p>\n<p>A cette occasion, M. Nguessan a f\u00e9licit\u00e9 le \u00ab\u00a0leadership du minist\u00e8re de la sant\u00e9 et les mesures prises par le gouvernement alg\u00e9rien pour circonscrire l\u2019\u00e9pid\u00e9mie \u00e0 tous les niveaux\u00a0\u00bb.<\/p>\n<p>De son c\u00f4t\u00e9, le Pr Benbouzid a pr\u00e9sent\u00e9 \u00ab\u00a0la situation \u00e9pid\u00e9miologique relative \u00e0 l&rsquo;\u00e9pid\u00e9mie Covid-19 en Alg\u00e9rie et la strat\u00e9gie de riposte adopt\u00e9e, ainsi que les difficult\u00e9s auxquelles l&rsquo;Alg\u00e9rie fait face sur le\u00a0terrain\u00a0\u00bb.<\/p>\n<p>A l\u2019issue de \u00ab\u00a0riches\u00a0\u00bb discussions, il a \u00e9t\u00e9 convenu, de \u00ab\u00a0renforcer\u00a0\u00bb le cadre d&rsquo;\u00e9changes et de concertation \u00ab\u00a0continue et permanant\u00a0\u00bb entre les experts alg\u00e9riens dans le domaine et la repr\u00e9sentation de l&rsquo;OMS en Alg\u00e9rie, \u00ab\u00a0\u00e0 l&rsquo;effet de suivre l&rsquo;\u00e9volution de l&rsquo;\u00e9pid\u00e9mie covid-19 en Alg\u00e9rie sur la base des donn\u00e9es factuelles disponibles aux niveaux national, r\u00e9gional et mondial\u00a0\u00bb, conclut le communiqu\u00e9.<\/p>\n<p><strong>APS<\/strong><\/p>\n<\/div>\n<p>Auteur: elmoudjahid<br \/>\n<a href=\"http:\/\/www.elmoudjahid.com\/fr\/actualites\/152021\">Cliquez ici pour lire l&rsquo;article depuis sa source.<\/a><\/p>\n","protected":false},"excerpt":{"rendered":"<p>\u00a0 Le repr\u00e9sentant de l&rsquo;OMS s&rsquo;exprimait lors de l&rsquo;audience qui lui a accord\u00e9e le ministre de la Sant\u00e9, de la Population et de la R\u00e9forme hospitali\u00e8re, le Pr Abderrahmane Benbouzid \u00ab\u00a0pour \u00e9voquer l&rsquo;\u00e9tat des lieux de la pand\u00e9mie du coronavirus COVID-19 en Alg\u00e9rie, notamment la situation \u00e9pid\u00e9miologique et\u00a0l&rsquo;organisation de la riposte en g\u00e9n\u00e9ral\u00a0\u00bb. A cette [&hellip;]<\/p>\n","protected":false},"author":1744,"featured_media":0,"comment_status":"closed","ping_status":"closed","sticky":false,"template":"","format":"standard","meta":{"fifu_image_url":"","fifu_image_alt":"","footnotes":""},"categories":[73,53],"tags":[],"class_list":["post-83216","post","type-post","status-publish","format-standard","hentry","category-actualite","category-algerie"],"_links":{"self":[{"href":"https:\/\/linitiative.ca\/International\/wp-json\/wp\/v2\/posts\/83216","targetHints":{"allow":["GET"]}}],"collection":[{"href":"https:\/\/linitiative.ca\/International\/wp-json\/wp\/v2\/posts"}],"about":[{"href":"https:\/\/linitiative.ca\/International\/wp-json\/wp\/v2\/types\/post"}],"author":[{"embeddable":true,"href":"https:\/\/linitiative.ca\/International\/wp-json\/wp\/v2\/users\/1744"}],"replies":[{"embeddable":true,"href":"https:\/\/linitiative.ca\/International\/wp-json\/wp\/v2\/comments?post=83216"}],"version-history":[{"count":0,"href":"https:\/\/linitiative.ca\/International\/wp-json\/wp\/v2\/posts\/83216\/revisions"}],"wp:attachment":[{"href":"https:\/\/linitiative.ca\/International\/wp-json\/wp\/v2\/media?parent=83216"}],"wp:term":[{"taxonomy":"category","embeddable":true,"href":"https:\/\/linitiative.ca\/International\/wp-json\/wp\/v2\/categories?post=83216"},{"taxonomy":"post_tag","embeddable":true,"href":"https:\/\/linitiative.ca\/International\/wp-json\/wp\/v2\/tags?post=83216"}],"curies":[{"name":"wp","href":"https:\/\/api.w.org\/{rel}","templated":true}]}}