{"id":83217,"date":"2020-04-23T11:32:00","date_gmt":"2020-04-23T15:32:00","guid":{"rendered":"https:\/\/linitiative.ca\/International\/industrie-militaire-livraison-de-1031-vehicules-de-marque-mercedes-benz\/"},"modified":"2020-04-23T11:32:00","modified_gmt":"2020-04-23T15:32:00","slug":"industrie-militaire-livraison-de-1031-vehicules-de-marque-mercedes-benz","status":"publish","type":"post","link":"https:\/\/linitiative.ca\/International\/industrie-militaire-livraison-de-1031-vehicules-de-marque-mercedes-benz\/","title":{"rendered":"Industrie militaire: Livraison de 1031 v\u00e9hicules de marque Mercedes Benz"},"content":{"rendered":"<p><h2>\u00a0<\/h2>\n<\/p>\n<div readability=\"36\">\n<p>Ce lot de v\u00e9hicules est destin\u00e9 \u00e0 la Direction centrale du mat\u00e9riel relevant du MDN, aux minist\u00e8res de l\u2019Int\u00e9rieur et de la Justice, \u00e0 la Direction g\u00e9n\u00e9rale de la s\u00fbret\u00e9 nationale (DGSN), la Direction g\u00e9n\u00e9rale de\u00a0la Protection Civile, les h\u00f4pitaux ainsi qu&rsquo;\u00e0 des entreprises \u00e9conomiques civiles publiques et priv\u00e9es, selon le communiqu\u00e9.<\/p>\n<p>S&rsquo;inscrivant dans le cadre des efforts visant \u00e0 booster et encourager la production nationale, \u00e0 travers le d\u00e9veloppement des diff\u00e9rentes industries militaires, notamment l&rsquo;industrie m\u00e9canique, ces v\u00e9hicules seront destin\u00e9s au transport du personnel, transport scolaire ainsi que pour les ambulances et des v\u00e9hicules de transmissions et anti-incendie.<\/p>\n<p>Ils ont \u00e9t\u00e9 fabriqu\u00e9s par la Soci\u00e9t\u00e9 Alg\u00e9rienne de Fabrication des V\u00e9hicules \u00e0 Bouchakif \u00abSPA SAFAV\u00bb\/Tiaret\/2eRM, a pr\u00e9cis\u00e9 la m\u00eame source. \u00ab\u00a0Cette nouvelle livraison d\u00e9montre, encore une fois, la capacit\u00e9 des entreprises de production des v\u00e9hicules relevant de l\u2019Arm\u00e9e nationale populaire (ANP), \u00e0 satisfaire les besoins exprim\u00e9s par ses clients dans les d\u00e9lais impartis, \u00e0 la lumi\u00e8re de la strat\u00e9gie adopt\u00e9e par le minist\u00e8re de la D\u00e9fense nationale avec les diff\u00e9rentes structures et entreprises concern\u00e9es, visant \u00e0 relancer et redynamiser l\u2019industrie nationale et \u00e0 fournir des produits de qualit\u00e9 r\u00e9pondant aux normes internationales\u00a0\u00bb, a soulign\u00e9 le MDN.<\/p>\n<\/div>\n<p>Auteur: elmoudjahid<br \/>\n<a href=\"http:\/\/www.elmoudjahid.com\/fr\/actualites\/152022\">Cliquez ici pour lire l&rsquo;article depuis sa source.<\/a><\/p>\n","protected":false},"excerpt":{"rendered":"<p>\u00a0 Ce lot de v\u00e9hicules est destin\u00e9 \u00e0 la Direction centrale du mat\u00e9riel relevant du MDN, aux minist\u00e8res de l\u2019Int\u00e9rieur et de la Justice, \u00e0 la Direction g\u00e9n\u00e9rale de la s\u00fbret\u00e9 nationale (DGSN), la Direction g\u00e9n\u00e9rale de\u00a0la Protection Civile, les h\u00f4pitaux ainsi qu&rsquo;\u00e0 des entreprises \u00e9conomiques civiles publiques et priv\u00e9es, selon le communiqu\u00e9. S&rsquo;inscrivant dans [&hellip;]<\/p>\n","protected":false},"author":1744,"featured_media":0,"comment_status":"closed","ping_status":"closed","sticky":false,"template":"","format":"standard","meta":{"fifu_image_url":"","fifu_image_alt":"","footnotes":""},"categories":[73,53],"tags":[],"class_list":["post-83217","post","type-post","status-publish","format-standard","hentry","category-actualite","category-algerie"],"_links":{"self":[{"href":"https:\/\/linitiative.ca\/International\/wp-json\/wp\/v2\/posts\/83217","targetHints":{"allow":["GET"]}}],"collection":[{"href":"https:\/\/linitiative.ca\/International\/wp-json\/wp\/v2\/posts"}],"about":[{"href":"https:\/\/linitiative.ca\/International\/wp-json\/wp\/v2\/types\/post"}],"author":[{"embeddable":true,"href":"https:\/\/linitiative.ca\/International\/wp-json\/wp\/v2\/users\/1744"}],"replies":[{"embeddable":true,"href":"https:\/\/linitiative.ca\/International\/wp-json\/wp\/v2\/comments?post=83217"}],"version-history":[{"count":0,"href":"https:\/\/linitiative.ca\/International\/wp-json\/wp\/v2\/posts\/83217\/revisions"}],"wp:attachment":[{"href":"https:\/\/linitiative.ca\/International\/wp-json\/wp\/v2\/media?parent=83217"}],"wp:term":[{"taxonomy":"category","embeddable":true,"href":"https:\/\/linitiative.ca\/International\/wp-json\/wp\/v2\/categories?post=83217"},{"taxonomy":"post_tag","embeddable":true,"href":"https:\/\/linitiative.ca\/International\/wp-json\/wp\/v2\/tags?post=83217"}],"curies":[{"name":"wp","href":"https:\/\/api.w.org\/{rel}","templated":true}]}}