{"id":83218,"date":"2020-04-23T12:20:00","date_gmt":"2020-04-23T16:20:00","guid":{"rendered":"https:\/\/linitiative.ca\/International\/le-premier-ministre-preside-une-reunion-du-gouvernement-consacree-aux-secteurs-de-linterieur-la-sante-et-la-micro-entreprise\/"},"modified":"2020-04-23T12:20:00","modified_gmt":"2020-04-23T16:20:00","slug":"le-premier-ministre-preside-une-reunion-du-gouvernement-consacree-aux-secteurs-de-linterieur-la-sante-et-la-micro-entreprise","status":"publish","type":"post","link":"https:\/\/linitiative.ca\/International\/le-premier-ministre-preside-une-reunion-du-gouvernement-consacree-aux-secteurs-de-linterieur-la-sante-et-la-micro-entreprise\/","title":{"rendered":"Le Premier ministre pr\u00e9side une r\u00e9union du gouvernement consacr\u00e9e aux secteurs de l&rsquo;int\u00e9rieur , la sant\u00e9 et la micro entreprise"},"content":{"rendered":"<p>Ainsi, le premier ministre a examin\u00e9 lors de cette r\u00e9union deux projets de d\u00e9crets ex\u00e9cutifs relatifs au secteur de l\u2019int\u00e9rieur, des collectivit\u00e9s locales et de l\u2019am\u00e9nagement du territoire. Ainsi que le projet de d\u00e9cret ex\u00e9cutif relatif au secteur de la sant\u00e9, de la population et de la r\u00e9forme hospitali\u00e8re. Lors de cette r\u00e9union, le ministre du commerce a pr\u00e9sent\u00e9 , selon le communiqu\u00e9, une communication sur le syst\u00e8me num\u00e9rique pour le suivi de l\u2019approvisionnement et de l\u2019encadrement du march\u00e9 en produits de base durant la crise sanitaire actuelle (Pand\u00e9mie du coronavirus). De son c\u00f4t\u00e9, le ministre de la micro entreprise,\u00a0\u00a0\u00a0\u00a0\u00a0\u00a0\u00a0\u00a0\u00a0\u00a0\u00a0\u00a0\u00a0\u00a0 des start-up et de l\u2019\u00e9conomie de la connaissance, a pr\u00e9sent\u00e9 un expos\u00e9 , sur la relance du dispositif de soutien et de l\u2019emploi des jeunes (ANSEJ) par le biais du programme RESTART.<\/p>\n<p>\u00ab\u00a0Le gouvernement a entendu un expos\u00e9 du Ministre de l\u2019Int\u00e9rieur, des collectivit\u00e9s locales et de l\u2019am\u00e9nagement du territoire relatif \u00e0 la pr\u00e9sentation de projets de d\u00e9crets ex\u00e9cutifs fixant le nombre et la d\u00e9limitation des d\u00e9l\u00e9gations communales des communes de Bir El Djir et de Gdyel (wilaya d\u2019Oran). \u00a0\u00a0Ces deux projets de d\u00e9crets ex\u00e9cutifs, qui sont pris en application de l\u2019article 136 du code communal, ont pour objet de fixer le nombre de d\u00e9l\u00e9gations communales ainsi que l\u2019espace territorial des communes de Bir El Djir et de Gdyel\u00a0\u00bb, a indiqu\u00e9 le communiqu\u00e9. \u00a0\u00a0A cet effet, la commune de Bir El Djir disposera de cinq d\u00e9l\u00e9gations communales et celle de Gdyel de trois d\u00e9l\u00e9gations communales. Cette organisation administrative pr\u00e9vue pour les grandes communes caract\u00e9ris\u00e9es par une forte densit\u00e9 d\u00e9mographique et une configuration g\u00e9ographique et urbaine particuli\u00e8re sera de nature \u00e0 permettre une meilleure prise en charge des missions de service public et des exigences du d\u00e9veloppement local.<\/p>\n<p>En outre ,le \u00a0gouvernement a entendu un expos\u00e9 du Ministre de la sant\u00e9, de la population et de la r\u00e9forme hospitali\u00e8re relatif \u00e0 la pr\u00e9sentation du projet de d\u00e9cret ex\u00e9cutif relatif aux mesures exceptionnelles destin\u00e9es \u00e0 la facilitation de l\u2019approvisionnement du march\u00e9 national en produits pharmaceutiques, en dispositifs m\u00e9dicaux et en \u00e9quipement de d\u00e9tection en riposte \u00e0 la pand\u00e9mie du coronavirus (Covid-19). \u00ab\u00a0Le projet de d\u00e9cret ex\u00e9cutif propose des mesures de facilitations douani\u00e8res en faveur des op\u00e9rations d\u2019approvisionnement du march\u00e9 national en produits, fournitures et \u00e9quipements n\u00e9cessaires \u00e0 la pr\u00e9vention et \u00e0 la lutte contre la pand\u00e9mie du coronavirus (Covid-19)\u00a0\u00bb, a soulign\u00e9 le communiqu\u00e9.En outreet eu \u00e9gard \u00e0 la conjoncture sanitaire les op\u00e9rateurs \u00e9conomiques seront autoris\u00e9s \u00e0 importer, pour leurs propres besoins exclusivement, les moyens de protection individuelle (tels que les masques) et les produits et \u00e9quipements n\u00e9cessaires \u00e0 la d\u00e9sinfection des lieux de travail.Le gouvernement a \u00e9galement \u00a0entendu une communication\u00a0 pr\u00e9sent\u00e9e par le mnistre du commerce sur le syst\u00e8me num\u00e9rique pour le suivi de l\u2019approvisionnement et de l\u2019encadrement du march\u00e9 en produits de base durant la crise sanitaire actuelle.<\/p>\n<p>\u00a0Il s\u2019agit , selon le communiqu\u00e9, d\u2019un syst\u00e8me d\u2019information num\u00e9ris\u00e9 qui a pour objet le suivi des approvisionnements du march\u00e9 national en produits alimentaires jug\u00e9s essentiels en pr\u00e9vision du mois de Ramadhan qui co\u00efncide cette ann\u00e9e avec la crise sanitaire Covid-19. Les objectifs vis\u00e9s \u00e0 travers la mise en place de ce syst\u00e8me d\u2019information portent notamment sur la cr\u00e9ation d\u2019une banque de donn\u00e9es sur les activit\u00e9s agro-alimentaires, \u00e0 l\u2019effet d\u2019assurer le suivi quotidien des niveaux de stocks de mati\u00e8res premi\u00e8res et de produits de large consommation sur l\u2019ensemble du territoire national\u00a0. Le gouvernement a entendu une pr\u00e9sentation d\u2019une communication de Monsieur le ministre de la micro-entreprise, des start-up et de l\u2019\u00e9conomie de la connaissance sur la relance du dispositif de soutien \u00e0 l\u2019emploi des jeunes (ANSEJ par le biais du programme RESTART. \u00ab\u00a0Le programme \u00ab\u00a0RESTART\u00a0\u00bb a pour but d\u2019apporter une meilleure visibilit\u00e9 sur l\u2019\u00e9tat des projets soutenus par le programme ANSEJ \u00e0 travers un diagnostic rigoureux du dispositif, des b\u00e9n\u00e9ficiaires et des r\u00e9sultats enregistr\u00e9s\u00a0\u00bb.\u00a0 Le communiqu\u00e9 a pr\u00e9cis\u00e9 que \u00ab\u00a0Les principaux objectifs attendus de ce programme visent \u00e0\u00a0corriger les dysfonctionnements constat\u00e9s, appuyer et encourager les micro-entreprises qui ont honor\u00e9 leurs engagements envers le dispositif ANSEJ et envers les banques et relancer les promoteurs en cessation d\u2019activit\u00e9\u00a0\u00bb, a conclu le communiqu\u00e9.<\/p>\n<p><strong>Neila B\/ R\u00e9daction Web<\/strong><\/p>\n<p>Auteur: elmoudjahid<br \/>\n<a href=\"http:\/\/www.elmoudjahid.com\/fr\/actualites\/152023\">Cliquez ici pour lire l&rsquo;article depuis sa source.<\/a><\/p>\n","protected":false},"excerpt":{"rendered":"<p>Ainsi, le premier ministre a examin\u00e9 lors de cette r\u00e9union deux projets de d\u00e9crets ex\u00e9cutifs relatifs au secteur de l\u2019int\u00e9rieur, des collectivit\u00e9s locales et de l\u2019am\u00e9nagement du territoire. Ainsi que le projet de d\u00e9cret ex\u00e9cutif relatif au secteur de la sant\u00e9, de la population et de la r\u00e9forme hospitali\u00e8re. Lors de cette r\u00e9union, le ministre [&hellip;]<\/p>\n","protected":false},"author":1744,"featured_media":0,"comment_status":"closed","ping_status":"closed","sticky":false,"template":"","format":"standard","meta":{"fifu_image_url":"","fifu_image_alt":"","footnotes":""},"categories":[73,53],"tags":[],"class_list":["post-83218","post","type-post","status-publish","format-standard","hentry","category-actualite","category-algerie"],"_links":{"self":[{"href":"https:\/\/linitiative.ca\/International\/wp-json\/wp\/v2\/posts\/83218","targetHints":{"allow":["GET"]}}],"collection":[{"href":"https:\/\/linitiative.ca\/International\/wp-json\/wp\/v2\/posts"}],"about":[{"href":"https:\/\/linitiative.ca\/International\/wp-json\/wp\/v2\/types\/post"}],"author":[{"embeddable":true,"href":"https:\/\/linitiative.ca\/International\/wp-json\/wp\/v2\/users\/1744"}],"replies":[{"embeddable":true,"href":"https:\/\/linitiative.ca\/International\/wp-json\/wp\/v2\/comments?post=83218"}],"version-history":[{"count":0,"href":"https:\/\/linitiative.ca\/International\/wp-json\/wp\/v2\/posts\/83218\/revisions"}],"wp:attachment":[{"href":"https:\/\/linitiative.ca\/International\/wp-json\/wp\/v2\/media?parent=83218"}],"wp:term":[{"taxonomy":"category","embeddable":true,"href":"https:\/\/linitiative.ca\/International\/wp-json\/wp\/v2\/categories?post=83218"},{"taxonomy":"post_tag","embeddable":true,"href":"https:\/\/linitiative.ca\/International\/wp-json\/wp\/v2\/tags?post=83218"}],"curies":[{"name":"wp","href":"https:\/\/api.w.org\/{rel}","templated":true}]}}