{"id":83219,"date":"2020-04-23T13:30:00","date_gmt":"2020-04-23T17:30:00","guid":{"rendered":"https:\/\/linitiative.ca\/International\/letat-soutient-puissamment-la-liberte-de-la-presse\/"},"modified":"2020-04-23T13:30:00","modified_gmt":"2020-04-23T17:30:00","slug":"letat-soutient-puissamment-la-liberte-de-la-presse","status":"publish","type":"post","link":"https:\/\/linitiative.ca\/International\/letat-soutient-puissamment-la-liberte-de-la-presse\/","title":{"rendered":"L\u2019Etat soutient \u00ab\u00a0puissamment\u00a0\u00bb la libert\u00e9 de la presse"},"content":{"rendered":"<p>\u00ab\u00a0Nulle part au monde, la libert\u00e9 de la presse n\u2019existe dans une forme absolue. Partout dans le monde, elle est corr\u00e9l\u00e9e, \u00e0 des degr\u00e9s divers, \u00e0 la notion de responsabilit\u00e9\u00a0\u00bb, a-t-il dit, ajoutant que \u00ab\u00a0le niveau de cette\u00a0libert\u00e9 d\u00e9pend aussi des facilitations qui sont accord\u00e9es pour favoriser son \u00e9panouissement\u00a0\u00bb.<\/p>\n<p>Partout dans le monde, a assur\u00e9 le ministre de la Communication, sous les divers \u00ab\u00a0r\u00e9gimes politiques\u00a0\u00bb, le d\u00e9bat entre la morale de la conviction du journaliste et la morale de sa responsabilit\u00e9 est \u00ab\u00a0in\u00e9puisable\u00a0\u00bb, relevant que dans tous les pays du monde, la libert\u00e9 de la presse \u00ab\u00a0n\u2019est pas un alibi pour l\u2019irresponsabilit\u00e9 individuelle\u00a0\u00bb.<\/p>\n<p>Pourtant, pour \u00ab\u00a0certaines ONG rarement d\u00e9sint\u00e9ress\u00e9es et ayant pour profession de foi et pour m\u00e9tier la d\u00e9fense de la libert\u00e9 de la presse, l\u2019Alg\u00e9rie est curieusement le barom\u00e8tre privil\u00e9gi\u00e9 de leur surveillance du\u00a0niveau de respect de cette libert\u00e9 dans le monde\u00a0\u00bb, a assur\u00e9 le ministre.<\/p>\n<p>Pour lui, certains pays manquent \u00ab\u00a0curieusement et souvent\u00a0\u00bb \u00e0 l\u2019appel alors qu\u2019ils ne comptabilisent qu\u2019un nombre \u00ab\u00a0insignifiant\u00a0\u00bb de titres au demeurant \u00ab\u00a0sous influence directe des services secrets\u00a0\u00bb.<\/p>\n<p>\u00ab\u00a0On n\u2019y voit, et toujours avec l\u2019effet de loupe et l\u2019effet d\u2019optique, que les insuffisances et les entraves objectives ou subjectives. Rarement, pour ne pas dire jamais, les facteurs favorables \u00e0 son d\u00e9veloppement et son \u00e9panouissement\u00a0\u00bb, a-t-il observ\u00e9.<\/p>\n<p>\u00ab\u00a0Comme, par exemple, les aides multiformes, directes ou indirectes, fournies par les pouvoirs publics depuis l\u2019av\u00e8nement de la presse priv\u00e9e en 1990 \u00e0 la presse \u00e9crite dont le nombre s\u2019\u00e9l\u00e8ve \u00e0 ce jour \u00e0 162 quotidiens g\u00e9n\u00e9ralistes et sp\u00e9cialis\u00e9s, 60 hebdomadaires g\u00e9n\u00e9ralistes et sp\u00e9cialis\u00e9s et 96 mensuels en langues arabe et fran\u00e7aise\u00a0\u00bb, a-t-il appuy\u00e9, ajoutant que \u00ab\u00a0sans compter les 116 titres institutionnels. Avec un total de 530 titres toute p\u00e9riodicit\u00e9, tout type et toutes langues confondues\u00a0\u00bb.<\/p>\n<p>Cette aide, a-t-il poursuivi, est mobilis\u00e9e depuis cette date sous forme d\u2019assistance \u00ab\u00a0tr\u00e8s avantageuse\u00a0\u00bb en mati\u00e8re d\u2019impression, relevant que le prix du papier journal import\u00e9 est \u00ab\u00a0soutenu par l\u2019Etat \u00e0 hauteur de 40% alors que le prix de base d\u2019impression des journaux est toujours fix\u00e9 \u00e0 5,50 DA, prix qui fluctue\u00a0l\u00e9g\u00e8rement et \u00e0 la hausse en fonction de la surface consacr\u00e9e \u00e0 la couleur\u00a0\u00bb.<\/p>\n<p>A noter aussi que beaucoup de journaux \u00ab\u00a0ne payent pas leurs factures d\u2019impression, certains ayant \u00e0 ce jour des arri\u00e9r\u00e9s d\u2019impay\u00e9s faramineux !\u00a0\u00bb s&rsquo;est-il \u00e9tonn\u00e9.<\/p>\n<p>Et pourtant, l\u2019Etat, au del\u00e0 des lois du march\u00e9, a fait le choix de \u00ab\u00a0ne pas \u00e9touffer\u00a0\u00bb les journaux \u00ab\u00a0lourdement\u00a0\u00bb endett\u00e9s et a m\u00eame continu\u00e9 \u00e0 les soutenir, au m\u00eame titre que les autres journaux, en leur accordant le b\u00e9n\u00e9fice de la publicit\u00e9 publique, dans \u00ab\u00a0le seul but de laisser vivre ou survivre\u00a0\u00bb la presse nationale et \u00ab\u00a0de ne lui faire subir que la seule sanction\u00a0\u00bb de l\u2019audience et du lectorat, a-t-il expliqu\u00e9.<\/p>\n<p>Pour lui, l\u2019aide \u00ab\u00a0g\u00e9n\u00e9reuse\u00a0\u00bb de l\u2019Etat s\u2019exprime aussi \u00e0 travers la publicit\u00e9 publique qui repr\u00e9sente environ 70 % du march\u00e9 publicitaire national en raison de la \u00ab\u00a0part pr\u00e9\u00e9minente\u00a0\u00bb de la commande publique dans\u00a0l\u2019offre de services de communication\u00a0\u00bb, a-t-il relev\u00e9.<\/p>\n<blockquote readability=\"11\">\n<p>Cette aide a, certes, fait l\u2019objet de \u00ab\u00a0v\u00e9ritables\u00a0\u00bb entreprises de captation et d\u2019actions \u00ab\u00a0syst\u00e9matiques de d\u00e9tournement par des r\u00e9seaux affairistes transversaux et complexes qui n\u2019\u00e9chapperont pas \u00e0\u00a0l\u2019assainissement engag\u00e9 dans le cadre des chantiers de r\u00e9forme globale du secteur\u00a0\u00bb, a-t-il dit.<\/p>\n<\/blockquote>\n<p>En d\u00e9pit de cet \u00e9tat de fait d\u00e9plorable, l\u2019Etat, via l\u2019agence nationale ANEP, qui est actuellement en cours de \u00ab\u00a0reprise en mains, d\u2019assainissement et de relance \u00e9conomique\u00a0\u00bb, a continu\u00e9 \u00e0 maintenir la presse publique et priv\u00e9e \u00ab\u00a0sous perfusion\u00a0\u00bb financi\u00e8re dans l\u2019unique objectif de ne pas \u00ab\u00a0compromettre\u00a0\u00bb leur existence et leur permettre de jouer leur r\u00f4le d\u2019espaces de service public et de contribution au pluralisme et \u00e0 la culture d\u00e9mocratiques, a-t-il fait savoir.<\/p>\n<p>Pour le ministre de la Communication, le soutien de l\u2019Etat est d\u00e9clin\u00e9 par ailleurs sous la forme de locaux lou\u00e9s \u00ab\u00a0g\u00e9n\u00e9reusement \u00e0 l\u2019\u00e9crasante\u00a0\u00bb majorit\u00e9 des titres dans plusieurs villes du pays \u00e0 raison de \u00ab\u00a0la modique\u00a0\u00bb somme de 200 DA le m\u00e8tre carr\u00e9, sans compter les frais de consommation d\u2019eau, de gaz et d\u2019\u00e9lectricit\u00e9 que les occupants des lieux n\u2019ont pas pay\u00e9s durant plus d\u2019une vingtaine d\u2019ann\u00e9es.<\/p>\n<p>De 1990 \u00e0 2010, a-t-il ajout\u00e9, le prix du m\u00e8tre carr\u00e9 \u00e9tait de \u00ab\u00a0seulement\u00a0\u00bb 80 dinars et alors m\u00eame que beaucoup de journaux, y compris certains titres qui avaient alors une sant\u00e9 financi\u00e8re \u00ab\u00a0florissante\u00a0\u00bb, ne\u00a0s\u2019acquittaient pas du prix de la location ou attendaient de longs mois pour \u00eatre \u00e0 jour.<\/p>\n<p>Cette aide polymorphe de l\u2019Etat, a-t-il relev\u00e9, certaines ONG comme l\u2019organisation RSF fran\u00e7aise, \u00ab\u00a0ne la voient pas ou feignent de l\u2019ignorer\u00a0\u00bb, ajoutant que de m\u00eame que sur les 8000 journalistes que compte la profession qui \u00ab\u00a0ne souffrent\u00a0\u00bb pas d\u2019ailleurs de conditions de travail et de libert\u00e9 \u00ab\u00a0r\u00e9dhibitoires\u00a0\u00bb par rapport \u00e0 bien d\u2019autres pays dans le monde, \u00ab\u00a0on ne met en avant que trois ou quatre journalistes en vue\u00a0\u00bb.<\/p>\n<p>\u00ab\u00a0Toujours les m\u00eames d\u2019ailleurs, pour mieux en faire des martyrs de la libert\u00e9 de l\u2019information. Alors m\u00eame que ces journalistes, en r\u00e9alit\u00e9s des activistes et des professionnels de la subversion, sont distingu\u00e9s en\u00a0raison de leurs attaques acharn\u00e9es contre les symboles de l\u2019Etat alg\u00e9rien\u00a0\u00bb, a-t-il soulign\u00e9.<\/p>\n<p>Pour lui, \u00ab\u00a0ce sont ces m\u00eames journalistes sous protection permanente de puissances \u00e9trang\u00e8res que RSF d\u00e9fend inlassablement, certains \u00e9tant des correspondants attitr\u00e9s\u00a0\u00bb.<\/p>\n<p>\u00ab\u00a0Son intervention va jusqu\u2019\u00e0 simuler des atteintes \u00e0 la liert\u00e9 d\u2019expression, comme ce fut r\u00e9cemment le cas de l\u2019affaire du site Interlignes. Intervention paradoxalement synchronis\u00e9e avec le quotidien sioniste Jerusalem Post et d\u2019autre relais, a-t-il r\u00e9v\u00e9l\u00e9.<\/p>\n<p>Ce dernier n\u2019a pas \u00e9t\u00e9 censur\u00e9 ou bloqu\u00e9 d\u2019acc\u00e8s\u00a0\u00a0\u00a0\u00a0\u00a0\u00a0\u00a0\u00a0\u00a0\u00a0\u00a0<\/p>\n<p>\u00ab\u00a0Nous supposons qu\u2019il a \u00e9t\u00e9 stopp\u00e9 volontairement par ses propri\u00e9taires, un acte pr\u00e9sent\u00e9 comme une censure afin de b\u00e9n\u00e9ficier de plus d\u2019exposition m\u00e9diatique et ce, \u00e0 quelques jours de la date du 3 mai, +journ\u00e9e mondiale de la libert\u00e9 de la presse+\u00a0\u00bb, a-t-il dit<\/p>\n<p>Il a ajout\u00e9 que cette strat\u00e9gie d\u2019association avait pour \u00ab\u00a0seul but\u00a0\u00bb de faire profiter la marque \u00ab\u00a0Interlignes\u00a0\u00bb d\u2019une \u00ab\u00a0grande\u00a0\u00bb exposition m\u00e9diatique dans les parutions de presse et sur les r\u00e9seaux sociaux.<\/p>\n<p>Cette technique marketing connue, a-t-il affirm\u00e9, dans la profession se base sur \u00ab\u00a0l\u2019incr\u00e9mentation et l\u2019indexation\u00a0\u00bb des moteurs de recherche, permettant un renforcement de l\u2019audience jusqu\u2019\u00e0 quatre fois plus, ajoutant que \u00ab\u00a0ce qui permet \u00e0 la marque d\u2019\u00eatre plus demand\u00e9e par les moteurs de recherche et donc, au final, \u00eatre mieux class\u00e9e sur Internet\u00a0\u00bb.<\/p>\n<p>Pour lui, ce classement \u00ab\u00a0sup\u00e9rieur est valoris\u00e9 en fr\u00e9quentation plus forte et, donc, en revenus publicitaires plus \u00e9lev\u00e9s \u00e0 la fin de la crise suppos\u00e9e\u00a0\u00bb.<\/p>\n<p>\u00ab\u00a0Revenons \u00e0 RSF dont nombre d\u2019adh\u00e9rents forcent le respect pour leur engagement sinc\u00e8re et d\u00e9sint\u00e9ress\u00e9 pour la d\u00e9fense de la libert\u00e9 de la presse. Cette m\u00eame organisation de Reporters sans fronti\u00e8res qui ne d\u00e9fend pas avec la m\u00eame \u00e9nergie et avec la m\u00eame constance d\u2019autres journalistes<\/p>\n<p>respectables dans d\u2019autres pays, notamment arabes ou africains, alors m\u00eame qu\u2019ils sont b\u00e2illonn\u00e9s et r\u00e9ellement harcel\u00e9s\u00a0\u00bb, a-t-il d\u00e9plor\u00e9.<\/p>\n<p>\u00ab\u00a0On sait que RSF, bien que ce soit une ONG, est un \u00e9l\u00e9ment de la chaine d\u2019expression du soft power fran\u00e7ais \u00e0 travers le monde\u00a0\u00bb, a-t-il soutenu.<\/p>\n<p>Elle (RSF) \u00ab\u00a0b\u00e9n\u00e9ficie\u00a0\u00bb, d\u2019ailleurs, du soutien, sous une forme ou sous une autre de l\u2019AFD, l\u2019Agence fran\u00e7aise de d\u00e9veloppement, de TV5 et de TV5 Monde, chaines de l\u2019Audiovisuel ext\u00e9rieur fran\u00e7ais, de Radio France, de la Fondation de France, de l\u2019entreprise publique EDF, du minist\u00e8re de la\u00a0Culture, du Conseil de l\u2019Europe, de l\u2019Instrument europ\u00e9en pour la d\u00e9mocratie et des droits de l\u2019Homme (IEDDH) et, aux Etats Unis, de la Fondation Ford, de l\u2019American Express et, surtout, de la NED, la fameuse National endowment for democracy, \u00ab\u00a0le cheval de Troie par excellence des r\u00e9volutions color\u00e9es dans le monde, Maghreb et monde arabe en premi\u00e8re ligne\u00a0\u00bb, a-t-il dit.<\/p>\n<p>\u00ab\u00a0Sont autant d\u2019attaches qui ont permis \u00e0 un fils et petit-fils de colon qui ont fait couler le sang des Alg\u00e9riens dans la Mitidja d\u2019acc\u00e9der \u00e0 sa pr\u00e9sidence, avant de terminer comme maire d\u2019extr\u00eame-droite d\u2019une commune fran\u00e7aise et agent d\u2019influence d\u2019une petite p\u00e9tro-monarchie\u00a0\u00bb, a-t-il conclu.<\/p>\n<p>Auteur: elmoudjahid<br \/>\n<a href=\"http:\/\/www.elmoudjahid.com\/fr\/actualites\/152025\">Cliquez ici pour lire l&rsquo;article depuis sa source.<\/a><\/p>\n","protected":false},"excerpt":{"rendered":"<p>\u00ab\u00a0Nulle part au monde, la libert\u00e9 de la presse n\u2019existe dans une forme absolue. Partout dans le monde, elle est corr\u00e9l\u00e9e, \u00e0 des degr\u00e9s divers, \u00e0 la notion de responsabilit\u00e9\u00a0\u00bb, a-t-il dit, ajoutant que \u00ab\u00a0le niveau de cette\u00a0libert\u00e9 d\u00e9pend aussi des facilitations qui sont accord\u00e9es pour favoriser son \u00e9panouissement\u00a0\u00bb. Partout dans le monde, a assur\u00e9 [&hellip;]<\/p>\n","protected":false},"author":1744,"featured_media":0,"comment_status":"closed","ping_status":"closed","sticky":false,"template":"","format":"standard","meta":{"fifu_image_url":"","fifu_image_alt":"","footnotes":""},"categories":[73,53],"tags":[],"class_list":["post-83219","post","type-post","status-publish","format-standard","hentry","category-actualite","category-algerie"],"_links":{"self":[{"href":"https:\/\/linitiative.ca\/International\/wp-json\/wp\/v2\/posts\/83219","targetHints":{"allow":["GET"]}}],"collection":[{"href":"https:\/\/linitiative.ca\/International\/wp-json\/wp\/v2\/posts"}],"about":[{"href":"https:\/\/linitiative.ca\/International\/wp-json\/wp\/v2\/types\/post"}],"author":[{"embeddable":true,"href":"https:\/\/linitiative.ca\/International\/wp-json\/wp\/v2\/users\/1744"}],"replies":[{"embeddable":true,"href":"https:\/\/linitiative.ca\/International\/wp-json\/wp\/v2\/comments?post=83219"}],"version-history":[{"count":0,"href":"https:\/\/linitiative.ca\/International\/wp-json\/wp\/v2\/posts\/83219\/revisions"}],"wp:attachment":[{"href":"https:\/\/linitiative.ca\/International\/wp-json\/wp\/v2\/media?parent=83219"}],"wp:term":[{"taxonomy":"category","embeddable":true,"href":"https:\/\/linitiative.ca\/International\/wp-json\/wp\/v2\/categories?post=83219"},{"taxonomy":"post_tag","embeddable":true,"href":"https:\/\/linitiative.ca\/International\/wp-json\/wp\/v2\/tags?post=83219"}],"curies":[{"name":"wp","href":"https:\/\/api.w.org\/{rel}","templated":true}]}}