{"id":83220,"date":"2020-04-23T07:30:46","date_gmt":"2020-04-23T11:30:46","guid":{"rendered":"https:\/\/linitiative.ca\/International\/104330-les-jo-de-tokyo-ne-pourront-pas-etre-de-nouveau-reportes\/"},"modified":"2020-04-23T07:30:46","modified_gmt":"2020-04-23T11:30:46","slug":"104330-les-jo-de-tokyo-ne-pourront-pas-etre-de-nouveau-reportes","status":"publish","type":"post","link":"https:\/\/linitiative.ca\/International\/104330-les-jo-de-tokyo-ne-pourront-pas-etre-de-nouveau-reportes\/","title":{"rendered":"Les JO de Tokyo ne pourront pas \u00eatre de nouveau report\u00e9s"},"content":{"rendered":"<div readability=\"37\">\n<p><strong>TOKYO &#8211; Les Jeux olympiques de Tokyo, report\u00e9s \u00e0 l&rsquo;\u00e9t\u00e9 2021 \u00e0 cause de la pand\u00e9mie de Covid-19, ne pourront pas \u00eatre repouss\u00e9s au-del\u00e0, a pr\u00e9venu jeudi le pr\u00e9sident du comit\u00e9 d&rsquo;organisation de la comp\u00e9tition dans une interview.<\/strong><\/p>\n<\/div>\n<div readability=\"68.2114228457\">\n<p>Le pr\u00e9sident Yoshiro Mori a estim\u00e9 qu&rsquo;il n&rsquo;y avait \u00ab\u00a0aucune\u00a0\u00bb chance que les Jeux olympiques et paralympiques puissent \u00eatre report\u00e9s au-del\u00e0 de la date d\u00e9sormais pr\u00e9vue, avec une ouverture le 23 juillet 2021, selon des propos rapport\u00e9s par l&rsquo;agence de presse japonaise Kyodo News.<\/p>\n<p>\u00ab\u00a0En pensant tant aux athl\u00e8tes qu&rsquo;aux probl\u00e8mes pour l&rsquo;organisation, il est techniquement difficile de reporter de deux ans\u00a0\u00bb, a assur\u00e9 Mori.<\/p>\n<blockquote readability=\"9\">\n<p><em><strong>Le pr\u00e9sident du comit\u00e9 d&rsquo;organisation a pr\u00e9cis\u00e9 que la question d&rsquo;un report de deux ans avait \u00e9t\u00e9 initialement pos\u00e9e au Premier ministre japonais, Shinzo Abe, mais ce dernier \u00ab\u00a0a d\u00e9cid\u00e9 que la voie \u00e0 suivre \u00e9tait un report d&rsquo;un an\u00a0\u00bb.<\/strong><\/em><\/p>\n<\/blockquote>\n<p>Apr\u00e8s avoir assur\u00e9 pendant plusieurs semaines que les Jeux de Tokyo se tiendraient en temps et en heure, le Japon et le Comit\u00e9 international olympique (CIO) s&rsquo;\u00e9taient r\u00e9solus fin mars \u00e0 reporter d&rsquo;un an les JO, sous la pression des athl\u00e8tes et des associations sportives de diff\u00e9rents pays.<\/p>\n<hr\/>\n<h3>Lire aussi:\u00a0<a href=\"http:\/\/www.aps.dz\/sport\/103394-coronavirus-les-jeux-olympiques-de-tokyo-reportes\" target=\"_blank\" rel=\"noopener noreferrer\">Coronavirus: les Jeux olympiques de Tokyo report\u00e9s<\/a><\/h3>\n<hr\/>\n<blockquote readability=\"11\">\n<p><em><strong>\u00ab\u00a0Honn\u00eatement, je ne pense pas qu&rsquo;il soit probable que les Jeux olympiques aient lieu l&rsquo;an prochain\u00a0\u00bb, avait d\u00e9clar\u00e9 lundi Kentaro Iwata, professeur au d\u00e9partement des maladies infectieuses de l&rsquo;universit\u00e9 de Kobe (Ouest), au cours d&rsquo;une conf\u00e9rence de presse en ligne.<\/strong><\/em><\/p>\n<\/blockquote>\n<p>La bonne tenue de la grand-messe du sport mondial n\u00e9cessiterait que non seulement le Japon mais \u00e9galement le reste du monde soient venus \u00e0 bout de la maladie d&rsquo;ici l\u00e0, avait-il insist\u00e9.<\/p>\n<p>Le report des Jeux repr\u00e9sente un immense d\u00e9fi logistique pour les organisateurs et devrait entra\u00eener d&rsquo;importants co\u00fbts suppl\u00e9mentaires, dont la r\u00e9partition entre le comit\u00e9 d&rsquo;organisation et le CIO n&rsquo;a pas encore \u00e9t\u00e9 d\u00e9cid\u00e9e.<\/p>\n<p>Yoshiro Mori, cit\u00e9 par Kyodo News, a notamment estim\u00e9 que les c\u00e9r\u00e9monies d&rsquo;ouverture et de cl\u00f4ture pourraient \u00eatre \u00ab\u00a0drastiquement revues\u00a0\u00bb afin d&rsquo;en r\u00e9duire les co\u00fbts, ajoutant qu&rsquo;elles devraient int\u00e9grer un message en rapport avec la crise actuelle.<\/p>\n<\/div>\n<p>Auteur:<br \/>\n<a href=\"http:\/\/www.aps.dz\/sport\/104330-les-jo-de-tokyo-ne-pourront-pas-etre-de-nouveau-reportes?utm_source=feedburner&#038;utm_medium=feed&#038;utm_campaign=Feed%3A+aps-sport+%28APS+-+SPORT%29\">Cliquez ici pour lire l&rsquo;article depuis sa source.<\/a><\/p>\n","protected":false},"excerpt":{"rendered":"<p>TOKYO &#8211; Les Jeux olympiques de Tokyo, report\u00e9s \u00e0 l&rsquo;\u00e9t\u00e9 2021 \u00e0 cause de la pand\u00e9mie de Covid-19, ne pourront pas \u00eatre repouss\u00e9s au-del\u00e0, a pr\u00e9venu jeudi le pr\u00e9sident du comit\u00e9 d&rsquo;organisation de la comp\u00e9tition dans une interview. Le pr\u00e9sident Yoshiro Mori a estim\u00e9 qu&rsquo;il n&rsquo;y avait \u00ab\u00a0aucune\u00a0\u00bb chance que les Jeux olympiques et paralympiques [&hellip;]<\/p>\n","protected":false},"author":1790,"featured_media":0,"comment_status":"closed","ping_status":"closed","sticky":false,"template":"","format":"standard","meta":{"fifu_image_url":"","fifu_image_alt":"","footnotes":""},"categories":[53,75],"tags":[],"class_list":["post-83220","post","type-post","status-publish","format-standard","hentry","category-algerie","category-sport"],"_links":{"self":[{"href":"https:\/\/linitiative.ca\/International\/wp-json\/wp\/v2\/posts\/83220","targetHints":{"allow":["GET"]}}],"collection":[{"href":"https:\/\/linitiative.ca\/International\/wp-json\/wp\/v2\/posts"}],"about":[{"href":"https:\/\/linitiative.ca\/International\/wp-json\/wp\/v2\/types\/post"}],"author":[{"embeddable":true,"href":"https:\/\/linitiative.ca\/International\/wp-json\/wp\/v2\/users\/1790"}],"replies":[{"embeddable":true,"href":"https:\/\/linitiative.ca\/International\/wp-json\/wp\/v2\/comments?post=83220"}],"version-history":[{"count":0,"href":"https:\/\/linitiative.ca\/International\/wp-json\/wp\/v2\/posts\/83220\/revisions"}],"wp:attachment":[{"href":"https:\/\/linitiative.ca\/International\/wp-json\/wp\/v2\/media?parent=83220"}],"wp:term":[{"taxonomy":"category","embeddable":true,"href":"https:\/\/linitiative.ca\/International\/wp-json\/wp\/v2\/categories?post=83220"},{"taxonomy":"post_tag","embeddable":true,"href":"https:\/\/linitiative.ca\/International\/wp-json\/wp\/v2\/tags?post=83220"}],"curies":[{"name":"wp","href":"https:\/\/api.w.org\/{rel}","templated":true}]}}