{"id":83222,"date":"2020-04-23T08:53:14","date_gmt":"2020-04-23T12:53:14","guid":{"rendered":"https:\/\/linitiative.ca\/International\/104338-karate-do-le-club-d-amirzour-espere-plus-de-moyens\/"},"modified":"2020-04-23T08:53:14","modified_gmt":"2020-04-23T12:53:14","slug":"104338-karate-do-le-club-d-amirzour-espere-plus-de-moyens","status":"publish","type":"post","link":"https:\/\/linitiative.ca\/International\/104338-karate-do-le-club-d-amirzour-espere-plus-de-moyens\/","title":{"rendered":"Karat\u00e9 do: le club d&rsquo;Amirzour esp\u00e8re plus de moyens"},"content":{"rendered":"<div readability=\"37\">\n<p><strong>ALGER &#8211; Le Karat\u00e9 Club d&rsquo;Amizour, relevant de la Ligue de Wilaya de Bouira, esp\u00e8re b\u00e9n\u00e9ficier d&rsquo;un peu plus de moyens \u00e0 l&rsquo;avenir, pour mettre ses athl\u00e8tes dans de bonnes conditions et leur permettre ainsi de mieux repr\u00e9senter la r\u00e9gion lors des diff\u00e9rentes comp\u00e9titions nationales.<\/strong><\/p>\n<\/div>\n<div readability=\"94\">\n<p>\u00ab\u00a0La subvention que nous accorde annuellement la Direction de la Jeunesse et des Sports de Bouira est de seulement 50.000 DA\u00a0\u00bb a commenc\u00e9 par mettre en \u00e9vidence le pr\u00e9sident du club, Moussa Saouli, lors d&rsquo;un entretien accord\u00e9 \u00e0 l&rsquo;APS.<\/p>\n<p>\u00ab\u00a0A ce manque flagrant de moyens financiers s&rsquo;ajoute le piteux \u00e9tat dans lequel se trouve notre salle d&rsquo;entra\u00eenement, qui tombe litt\u00e9ralement en ruine, sans parler du tapis, devenu impraticable \u00e0 cause de l&rsquo;usure du temps\u00a0\u00bb a-t-il poursuivi.<\/p>\n<blockquote readability=\"9\">\n<p><em><strong>\u00ab\u00a0Le club ne survit que gr\u00e2ce \u00e0 l&rsquo;apport de ses dirigeants, qui cotisent r\u00e9guli\u00e8rement pour faire face aux d\u00e9penses qui se pr\u00e9sentent, comme lorsqu&rsquo;il s&rsquo;agit de se d\u00e9placer dans une autre ville pour disputer une comp\u00e9tition nationale\u00a0\u00bb a-t-il pr\u00e9cis\u00e9.<\/strong><\/em><\/p>\n<\/blockquote>\n<p>\u00ab\u00a0Malgr\u00e9 toutes ces conditions d\u00e9favorables, nos athl\u00e8tes n&rsquo;ont rien perdu de leur motivation, particuli\u00e8rement ceux de notre \u00e9lite, qui sont au nombre de 45, et qui ont d\u00e9j\u00e0 dignement repr\u00e9sent\u00e9 la r\u00e9gion\u00a0\u00bb, selon Saouli.<\/p>\n<p>En effet, le Karat\u00e9 Club d&rsquo;Amizour figure actuellement parmi les dix meilleures formations nationales, suivant le classement annuel de la F\u00e9d\u00e9ration alg\u00e9rienne de la discipline (FAK), sans parler des titres individuels et collectifs qu&rsquo;\u00e0 d\u00e9j\u00e0 remport\u00e9 en championnat.<\/p>\n<p>Le dernier titre en date a \u00e9t\u00e9 remport\u00e9 par Alae Salmi, lors du Championnat national 2020, disput\u00e9 \u00e0 la salle Harcha-Hacene d&rsquo;Alger, o\u00f9 il avait glan\u00e9 une m\u00e9daille d&rsquo;or chez les moins de 60 kg, alors que deux de ses co\u00e9quipiers s&rsquo;\u00e9taient content\u00e9s du bronze.<\/p>\n<p>L&rsquo;ann\u00e9e d&rsquo;avant, pendant le Championnat national de 2019, le club d&rsquo;Amizour avait rafl\u00e9 six m\u00e9dailles, dont une en or, aux \u00e9preuves du \u00ab\u00a0par \u00e9quipes\u00a0\u00bb. Toujours selon Saouli, \u00ab\u00a0le club se porte bien m\u00eame au niveau des jeunes, n\u00e9s entre 2005 et 2007, puisque certains sont en voie d&rsquo;int\u00e9grer les rangs de la s\u00e9lection nationale, ou y sont d\u00e9j\u00e0, comme c&rsquo;est le cas pour deux \u00e9l\u00e9ments, en -52 et -57 kg.<\/p>\n<p>Le Karat\u00e9 Club d&rsquo;Amizour a \u00e9t\u00e9 fond\u00e9 en 1994 et il compte aujourd&rsquo;hui pas moins de 600 adh\u00e9rents, toutes cat\u00e9gories d&rsquo;\u00e2ge, gar\u00e7ons et filles. Selon Saouli, il existe un tr\u00e8s gros potentiel technique dans la r\u00e9gion, et il suffit de le prendre un peu mieux en charge pour qu&rsquo;il d\u00e9montre l&rsquo;\u00e9tendue de son talent.<\/p>\n<\/div>\n<p>Auteur:<br \/>\n<a href=\"http:\/\/www.aps.dz\/sport\/104338-karate-do-le-club-d-amirzour-espere-plus-de-moyens?utm_source=feedburner&#038;utm_medium=feed&#038;utm_campaign=Feed%3A+aps-sport+%28APS+-+SPORT%29\">Cliquez ici pour lire l&rsquo;article depuis sa source.<\/a><\/p>\n","protected":false},"excerpt":{"rendered":"<p>ALGER &#8211; Le Karat\u00e9 Club d&rsquo;Amizour, relevant de la Ligue de Wilaya de Bouira, esp\u00e8re b\u00e9n\u00e9ficier d&rsquo;un peu plus de moyens \u00e0 l&rsquo;avenir, pour mettre ses athl\u00e8tes dans de bonnes conditions et leur permettre ainsi de mieux repr\u00e9senter la r\u00e9gion lors des diff\u00e9rentes comp\u00e9titions nationales. \u00ab\u00a0La subvention que nous accorde annuellement la Direction de la [&hellip;]<\/p>\n","protected":false},"author":1790,"featured_media":0,"comment_status":"closed","ping_status":"closed","sticky":false,"template":"","format":"standard","meta":{"fifu_image_url":"","fifu_image_alt":"","footnotes":""},"categories":[53,75],"tags":[],"class_list":["post-83222","post","type-post","status-publish","format-standard","hentry","category-algerie","category-sport"],"_links":{"self":[{"href":"https:\/\/linitiative.ca\/International\/wp-json\/wp\/v2\/posts\/83222","targetHints":{"allow":["GET"]}}],"collection":[{"href":"https:\/\/linitiative.ca\/International\/wp-json\/wp\/v2\/posts"}],"about":[{"href":"https:\/\/linitiative.ca\/International\/wp-json\/wp\/v2\/types\/post"}],"author":[{"embeddable":true,"href":"https:\/\/linitiative.ca\/International\/wp-json\/wp\/v2\/users\/1790"}],"replies":[{"embeddable":true,"href":"https:\/\/linitiative.ca\/International\/wp-json\/wp\/v2\/comments?post=83222"}],"version-history":[{"count":0,"href":"https:\/\/linitiative.ca\/International\/wp-json\/wp\/v2\/posts\/83222\/revisions"}],"wp:attachment":[{"href":"https:\/\/linitiative.ca\/International\/wp-json\/wp\/v2\/media?parent=83222"}],"wp:term":[{"taxonomy":"category","embeddable":true,"href":"https:\/\/linitiative.ca\/International\/wp-json\/wp\/v2\/categories?post=83222"},{"taxonomy":"post_tag","embeddable":true,"href":"https:\/\/linitiative.ca\/International\/wp-json\/wp\/v2\/tags?post=83222"}],"curies":[{"name":"wp","href":"https:\/\/api.w.org\/{rel}","templated":true}]}}