{"id":83224,"date":"2020-04-22T17:00:05","date_gmt":"2020-04-22T21:00:05","guid":{"rendered":"https:\/\/linitiative.ca\/International\/coronavirus-2910-cas-confirmes-et-402-deces-en-algerie\/"},"modified":"2020-04-22T17:00:05","modified_gmt":"2020-04-22T21:00:05","slug":"coronavirus-2910-cas-confirmes-et-402-deces-en-algerie","status":"publish","type":"post","link":"https:\/\/linitiative.ca\/International\/coronavirus-2910-cas-confirmes-et-402-deces-en-algerie\/","title":{"rendered":"Coronavirus : 2910 cas confirm\u00e9s et 402 d\u00e9c\u00e8s en Alg\u00e9rie"},"content":{"rendered":"<p><br class=\"autobr\"\/><strong>99 nouveaux cas confirm\u00e9s de coronavirus (Covid-19) et huit 10 nouveaux d\u00e9c\u00e8s ont \u00e9t\u00e9 enregistr\u00e9s en Alg\u00e9rie lors des derni\u00e8res 24 heures, portant ainsi le nombre de cas confirm\u00e9s \u00e0 2910 et celui des d\u00e9c\u00e8s \u00e0 402, a indiqu\u00e9 mercredi le porte-parole du Comit\u00e9 scientifique de suivi de l\u2019\u00e9volution de la pand\u00e9mie du Coronavirus, Djamel Fourar.<\/strong><\/p>\n<p><br class=\"autobr\"\/><br \/>\nIntervenant lors du point de presse quotidien consacr\u00e9 \u00e0 l\u2019\u00e9volution de la pand\u00e9mie, Dr Fourar a pr\u00e9cis\u00e9 que le nombre des personnes gu\u00e9ries a encore progress\u00e9 pour atteindre 1204, dont 52 lors des derni\u00e8res 24 heures.<\/p>\n<p><br class=\"autobr\"\/><br \/>\nConcernant les tranches d\u2019\u00e2ge de l\u2019ensemble des cas confirm\u00e9s, le porte-parole du Comit\u00e9 scientifique de suivi de l\u2019\u00e9volution de l\u2019\u00e9pid\u00e9mie a fait savoir que les personnes \u00e2g\u00e9es entre 25 ans et 60 ans en repr\u00e9sentaient 59\u00a0%, alors que les 60 ans et plus en repr\u00e9sentaient 37\u00a0%.<br \/>Il a \u00e9galement pr\u00e9cis\u00e9 que le nombre de patients sous traitement \u00e9taient de 4852 , dont 1742 cas confirm\u00e9s par analyses de laboratoire et 3110 cas suspects diagnostiqu\u00e9s par radiologie et scanner, alors que 28 patients sont en soins intensifs.<\/p>\n<p><br class=\"autobr\"\/><br \/>\nIl a aussi fait savoir que dans 20 wilayas aucun cas n\u2019a \u00e9t\u00e9 enregistr\u00e9 ce mercredi, tandis que dans 19 autres wilayas entre 1 et 3 nouveaux cas ont \u00e9t\u00e9 comptabilis\u00e9s et dans 8 autres plus de 4 cas.<br \/>Les wilayas de Adrar, Tiaret, Constantine et S\u00e9tif ont enregistr\u00e9 le plus grand nombre de cas confirm\u00e9s lors des derni\u00e8res 24 heures en raison du non-respect des mesures du confinement.<\/p>\n<p><br class=\"autobr\"\/><br \/>\n\u00a0<\/p>\n<p>Auteur: Boudjedri<br \/>\n<a href=\"http:\/\/www.jeune-independant.net\/Coronavirus-93-nouveaux-cas.html\">Cliquez ici pour lire l&rsquo;article depuis sa source.<\/a><\/p>\n","protected":false},"excerpt":{"rendered":"<p>99 nouveaux cas confirm\u00e9s de coronavirus (Covid-19) et huit 10 nouveaux d\u00e9c\u00e8s ont \u00e9t\u00e9 enregistr\u00e9s en Alg\u00e9rie lors des derni\u00e8res 24 heures, portant ainsi le nombre de cas confirm\u00e9s \u00e0 2910 et celui des d\u00e9c\u00e8s \u00e0 402, a indiqu\u00e9 mercredi le porte-parole du Comit\u00e9 scientifique de suivi de l\u2019\u00e9volution de la pand\u00e9mie du Coronavirus, Djamel [&hellip;]<\/p>\n","protected":false},"author":1737,"featured_media":0,"comment_status":"closed","ping_status":"closed","sticky":false,"template":"","format":"standard","meta":{"fifu_image_url":"","fifu_image_alt":"","footnotes":""},"categories":[73,53],"tags":[],"class_list":["post-83224","post","type-post","status-publish","format-standard","hentry","category-actualite","category-algerie"],"_links":{"self":[{"href":"https:\/\/linitiative.ca\/International\/wp-json\/wp\/v2\/posts\/83224","targetHints":{"allow":["GET"]}}],"collection":[{"href":"https:\/\/linitiative.ca\/International\/wp-json\/wp\/v2\/posts"}],"about":[{"href":"https:\/\/linitiative.ca\/International\/wp-json\/wp\/v2\/types\/post"}],"author":[{"embeddable":true,"href":"https:\/\/linitiative.ca\/International\/wp-json\/wp\/v2\/users\/1737"}],"replies":[{"embeddable":true,"href":"https:\/\/linitiative.ca\/International\/wp-json\/wp\/v2\/comments?post=83224"}],"version-history":[{"count":0,"href":"https:\/\/linitiative.ca\/International\/wp-json\/wp\/v2\/posts\/83224\/revisions"}],"wp:attachment":[{"href":"https:\/\/linitiative.ca\/International\/wp-json\/wp\/v2\/media?parent=83224"}],"wp:term":[{"taxonomy":"category","embeddable":true,"href":"https:\/\/linitiative.ca\/International\/wp-json\/wp\/v2\/categories?post=83224"},{"taxonomy":"post_tag","embeddable":true,"href":"https:\/\/linitiative.ca\/International\/wp-json\/wp\/v2\/tags?post=83224"}],"curies":[{"name":"wp","href":"https:\/\/api.w.org\/{rel}","templated":true}]}}