{"id":83225,"date":"2020-04-22T18:57:55","date_gmt":"2020-04-22T22:57:55","guid":{"rendered":"https:\/\/linitiative.ca\/International\/relance-de-la-machine-economique-concertations-avec-les-partenaires-sociaux\/"},"modified":"2020-04-22T18:57:55","modified_gmt":"2020-04-22T22:57:55","slug":"relance-de-la-machine-economique-concertations-avec-les-partenaires-sociaux","status":"publish","type":"post","link":"https:\/\/linitiative.ca\/International\/relance-de-la-machine-economique-concertations-avec-les-partenaires-sociaux\/","title":{"rendered":"Relance de la machine \u00e9conomique : Concertations avec les partenaires sociaux"},"content":{"rendered":"<p><strong>Le Gouvernement a d\u00e9cid\u00e9 \u00e0 l\u2019issue du dernier Conseil des ministres de relancer progressivement la machine \u00e9conomique enray\u00e9e par l\u2019une des plus foudroyantes \u00e9pid\u00e9mies mondiales. L\u2019acc\u00e9l\u00e9ration des mesures pour la mise en place d\u2019un nouveau mod\u00e8le \u00e9conomique, bas\u00e9 sur l\u2019\u00e9conomie du savoir et la diversification du d\u00e9veloppement, figure parmi les priorit\u00e9s nationales.<\/strong><\/p>\n<p>C\u2019est dans cette logique que le ministre de l\u2019Industrie et des Mines, Ferhat A\u00eft Ali Braham, a soulign\u00e9 ce mardi la disponibilit\u00e9 de l\u2019Etat \u00e0 prendre des mesures suppl\u00e9mentaires pour faire face aux effets de la pand\u00e9mie de coronavirus (Covid-19), en plus des mesures prises pr\u00e9c\u00e9demment pour sortir, avec le moins de d\u00e9g\u00e2ts possible, de la crise induite par cette \u00e9pid\u00e9mie.<\/p>\n<p>Lors d\u2019une r\u00e9union de concertation avec le partenaire social et \u00e9conomique, au si\u00e8ge de son d\u00e9partement minist\u00e9riel, en vue d\u2019\u00e9valuer et contenir l\u2019impact de la pand\u00e9mie de Covid-19 sur le secteur industriel, ainsi que les mesures prises pour att\u00e9nuer ses effets, le ministre a estim\u00e9 que les propositions du patronat et du partenaire social sont compl\u00e9mentaires aux mesures du Gouvernement. Ces propositions, explique-t-il, sont l\u2019\u00e9manation de la r\u00e9alit\u00e9 du terrain \u00e0 laquelle les activit\u00e9s des op\u00e9rateurs \u00e9conomiques font face.<\/p>\n<p>Le premier responsable du secteur se veut ainsi rassurant et r\u00e9solu \u00e0 \u00ab\u00a0relancer l\u2019outil de production et sortir l\u2019Industrie des petits ratios de participation au PIB\u00a0\u00bb m\u00eame lors des conjonctures difficiles.<\/p>\n<p>\u00c9tant toujours tr\u00e8s critique sur les visions de ses pr\u00e9d\u00e9cesseurs sur ce secteur, M Ait Ali consid\u00e8re qu\u2019aujourd\u2019hui la pand\u00e9mie de Coronavirus a mis \u00e0 nu des d\u00e9faillances \u00e9conomiques qui seront prises en charge dans le cadre du plan d\u2019action du Gouvernement. Pour lui, il y a urgence de relancer l\u2019\u00e9conomie nationale.<\/p>\n<p>Pour sa part, le Secr\u00e9taire g\u00e9n\u00e9ral de l\u2019Union g\u00e9n\u00e9rale des travailleurs alg\u00e9riens (UGTA), Salim Labatcha a salu\u00e9 les mesures prises \u00e0 ce jour, par les pouvoirs publics. Il a appel\u00e9 \u00e0 davantage de solidarit\u00e9 pour rem\u00e9dier aux retomb\u00e9es de l\u2019\u00e9pid\u00e9mie et \u00e0 la n\u00e9cessit\u00e9 de trouver une formule appropri\u00e9e \u00e0 m\u00eame de servir les entreprises, les travailleurs et l\u2019\u00e9conomie nationale.<\/p>\n<p>Cette rencontre a \u00e9t\u00e9 une occasion pour l\u2019ensemble des responsables et repr\u00e9sentants d\u2019autres organisations patronales de soulever leurs pr\u00e9occupations et pr\u00e9senter des propositions \u00e0 m\u00eame de pr\u00e9server la p\u00e9rennit\u00e9 des entreprises et d\u2019assurer les salaires des travailleurs, tels la r\u00e9vision des charges sociales des entreprises, les taxes douani\u00e8res et les facilitations bancaires.<\/p>\n<p>Cette r\u00e9union intervient dans le cadre des concertations au niveau de chaque secteur avec les organisations patronales pour d\u00e9finir les contours de la nouvelle politique industrielle cens\u00e9e \u00eatre orient\u00e9e vers les petites et moyennes industries ainsi que celles \u00e9mergentes avec un taux d\u2019int\u00e9gration int\u00e9ressant. L\u2019objectif, selon les recommandions du Conseil des ministres tenu dimanche pass\u00e9, \u00e9tant de r\u00e9duire la facture des importations en la mati\u00e8re.<\/p>\n<p>Par ailleurs, le ministre de l\u2019Industrie suite \u00e0 nombre de requ\u00eates faisant objet du non-respect des proc\u00e9dures de licenciement professionnel, s\u2019est adress\u00e9e aux responsables des groupes industriels en les sommant de respecter les dispositifs pr\u00e9vus par la<\/p>\n<p>r\u00e9glementation en vigueur concernant les proc\u00e9dure de gestion des relation de travail. Les raisons de licenciement, ajoute-il, doivent \u00eatre r\u00e9elles et fond\u00e9es sur des faits objectifs et v\u00e9rifiables. Une injonction qui signifie que le d\u00e9partement d\u2019Ait Ali Braham veut se pr\u00e9server \u00ab\u00a0des litiges insens\u00e9s et d\u2019une grogne sociale\u00a0\u00bb, pr\u00e9f\u00e9rant focaliser sur la mise en \u0153uvre de la nouvelle politique industrielle.<\/p>\n<p>Auteur: Boudjedri<br \/>\n<a href=\"http:\/\/www.jeune-independant.net\/Relance-de-la-machine-economique.html\">Cliquez ici pour lire l&rsquo;article depuis sa source.<\/a><\/p>\n","protected":false},"excerpt":{"rendered":"<p>Le Gouvernement a d\u00e9cid\u00e9 \u00e0 l\u2019issue du dernier Conseil des ministres de relancer progressivement la machine \u00e9conomique enray\u00e9e par l\u2019une des plus foudroyantes \u00e9pid\u00e9mies mondiales. L\u2019acc\u00e9l\u00e9ration des mesures pour la mise en place d\u2019un nouveau mod\u00e8le \u00e9conomique, bas\u00e9 sur l\u2019\u00e9conomie du savoir et la diversification du d\u00e9veloppement, figure parmi les priorit\u00e9s nationales. C\u2019est dans cette [&hellip;]<\/p>\n","protected":false},"author":1737,"featured_media":0,"comment_status":"closed","ping_status":"closed","sticky":false,"template":"","format":"standard","meta":{"fifu_image_url":"","fifu_image_alt":"","footnotes":""},"categories":[73,53],"tags":[],"class_list":["post-83225","post","type-post","status-publish","format-standard","hentry","category-actualite","category-algerie"],"_links":{"self":[{"href":"https:\/\/linitiative.ca\/International\/wp-json\/wp\/v2\/posts\/83225","targetHints":{"allow":["GET"]}}],"collection":[{"href":"https:\/\/linitiative.ca\/International\/wp-json\/wp\/v2\/posts"}],"about":[{"href":"https:\/\/linitiative.ca\/International\/wp-json\/wp\/v2\/types\/post"}],"author":[{"embeddable":true,"href":"https:\/\/linitiative.ca\/International\/wp-json\/wp\/v2\/users\/1737"}],"replies":[{"embeddable":true,"href":"https:\/\/linitiative.ca\/International\/wp-json\/wp\/v2\/comments?post=83225"}],"version-history":[{"count":0,"href":"https:\/\/linitiative.ca\/International\/wp-json\/wp\/v2\/posts\/83225\/revisions"}],"wp:attachment":[{"href":"https:\/\/linitiative.ca\/International\/wp-json\/wp\/v2\/media?parent=83225"}],"wp:term":[{"taxonomy":"category","embeddable":true,"href":"https:\/\/linitiative.ca\/International\/wp-json\/wp\/v2\/categories?post=83225"},{"taxonomy":"post_tag","embeddable":true,"href":"https:\/\/linitiative.ca\/International\/wp-json\/wp\/v2\/tags?post=83225"}],"curies":[{"name":"wp","href":"https:\/\/api.w.org\/{rel}","templated":true}]}}