{"id":83226,"date":"2020-04-23T13:11:22","date_gmt":"2020-04-23T17:11:22","guid":{"rendered":"https:\/\/linitiative.ca\/International\/covid-19-en-algerie-3007-cas-dont-407-deces-et-1355-guerisons\/"},"modified":"2020-04-23T13:11:22","modified_gmt":"2020-04-23T17:11:22","slug":"covid-19-en-algerie-3007-cas-dont-407-deces-et-1355-guerisons","status":"publish","type":"post","link":"https:\/\/linitiative.ca\/International\/covid-19-en-algerie-3007-cas-dont-407-deces-et-1355-guerisons\/","title":{"rendered":"Covid-19 en Alg\u00e9rie : 3007 cas dont 407 d\u00e9c\u00e8s et 1355 gu\u00e9risons"},"content":{"rendered":"<p><br class=\"autobr\"\/><br \/>\nLe nombre des personnes infect\u00e9es par le Covid-19 en Alg\u00e9rie a atteint 3007 dont 409 morts tandisque le nombre des personnes gu\u00e9ries est 1355. C\u2019est ce qu\u2019a indiqu\u00e9 jeudi le porte-parole du Comit\u00e9 scientifique de suivi de l\u2019\u00e9volution de la pand\u00e9mie du Coronavirus, Djamel Fourar.<\/p>\n<p><br class=\"autobr\"\/><br \/>\nLors du point de presse quotidien consacr\u00e9 \u00e0 l\u2019\u00e9volution de la pand\u00e9mie, Dr Fourar a fait savoir que 97 nouveaux cas ont \u00e9te enregistr\u00e9s\u00a0durant les dernieres 24 heures en plus de 151 gu\u00e9rison et 5 d\u00e9c\u00e8s.<\/p>\n<p><br class=\"autobr\"\/><br \/>\nIl a \u00e9galement indiqu\u00e9 que le nombre des patients sous traitement a atteint 5235, comprenant 1943 cas confirm\u00e9s par analyses de laboratoires et 3292 cas \u00ab\u00a0suspects\u00a0\u00bb diagnostiqu\u00e9s par radiologie et scanner, pr\u00e9cisant que 28 patients sont toujours en soins intensifs.<\/p>\n<p><br class=\"autobr\"\/><br \/>\nDr Fourar a relev\u00e9 que l\u2019ensemble des cas confirm\u00e9s au coronavirus ont \u00e9t\u00e9 enregistr\u00e9s \u00e0 travers 47 wilayas, ajoutant que la tranche d\u2019\u00e2ge 25-60 ans repr\u00e9sente 54% des cas et celle de 60 ans et plus 37%.<\/p>\n<p><br class=\"autobr\"\/><br \/>\nEnfin, Il a rappel\u00e9 que le num\u00e9ro vert (3030) reste \u00e0 la disposition des citoyens pour r\u00e9pondre \u00e0 leurs pr\u00e9occupations, r\u00e9it\u00e9rant, \u00e0 la veille du mois sacr\u00e9 de Ramadhan, l\u2019imp\u00e9ratif de respecter les recommandations des sp\u00e9cialistes concernant les r\u00e8gles d\u2019hygi\u00e8ne personnelle et environnementale, ainsi que des conditions de confinement sanitaire et d\u2019\u00e9viter les rassemblements et les visites familiales.<\/p>\n<p>Auteur: Boudjedri<br \/>\n<a href=\"http:\/\/www.jeune-independant.net\/Covid-19-en-Algerie-3007-cas-dont.html\">Cliquez ici pour lire l&rsquo;article depuis sa source.<\/a><\/p>\n","protected":false},"excerpt":{"rendered":"<p>Le nombre des personnes infect\u00e9es par le Covid-19 en Alg\u00e9rie a atteint 3007 dont 409 morts tandisque le nombre des personnes gu\u00e9ries est 1355. C\u2019est ce qu\u2019a indiqu\u00e9 jeudi le porte-parole du Comit\u00e9 scientifique de suivi de l\u2019\u00e9volution de la pand\u00e9mie du Coronavirus, Djamel Fourar. Lors du point de presse quotidien consacr\u00e9 \u00e0 l\u2019\u00e9volution de [&hellip;]<\/p>\n","protected":false},"author":1737,"featured_media":0,"comment_status":"closed","ping_status":"closed","sticky":false,"template":"","format":"standard","meta":{"fifu_image_url":"","fifu_image_alt":"","footnotes":""},"categories":[73,53],"tags":[],"class_list":["post-83226","post","type-post","status-publish","format-standard","hentry","category-actualite","category-algerie"],"_links":{"self":[{"href":"https:\/\/linitiative.ca\/International\/wp-json\/wp\/v2\/posts\/83226","targetHints":{"allow":["GET"]}}],"collection":[{"href":"https:\/\/linitiative.ca\/International\/wp-json\/wp\/v2\/posts"}],"about":[{"href":"https:\/\/linitiative.ca\/International\/wp-json\/wp\/v2\/types\/post"}],"author":[{"embeddable":true,"href":"https:\/\/linitiative.ca\/International\/wp-json\/wp\/v2\/users\/1737"}],"replies":[{"embeddable":true,"href":"https:\/\/linitiative.ca\/International\/wp-json\/wp\/v2\/comments?post=83226"}],"version-history":[{"count":0,"href":"https:\/\/linitiative.ca\/International\/wp-json\/wp\/v2\/posts\/83226\/revisions"}],"wp:attachment":[{"href":"https:\/\/linitiative.ca\/International\/wp-json\/wp\/v2\/media?parent=83226"}],"wp:term":[{"taxonomy":"category","embeddable":true,"href":"https:\/\/linitiative.ca\/International\/wp-json\/wp\/v2\/categories?post=83226"},{"taxonomy":"post_tag","embeddable":true,"href":"https:\/\/linitiative.ca\/International\/wp-json\/wp\/v2\/tags?post=83226"}],"curies":[{"name":"wp","href":"https:\/\/api.w.org\/{rel}","templated":true}]}}