{"id":83227,"date":"2020-04-23T14:57:32","date_gmt":"2020-04-23T18:57:32","guid":{"rendered":"https:\/\/linitiative.ca\/International\/a-qui-la-faute\/"},"modified":"2020-04-23T14:57:32","modified_gmt":"2020-04-23T18:57:32","slug":"a-qui-la-faute","status":"publish","type":"post","link":"https:\/\/linitiative.ca\/International\/a-qui-la-faute\/","title":{"rendered":"A qui la faute ?"},"content":{"rendered":"<p><br class=\"autobr\"\/><strong>Qui peut raisonnablement nier aujourd\u2019hui que l\u2019\u00e9conomie alg\u00e9rienne va mal, tr\u00e8s mal. Une \u00e9conomie qui ne produit pas est une \u00e9conomie st\u00e9rile. Construire, aujourd\u2019hui, l\u2019Alg\u00e9rie ne le fait pas. Je commence par ce secteur pour souligner que dans ce domaine o\u00f9 la main d\u2019\u0153uvre joue un r\u00f4le fondamental, l\u00e0 aussi l\u2019Alg\u00e9rie est en totale carence. On ne change pas un \u00e9tat d\u2019esprit apr\u00e8s une ou deux l\u00e9gislatures.<\/strong><\/p>\n<p><br class=\"autobr\"\/><br \/>\nNous sommes victimes de la g\u00e9n\u00e9ration des enfants g\u00e2t\u00e9s dont les parents occup\u00e9s \u00e0 se construire pour construire l\u2019Alg\u00e9rie ont n\u00e9glig\u00e9 d\u2019inculquer la valeur du travail et de l\u2019effort \u00e0 leurs enfants. A tous les niveaux et dans les diff\u00e9rentes classes sociales c\u2019est le triomphe du business, celui de la \u00ab\u00a0chippa\u00a0\u00bb (commission), des pr\u00e9tentions injustifi\u00e9es et des ambitions d\u00e9mesur\u00e9es. Nous sommes riches, disent les alg\u00e9riens, grands et petits, alors pourquoi donc ne nous prendraient-ils pas en charge\u00a0? Que veulent-ils faire de ce tr\u00e9sor qu\u2019ils th\u00e9saurisent\u00a0? Nous avons droit \u00e0 une partie de celui-ci pourquoi Dieu ne nous donnent-ils pas nos droits\u00a0? Dans ce pays disent-ils en ch\u0153ur, c\u2019est le r\u00e8gne de la corruption, celui du piston et de la magouille. Ce discours se retrouve partout et toujours et il conclut toutes les discussions de salons et de caf\u00e9s maures dans toute l\u2019Alg\u00e9rie.<\/p>\n<p><br class=\"autobr\"\/><img decoding=\"async\" alt=\"\" src=\"http:\/\/www.jeune-independant.net\/IMG\/UserFiles\/Images\/unnamed%20(1).jpg\" class=\"c5\"\/><\/p>\n<p><br class=\"autobr\"\/><br \/>\nQu\u2019y a-t-il de vrai dans tous ces bavardages\u00a0? La r\u00e9alit\u00e9 c\u2019est qu\u2019en apparence tout semble marcher \u00e0 merveille. L\u2019eau coule lorsque nous ouvrons les robinets, les lampes s\u2019allument quand nous appuyons sur les interrupteurs, les \u00e9coles et les universit\u00e9s ouvrent leurs portes dans les d\u00e9lais, les stations-service sont toujours ouvertes pour satisfaire la demande des automobilistes, le parc v\u00e9hicules a \u00e9t\u00e9 multipli\u00e9 par cinq et renouvel\u00e9 en l\u2019espace de 6 ans, la dette interne et externe a \u00e9t\u00e9 \u00e9pong\u00e9e, le douloureux probl\u00e8me des victimes du terrorisme est en voie de r\u00e8glement, le terrorisme lui-m\u00eame est en nette r\u00e9gression pour ne pas dire sans espoir, quel tableau idyllique si l\u2019on y ajoute la disparition de la raret\u00e9 dans les march\u00e9s dans toutes sortes de produits, l\u2019abondance qui r\u00e8gne dans le domaine des fruits et l\u00e9gumes et celui de la viande. Normalement je devrais m\u2019arr\u00eater l\u00e0 et dire que cette p\u00e9riode celle de 1999 \u00e0 2006 a \u00e9t\u00e9 la meilleure qu\u2019a v\u00e9cue l\u2019Alg\u00e9rie si l\u2019on y ajoute les dix-huit millions de t\u00e9l\u00e9phones portables acquis par les alg\u00e9riens et dont ils paient obligatoirement la consommation. Mais en est-il r\u00e9ellement ainsi\u00a0? Revenons un peu en arri\u00e8re dans l\u2019histoire.<\/p>\n<p><br class=\"autobr\"\/><br \/>\nUn auteur autrichien du d\u00e9but du si\u00e8cle d\u00e9crivait le mouvement du port de Bougie et l\u2019activit\u00e9 \u00e9conomique et disait\u00a0: \u00ab\u00a0A pr\u00e9sent Bougie tient une place non n\u00e9gligeable parmi les villes c\u00f4ti\u00e8res alg\u00e9riennes. En ce qui concerne l\u2019importation, elle arrive juste apr\u00e8s Oran et ainsi la troisi\u00e8me parmi les ports alg\u00e9riens. Cependant en ce qui concerne l\u2019exportation, elle se range seulement \u00e0 la cinqui\u00e8me place apr\u00e8s les principales villes.<\/p>\n<p><br class=\"autobr\"\/><br \/>\nLe volume marchand du port de Bougie pour l\u2019ann\u00e9e 1898 pr\u00e9sente les chiffres suivants en kilogrammes. Importations\u00a0: 27.923.229, Exportations\u00a0: 115.072.931 En 1897, le volume total des \u00e9changes commerciaux s\u2019\u00e9levaient \u00e0 89.000 tonnes, ce qui donne ainsi un accroissement de 26.000 tonnes pour l\u2019ann\u00e9e 1898 lequel vient notamment de l\u2019exportation de la chaux. Les autres produits export\u00e9s (en dehors de la chaux) sont le vin 71.000 hectolitres, l\u2019Alfa 3.600 tonnes, les figues s\u00e8ches 520 tonnes, la caroube 25.000 quintaux, le b\u00e9tail vivant (moutons) 30.000 t\u00eates, le li\u00e8ge 7000 quintaux, des oranges et des mandarines 5.000 quintaux sont aussi export\u00e9es, le miel, la cire, les raisins secs, les peaux, l\u2019huile, et le bois en grande quantit\u00e9.<\/p>\n<p><br class=\"autobr\"\/><strong>Efforts alg\u00e9riens<\/strong><\/p>\n<p><br class=\"autobr\"\/><br \/>\nLe trafic des bateaux au port de Bougie \u00e9tait pour l\u2019ann\u00e9e 1898 entre ceux qui entraient et ceux qui sortaient de huit cent quatre-vingt-dix bateaux et 317.000 tonnes de chargement. Pour l\u2019ann\u00e9e 1897 par contre, le nombre des arrivants et des partants \u00e9tait de huit cent quatre-vingt-sept bateaux et de 218.355 tonnes de chargement\u00a0\u00bb.<\/p>\n<p><br class=\"autobr\"\/><br \/>\nAu vu de cette activit\u00e9 intense, les chicaneurs pourraient attribuer ce trafic intense aux efforts des colons.<\/p>\n<p><br class=\"autobr\"\/><br \/>\nMais le m\u00eame auteur, dans le m\u00eame ouvrage, parlant de l\u2019activit\u00e9 des nationaux et de leur contribution souligne\u00a0: \u00ab\u00a0En 1896 le recensement estima le nombre des habitants de Bougie ville \u00e0 sept mille quatre cent quarante et un dont trois mille sept cent quatre-vingt-trois europ\u00e9ens\u00a0\u00bb.<\/p>\n<p><br class=\"autobr\"\/><br \/>\nC\u2019est la preuve irr\u00e9futable que le mouvement du port, que cette production de toutes sortes est en grande partie le r\u00e9sultat de l\u2019effort des alg\u00e9riens. On en a pour preuve que cette remarque faite par le m\u00eame auteur qui souligne\u00a0: \u00ab\u00a0Au seizi\u00e8me si\u00e8cle Bougie exportait le cuir, tann\u00e9 ou non, le tanin, les \u00e9corces, l\u2019alun, la cire, l\u2019huile, les c\u00e9r\u00e9ales, des raisins secs, de la laine et du coton qui venaient de Mecila et Biskra, de la poterie et des m\u00e9taux\u00a0\u00bb.<\/p>\n<blockquote readability=\"11\">\n<p><br class=\"autobr\"\/><em><strong><span class=\"c6\">Ailleurs d\u00e9crivant la qualit\u00e9 du produit de Bougie il dit\u00a0: \u00ab\u00a0En raison de cet emplacement prot\u00e9g\u00e9, le milieu fertile garantissant toutes sortes de r\u00e9coltes est favoris\u00e9 par la profusion de sources d\u2019eau. Les arbres donnent en abondance, notamment les oranges et les mandarines c\u00e9l\u00e8bres par leurs saveurs et leurs jus qui apparaissent sur les march\u00e9s d\u2019Alger, toujours parmi lm plus pr\u00e9coces\u00a0\u00bb .<\/span><\/strong><\/em><\/p>\n<\/blockquote>\n<p><br class=\"autobr\"\/><br \/>\nNous voyons donc l\u00e0, une ville relativement petite d\u2019Alg\u00e9rie, avec son port qui n\u2019a pas arr\u00eat\u00e9 d\u2019exporter ses produits du cru depuis le seizi\u00e8me si\u00e8cle. A la fin du dix-neuvi\u00e8me si\u00e8cle la population de Bougie et de ses alentours ne d\u00e9passait pas les seize mille \u00e2mes.<\/p>\n<p><br class=\"autobr\"\/><br \/>\nElle exportait \u00e0 partir de son port 76.000 hectolitres de vin soit plus du quart de ce qu\u2019exporte l\u2019Alg\u00e9rie plus d\u2019un si\u00e8cle apr\u00e8s.<\/p>\n<p><br class=\"autobr\"\/><br \/>\nIl y a lieu r\u00e9ellement de se poser des questions sur notre pays qui \u00e0 l\u2019or\u00e9e du troisi\u00e8me mill\u00e9naire importe ce dont il se nourrit, ce dont il se v\u00eatit et l\u2019\u00e9quipement qui lui sert \u00e0 r\u00e9aliser le peu de travail qui est fait gr\u00e2ce \u00e0 une infirme minorit\u00e9 de ses enfants.<\/p>\n<p><br class=\"autobr\"\/><br \/>\nLe probl\u00e8me de la responsabilit\u00e9 de cette situation unique au monde se pose pleinement. En premier lieu, on jette son regard vers l\u2019\u00e9tat \u00ab\u00a0la Houkouma ou la Daoula\u00a0\u00bb. Mais en fait, qui a \u00e9t\u00e9 la Daoula depuis l\u2019ind\u00e9pendance, est-ce le pr\u00e9sident Ben Bella jusqu\u2019en 1965 ou est-ce le pr\u00e9sident Boumediene jusqu\u2019en 1978 ou le pr\u00e9sident Chadli jusqu\u2019en 1991 ou le haut comit\u00e9 d\u2019\u00e9tat apr\u00e8s son d\u00e9part ou est-ce le regrett\u00e9 pr\u00e9sident Boudiaf ou encore est-ce Zeroual\u00a0? Peut-\u00eatre aussi que la raison de la faillite de l\u2019Alg\u00e9rie est \u00e0 mettre \u00e9galement sur le compte des diff\u00e9rents chefs de gouvernement qui se sont succ\u00e9d\u00e9s \u00e0 la t\u00eate de l\u2019Alg\u00e9rie\u00a0; ou peut \u00eatre sur celui des 300 ministres qui ont occup\u00e9 les d\u00e9partements minist\u00e9riels.<\/p>\n<p><br class=\"autobr\"\/><strong>Le coup d\u2019Etat de Zbiri<\/strong><\/p>\n<p><br class=\"autobr\"\/><br \/>\nCe serait l\u00e0 un raisonnement simpliste et injuste. Dans cette Alg\u00e9rie post ind\u00e9pendante chacun a sa part de responsabilit\u00e9. Le peuple lui-m\u00eame y va de la sienne, chacun de nous en faisant partie int\u00e9grante. Alors pourquoi cette d\u00e9t\u00e9rioration dans les valeurs qui font la grandeur ou au moins la stabilit\u00e9 qui aide \u00e0 survivre et \u00e0 esp\u00e9rer\u00a0? Je ne suis pas de ceux qui accablent les responsables qui se sont succ\u00e9d\u00e9 \u00e0 la t\u00eate de l\u2019Alg\u00e9rie\u00a0: le socialisme\u00a0? Le pr\u00e9sident Ben Bella ne pouvait faire autrement en 1962. Sa prise de pouvoir\u00a0? Elle s\u2019imposait presque apr\u00e8s sept ann\u00e9es de luttes intestines de crimes pour le pouvoir au sein de l\u2019ALN et du FLN. Le 19 juin lui-m\u00eame s\u2019imposait. Pour moi le pr\u00e9sident Ben Bella s\u2019est laiss\u00e9 entrainer par \u00ab\u00a0Mar3oubat la3lali\u00a0\u00bb (expression populaire\u00a0: le vent soudain qui surprend dans les hauteurs i.e. la fr\u00e9n\u00e9sie du pouvoir) II fallait y mettre un frein. En 1965, toute proc\u00e9dure constitutionnelle aurait d\u00e9bouch\u00e9 sur une guerre civile. Je ne fais pas partie non plus de ceux qui disent que le peuple alg\u00e9rien n\u2019est pas m\u00fbr pour la d\u00e9mocratie car il est plus m\u00fbre pour celle-ci plus que pour n\u2019importe quel tyran. Puis ce fut le coup d\u2019\u00e9tat du colonel Zbiri. Avait-il tort ou raison\u00a0? Est-ce que celui-ci s\u2019imposait\u00a0? Qui peut pr\u00e9tendre r\u00e9pondre \u00e0 cette question. De m\u00eame que la r\u00e9volution agraire, la r\u00e9volution industrielle, la r\u00e9volution culturelle, l\u2019arabisation\u00a0? Qui peut aujourd\u2019hui valablement et honn\u00eatement r\u00e9pondre \u00e0 ces questions\u00a0? Quant \u00e0 la mouvance islamique elle est pour moi le r\u00e9sultat de tous les \u00e9v\u00e8nements que j\u2019ai cit\u00e9 qui se sont succ\u00e9d\u00e9.<\/p>\n<p><br class=\"autobr\"\/><img decoding=\"async\" alt=\"\" src=\"http:\/\/www.jeune-independant.net\/IMG\/UserFiles\/Images\/tahat.jpg\" class=\"c7\"\/><\/p>\n<p><br class=\"autobr\"\/><br \/>\nL\u2019adoption du sch\u00e9ma marxiso-nass\u00e9rien, la rupture linguistique entre deux parties de la population, qui a avantag\u00e9 l\u2019une par rapport \u00e0 l\u2019autre, la transformation de l\u2019Alg\u00e9rie en ghetto, la transformation des alg\u00e9riens en consommateurs inv\u00e9t\u00e9r\u00e9s, une distribution de salaire li\u00e9 \u00e0 la pr\u00e9sence d\u2019o\u00f9 la productivit\u00e9 est absente et le m\u00e9rite inexistants. Mai encore une fois que pouvait faire le pr\u00e9sident Boumediene. IL a suivi le mouvement du moment. Il a pris le parti de ceux qui nous avaient aid\u00e9s \u00e0 nous lib\u00e9rer.<\/p>\n<p><br class=\"autobr\"\/><br \/>\nQui d\u2019autre aurait pu faire une autre politique\u00a0? Ouvrir le pays aux occidentaux qui, quelques ann\u00e9es avant se sont ligu\u00e9s pour nous faire disparaitre de la carte du monde\u00a0?<\/p>\n<p><br class=\"autobr\"\/><br \/>\nNotre situation aujourd\u2019hui se pr\u00e9sente sous d\u2019heureux auspices. .Ressasser la passe ne contribue qu\u2019\u00e0 r\u00e9veiller les d\u00e9mons. La g\u00e9n\u00e9ration de l\u2019ind\u00e9pendance et du socialisme est en voie d\u2019extinction. C\u2019est l\u2019avenir qui compte. Il se r\u00e9sume en quelques mots cl\u00e9s\u00a0: tout pour la connaissance, le savoir, la formation, l\u2019ouverture, oui l\u2019ouverture. L\u2019Alg\u00e9rie pays p\u00e9trolier est battue en br\u00e8che par Duba\u00ef.\u00a0<\/p>\n<p><br class=\"autobr\"\/><strong>Nous sommes en retard<\/strong><\/p>\n<p><br class=\"autobr\"\/><br \/>\nEn mati\u00e8re d\u2019investissement les choix strat\u00e9giques qui sont faits actuellement sont les seuls possibles\u00a0: moderniser au maximum l\u2019Alg\u00e9rie et la dotant du maximum de structure de vie, logements, autoroutes, \u00e9tablissements de soins, infrastructures sportives pour relancer notre sport qui se meurt, \u00e9tablissements scolaires et universitaires, centres de recherches. Aller le plus loin possible dans la technologie de pointe, faire appel \u00e0 l\u2019\u00e9tranger pour venir sur notre sol exercer et nous communiquer cette technologie qui nous fait tant default.<\/p>\n<p><br class=\"autobr\"\/><br \/>\nFormer un homme cela demande au moins une g\u00e9n\u00e9ration. L\u2019homme alg\u00e9rien nouveau n\u2019apparaitra pas dans une g\u00e9n\u00e9ration mais dans plusieurs.<\/p>\n<p><br class=\"autobr\"\/><br \/>\nMais tout cela ne se fera pas si l\u2019on ne pousse pas, si l\u2019on ne force pas avec habilet\u00e9 l\u2019alg\u00e9rien \u00e0 entreprendre. Nous sommes en retard. Nous ne sommes m\u00eame pas au niveau des derniers des pays qui ont rejoint l\u2019Union Europ\u00e9enne.<\/p>\n<p><br class=\"autobr\"\/><br \/>\nNos ambitions pour le moment doivent rester modestes. Alsthom a un si\u00e8cle d\u2019existence de m\u00eame que Boeing. Essayons maintenant d\u2019imiter les dragons de l\u2019Asie du sud-est.<\/p>\n<p><br class=\"autobr\"\/><br \/>\nJe dis essayer car les gens de cette r\u00e9gion n\u2019ont jamais d\u00e9sappris \u00e0 travailler. Ce n\u2019est pas le cas de l\u2019Alg\u00e9rie. L\u2019industrie europ\u00e9enne au dix-neuvi\u00e8me si\u00e8cle s\u2019est faite par les particuliers avec l\u2019aide de l\u2019\u00e9tat, faisons en sorte qu\u2019il en soit ainsi.<\/p>\n<p><br class=\"autobr\"\/><br \/>\nNous ne devons en aucun cas par des mesures financi\u00e8res d\u2019exclusion barrer la route au citoyen alg\u00e9rien et ne pas lui permettre de b\u00e9n\u00e9ficier des mannes de son pays. Je ne crois pas au leitmotiv populaire\u00a0: \u00ab\u00a0ce sont tous des voleurs\u00a0!\u00a0\u00bb<\/p>\n<blockquote readability=\"9\">\n<p><br class=\"autobr\"\/><em><strong><span class=\"c6\">Qui peut nier dans le monde la bravoure r\u00e9cente de l\u2019Alg\u00e9rie qui a vaincu les arm\u00e9es de l\u2019OTAN m\u00eame si cette victoire lui est contest\u00e9e par les nostalgiques des croisades\u00a0? En fait l\u2019Alg\u00e9rie n\u2019a pas \u00e9t\u00e9 combattue par la France mais par la coalition des occidentaux sous la forme de l\u2019actuel OTAN, comme d\u2019ailleurs en 1830 c\u2019est l\u2019Europe coalis\u00e9e qui a d\u00e9barqu\u00e9 \u00e0 Sidi Fredj.<\/span><\/strong><\/em><\/p>\n<\/blockquote>\n<p><br class=\"autobr\"\/><br \/>\nQui peut d\u00e9nier \u00e0 l\u2019Alg\u00e9rie, depuis les temps imm\u00e9moriaux, d\u2019avoir lutt\u00e9 pour chasser les diff\u00e9rents conqu\u00e9rants qui se sont attaqu\u00e9s \u00e0 son sol\u00a0?<\/p>\n<p><br class=\"autobr\"\/><br \/>\nPriorit\u00e9 aux alg\u00e9riens. L\u2019ail alg\u00e9rien doit \u00eatre consomm\u00e9 avant celui qui nous vient de Chine. N\u2019est-ce pas une honte que nous importions de tous les pays du monde de l\u2019eau sucr\u00e9e, des chaussures, des g\u00e2teaux au go\u00fbt douteux, des gadgets\u00a0?<\/p>\n<p><br class=\"autobr\"\/><br \/>\nLa grande Chine a \u00e9t\u00e9 l\u2019un des pays qui nous a le plus apport\u00e9 dans notre lutte de lib\u00e9ration. Elle serait la premi\u00e8re \u00e0 comprendre que pour vaincre les maux qui nous minent\u00a0: le d\u00e9nuement, le ch\u00f4mage, le fanatisme, l\u2019analphab\u00e9tisme, il faut offrir du travail \u00e0 nos ouvriers, \u00e0 nos cadres, \u00e0 nos universitaires, qu\u2019il est l\u00e9gitime pour tout alg\u00e9rien conscient de de consommer alg\u00e9rien.<\/p>\n<p><br class=\"autobr\"\/><br \/>\nAvec la formation dans son sens le plug large et le plus concret, avec l\u2019incitation des alg\u00e9riens \u00e0 entreprendre dans la PME\/PMI, gr\u00e2ce \u00e0 la chance qui a \u00e9t\u00e9 offerte \u00e0 l\u2019Alg\u00e9rie ces derni\u00e8res ann\u00e9es, notre pays changera d\u2019aspect \u00e0 l\u2019horizon 2025. Les pr\u00e9misses sont d\u00e9j\u00e0 l\u00e0 les actions sont men\u00e9es. Il faut laisser un peu de temps au temps. En conclusion, je crois que l\u2019espoir est grand \u00e0 moyen terme, que des pas de g\u00e9ant ont \u00e9t\u00e9 r\u00e9alis\u00e9s dans tous les domaines. Je ne crois pas du tout au taux de ch\u00f4mage erron\u00e9s de 17 et m\u00eame de 13% publi\u00e9s par les autorit\u00e9s, comme je ne crois pas que l\u2019\u00e9radication du commerce informel, plaie de tous les pays en retard, consiste \u00e0 pourchasser tous ces malheureux qui le pratiquent dans leur grande majorit\u00e9 faute de mieux sinon \u00e0 crever la faim.<\/p>\n<p><br class=\"autobr\"\/><br \/>\n* Le Docteur Hachemi Larabi est n\u00e9 le 22 avril 1929 \u00e0 Bougie et d\u00e9c\u00e9d\u00e9 le 14 juin 2016 \u00e0 Alger. Il est l\u2019auteur de plusieurs ouvrages et essais dont \u00ab\u00a0Chroniques d\u2019un alg\u00e9rien heureux\u00a0\u00bb ou \u00ab\u00a0Opinions sur l\u2019\u00e9conomie alg\u00e9rienne\u00a0\u00bb.Titulaire d\u2019un Doctorat d\u2019\u00e9tat en \u00e9conomie, polyglotte, dipl\u00f4m\u00e9 de Djam\u00e2a Zitouna \u00e0 Tunis et militant de la premi\u00e8re heure il fait partie de cette g\u00e9n\u00e9ration pour laquelle l\u2019ind\u00e9pendance de l\u2019Alg\u00e9rie a \u00e9t\u00e9 la cons\u00e9cration du plus beau de leur r\u00eave et l\u2019Alg\u00e9rie la plus grande de leurs passions. Il a \u00e9crit ce texte qui n\u2019a pas \u00e9t\u00e9 publi\u00e9 \u00e0 ce jour, en 2006. Le Jeune Ind\u00e9pendant a d\u00e9cid\u00e9 de le reproduire sur ses colonnes. Il demeure encore d\u2019actualit\u00e9.<\/p>\n<p>Auteur: Boudjedri<br \/>\n<a href=\"http:\/\/www.jeune-independant.net\/A-qui-la-faute.html\">Cliquez ici pour lire l&rsquo;article depuis sa source.<\/a><\/p>\n","protected":false},"excerpt":{"rendered":"<p>Qui peut raisonnablement nier aujourd\u2019hui que l\u2019\u00e9conomie alg\u00e9rienne va mal, tr\u00e8s mal. Une \u00e9conomie qui ne produit pas est une \u00e9conomie st\u00e9rile. Construire, aujourd\u2019hui, l\u2019Alg\u00e9rie ne le fait pas. Je commence par ce secteur pour souligner que dans ce domaine o\u00f9 la main d\u2019\u0153uvre joue un r\u00f4le fondamental, l\u00e0 aussi l\u2019Alg\u00e9rie est en totale carence. [&hellip;]<\/p>\n","protected":false},"author":1737,"featured_media":0,"comment_status":"closed","ping_status":"closed","sticky":false,"template":"","format":"standard","meta":{"fifu_image_url":"","fifu_image_alt":"","footnotes":""},"categories":[73,53],"tags":[],"class_list":["post-83227","post","type-post","status-publish","format-standard","hentry","category-actualite","category-algerie"],"_links":{"self":[{"href":"https:\/\/linitiative.ca\/International\/wp-json\/wp\/v2\/posts\/83227","targetHints":{"allow":["GET"]}}],"collection":[{"href":"https:\/\/linitiative.ca\/International\/wp-json\/wp\/v2\/posts"}],"about":[{"href":"https:\/\/linitiative.ca\/International\/wp-json\/wp\/v2\/types\/post"}],"author":[{"embeddable":true,"href":"https:\/\/linitiative.ca\/International\/wp-json\/wp\/v2\/users\/1737"}],"replies":[{"embeddable":true,"href":"https:\/\/linitiative.ca\/International\/wp-json\/wp\/v2\/comments?post=83227"}],"version-history":[{"count":0,"href":"https:\/\/linitiative.ca\/International\/wp-json\/wp\/v2\/posts\/83227\/revisions"}],"wp:attachment":[{"href":"https:\/\/linitiative.ca\/International\/wp-json\/wp\/v2\/media?parent=83227"}],"wp:term":[{"taxonomy":"category","embeddable":true,"href":"https:\/\/linitiative.ca\/International\/wp-json\/wp\/v2\/categories?post=83227"},{"taxonomy":"post_tag","embeddable":true,"href":"https:\/\/linitiative.ca\/International\/wp-json\/wp\/v2\/tags?post=83227"}],"curies":[{"name":"wp","href":"https:\/\/api.w.org\/{rel}","templated":true}]}}