{"id":83228,"date":"2020-04-23T02:03:22","date_gmt":"2020-04-23T06:03:22","guid":{"rendered":"https:\/\/linitiative.ca\/International\/leur-nombre-avoisinerait-les-30-000-des-algeriens-en-attente-de-leur-rapatriement-vers-leur-pays-de-residence\/"},"modified":"2020-04-23T02:03:22","modified_gmt":"2020-04-23T06:03:22","slug":"leur-nombre-avoisinerait-les-30-000-des-algeriens-en-attente-de-leur-rapatriement-vers-leur-pays-de-residence","status":"publish","type":"post","link":"https:\/\/linitiative.ca\/International\/leur-nombre-avoisinerait-les-30-000-des-algeriens-en-attente-de-leur-rapatriement-vers-leur-pays-de-residence\/","title":{"rendered":"Leur nombre avoisinerait les 30 000 : Des Alg\u00e9riens en attente de leur rapatriement vers leur pays de r\u00e9sidence"},"content":{"rendered":"<h4 class=\"title-14\"\/>\n<div class=\"featured_image\"><img loading=\"lazy\" decoding=\"async\" width=\"512\" height=\"320\" src=\"https:\/\/www.elwatan.com\/wp-content\/uploads\/2020\/04\/algeriens.jpg\" class=\"attachment-post-thumbnail size-post-thumbnail wp-post-image\" alt=\"\" srcset=\"https:\/\/www.elwatan.com\/wp-content\/uploads\/2020\/04\/algeriens.jpg 512w, https:\/\/www.elwatan.com\/wp-content\/uploads\/2020\/04\/algeriens-300x188.jpg 300w\" sizes=\"auto, (max-width: 512px) 100vw, 512px\"\/><\/div>\n<p>Les autorit\u00e9s alg\u00e9riennes sont en train de recenser le nombre d\u2019Alg\u00e9riens se trouvant toujours \u00e0 l\u2019\u00e9tranger en vue de leur rapatriement. Ceux-l\u00e0 doivent, \u00e0 cet effet, s\u2019inscrire sur un site internet mis en place depuis quelques jours par le minist\u00e8re de l\u2019Int\u00e9rieur.<\/p>\n<p>Une deuxi\u00e8me op\u00e9ration de rapatriement est d\u2019ailleurs en pr\u00e9paration actuellement. Depuis le d\u00e9but du confinement, et par cons\u00e9quent la fermeture des lignes a\u00e9riennes et maritimes, pr\u00e8s de 10 000 Alg\u00e9riens ont \u00e9t\u00e9 ramen\u00e9s au pays, les derniers vols en date ont concern\u00e9 295 nationaux se trouvant aux Emirats arabes unis (EAU).<\/p>\n<p>Parall\u00e8lement, il y a beaucoup d\u2019Alg\u00e9riens qui, r\u00e9sidant \u00e0 l\u2019\u00e9tranger et dont une partie est d\u00e9tentrice de la nationalit\u00e9 de leur pays de r\u00e9sidence, principalement la France, se sont retrouv\u00e9s bloqu\u00e9s en Alg\u00e9rie depuis le d\u00e9but du confinement. Selon des informations, ils seraient pr\u00e8s de 28 000 rien que pour la r\u00e9gion centre du pays.<\/p>\n<p>A l\u2019est et l\u2019ouest du pays, ils seraient plusieurs centaines. Leur probl\u00e8me est plus complexe dans le contexte actuel, vu que nombre de pays europ\u00e9ens n\u2019autorisent l\u2019arriv\u00e9e de vols sur leur territoire pour ce genre d\u2019op\u00e9rations qu\u2019au compte-gouttes. \u00abJe suis venu en famille juste avant la fermeture des fronti\u00e8res. Je ne pensais pas que \u00e7a se passerait comme cela.<\/p>\n<p>L\u00e0, je dois rentrer pour reprendre le travail. Les enfants aussi vont apparemment reprendre les cours \u00e0 l\u2019\u00e9cole dans pas longtemps\u00bb, a d\u00e9clar\u00e9 un Alg\u00e9rien r\u00e9sidant en France. D\u00e9tenteur de la nationalit\u00e9 de ce pays, il s\u2019est approch\u00e9 de l\u2019ambassade de France \u00e0 Alger, mais n\u2019a pas pu recevoir de r\u00e9ponse pr\u00e9cise. \u00abOn m\u2019a dit d\u2019attendre\u00bb, nous a-t-il inform\u00e9.<\/p>\n<p>C\u00f4t\u00e9 alg\u00e9rien, les autorit\u00e9s sont apparemment dispos\u00e9es \u00e0 transporter ces Alg\u00e9riens vers leur pays de r\u00e9sidence, du moins une partie, mais il y a ce probl\u00e8me relatif \u00e0 la fermeture des espaces a\u00e9riens. Donc, pour l\u2019heure, ces Alg\u00e9riens r\u00e9sidant \u00e0 l\u2019\u00e9tranger demeureront dans le pays jusqu\u2019\u00e0 ce que les mesures dict\u00e9es par nombre d\u2019Etats pour freiner la propagation du coronavirus soient assouplies, ce qui ne semble pas se profiler sur le court terme.<\/p>\n<p>A priori, selon les pr\u00e9visions de plusieurs gouvernements, les vols ne devraient reprendre, et encore \u00e0 une fr\u00e9quence r\u00e9duite, qu\u2019\u00e0 partir du mois de juin. A moins que dans les quelques prochaines semaines, certains Etats europ\u00e9ens autorisent un plus grand nombre de vols de rapatriement.<\/p>\n<p><span class=\"post-views-label\">Post Views:<\/span> <span class=\"post-views-count\">6\u00a0412<\/span><\/p>\n<p><br class=\"c2\"\/><br class=\"c6\"\/><\/p>\n<p>Auteur: Hicham Chouadria<br \/>\n<a href=\"https:\/\/www.elwatan.com\/edition\/actualite\/leur-nombre-avoisinerait-les-30-000-des-algeriens-en-attente-de-leur-rapatriement-vers-leur-pays-de-residence-23-04-2020\">Cliquez ici pour lire l&rsquo;article depuis sa source.<\/a><\/p>\n","protected":false},"excerpt":{"rendered":"<p>Les autorit\u00e9s alg\u00e9riennes sont en train de recenser le nombre d\u2019Alg\u00e9riens se trouvant toujours \u00e0 l\u2019\u00e9tranger en vue de leur rapatriement. Ceux-l\u00e0 doivent, \u00e0 cet effet, s\u2019inscrire sur un site internet mis en place depuis quelques jours par le minist\u00e8re de l\u2019Int\u00e9rieur. Une deuxi\u00e8me op\u00e9ration de rapatriement est d\u2019ailleurs en pr\u00e9paration actuellement. Depuis le d\u00e9but [&hellip;]<\/p>\n","protected":false},"author":1743,"featured_media":0,"comment_status":"closed","ping_status":"closed","sticky":false,"template":"","format":"standard","meta":{"fifu_image_url":"","fifu_image_alt":"","footnotes":""},"categories":[73,53],"tags":[],"class_list":["post-83228","post","type-post","status-publish","format-standard","hentry","category-actualite","category-algerie"],"_links":{"self":[{"href":"https:\/\/linitiative.ca\/International\/wp-json\/wp\/v2\/posts\/83228","targetHints":{"allow":["GET"]}}],"collection":[{"href":"https:\/\/linitiative.ca\/International\/wp-json\/wp\/v2\/posts"}],"about":[{"href":"https:\/\/linitiative.ca\/International\/wp-json\/wp\/v2\/types\/post"}],"author":[{"embeddable":true,"href":"https:\/\/linitiative.ca\/International\/wp-json\/wp\/v2\/users\/1743"}],"replies":[{"embeddable":true,"href":"https:\/\/linitiative.ca\/International\/wp-json\/wp\/v2\/comments?post=83228"}],"version-history":[{"count":0,"href":"https:\/\/linitiative.ca\/International\/wp-json\/wp\/v2\/posts\/83228\/revisions"}],"wp:attachment":[{"href":"https:\/\/linitiative.ca\/International\/wp-json\/wp\/v2\/media?parent=83228"}],"wp:term":[{"taxonomy":"category","embeddable":true,"href":"https:\/\/linitiative.ca\/International\/wp-json\/wp\/v2\/categories?post=83228"},{"taxonomy":"post_tag","embeddable":true,"href":"https:\/\/linitiative.ca\/International\/wp-json\/wp\/v2\/tags?post=83228"}],"curies":[{"name":"wp","href":"https:\/\/api.w.org\/{rel}","templated":true}]}}