{"id":83229,"date":"2020-04-23T02:03:59","date_gmt":"2020-04-23T06:03:59","guid":{"rendered":"https:\/\/linitiative.ca\/International\/education-nationale-et-examens-de-fin-dannee-le-flou-persiste\/"},"modified":"2020-04-23T02:03:59","modified_gmt":"2020-04-23T06:03:59","slug":"education-nationale-et-examens-de-fin-dannee-le-flou-persiste","status":"publish","type":"post","link":"https:\/\/linitiative.ca\/International\/education-nationale-et-examens-de-fin-dannee-le-flou-persiste\/","title":{"rendered":"Education nationale et examens de fin d\u2019ann\u00e9e : Le flou persiste"},"content":{"rendered":"<h4 class=\"title-14\"\/>\n<div class=\"featured_image\"><img loading=\"lazy\" decoding=\"async\" width=\"1200\" height=\"797\" src=\"https:\/\/www.elwatan.com\/wp-content\/uploads\/2020\/04\/ecole-col.jpg\" class=\"attachment-post-thumbnail size-post-thumbnail wp-post-image\" alt=\"\" srcset=\"https:\/\/www.elwatan.com\/wp-content\/uploads\/2020\/04\/ecole-col.jpg 1200w, https:\/\/www.elwatan.com\/wp-content\/uploads\/2020\/04\/ecole-col-300x199.jpg 300w, https:\/\/www.elwatan.com\/wp-content\/uploads\/2020\/04\/ecole-col-768x510.jpg 768w, https:\/\/www.elwatan.com\/wp-content\/uploads\/2020\/04\/ecole-col-1024x680.jpg 1024w\" sizes=\"auto, (max-width: 1200px) 100vw, 1200px\"\/><\/div>\n<p class=\"p3\"><span class=\"s5\"><strong>Dans son dernier communiqu\u00e9, le minist\u00e8re de l\u2019Education nationale a annonc\u00e9 la continuit\u00e9 de son plan d\u2019urgence avec quelques modifications.\u00a0<\/strong><\/span><span class=\"s5\"><strong>En plus des cours t\u00e9l\u00e9vis\u00e9s et sur Youtube, les le\u00e7ons du 3<sup>e<\/sup> trimestre seront \u00e9galement diffus\u00e9es sur les cha\u00eenes de la Radio nationale.<\/strong><\/span><\/p>\n<p class=\"p3\"><span class=\"s6\"><strong>A<\/strong><\/span>lors que l\u2019ann\u00e9e scolaire se termine et que la fin de la pand\u00e9mie est encore incertaine, le minist\u00e8re de l\u2019Education nationale campe sur sa position. Des cours dispens\u00e9s en ligne et sur les cha\u00eenes de la T\u00e9l\u00e9vision nationale et un black-out total quant \u00e0 la tenue ou pas des examens de fin d\u2019ann\u00e9e. En parall\u00e8le, les \u00e9l\u00e8ves et leurs parents sont dans le flou.<\/p>\n<p class=\"p3\">Ne communiquant qu\u2019\u00e0 travers des communiqu\u00e9s officiels publi\u00e9s sur sa page Facebook et son site web, le minist\u00e8re de l\u2019Education s\u2019abstient d\u2019annoncer la couleur quant au maintien ou pas du calendrier des examens de fin d\u2019ann\u00e9e. Une position qui plonge les \u00e9l\u00e8ves, notamment ceux du baccalaur\u00e9at, et leurs parents dans un tourbillon de questions et une crainte infinie.<\/p>\n<p class=\"p3\">Dans son dernier communiqu\u00e9, le d\u00e9partement de Mohamed Ouadjaout a annonc\u00e9 la continuit\u00e9 de son plan d\u2019urgence avec quelques modifications. En plus des cours t\u00e9l\u00e9vis\u00e9s et sur YouTube, les le\u00e7ons du 3<sup>e<\/sup> trimestre seront \u00e9galement diffus\u00e9s sur les cha\u00eenes de la Radio nationale. Des \u00e9missions pour la prise en charge psychologique des \u00e9l\u00e8ves seront \u00e9galement diffus\u00e9es.<\/p>\n<p class=\"p3\">Un travail qui se fera, selon le m\u00eame communiqu\u00e9, en collaboration avec les directions de l\u2019\u00e9ducation du territoire national. En plus de cela, le Centre de recherche sur l\u2019information scientifique et technique (Cerist) est tenu d\u2019aider le minist\u00e8re \u00e0 pr\u00e9parer des cours comportant des solutions types pour des exercices et des sujets pour les \u00e9l\u00e8ves concern\u00e9s par les examens de fin d\u2019ann\u00e9e.<\/p>\n<p class=\"p3\">Des \u00e9l\u00e8ves qui restent dans l\u2019expectative. <em>\u00abOn ne sait plus si nous devons nous concentrer sur les r\u00e9visions de nos cours d\u00e9j\u00e0 dispens\u00e9s en classe ou sur ces nouvelles le\u00e7ons dispens\u00e9es en ligne. Avec les perturbations d\u2019internet et le faible d\u00e9bit, nous avons, mes camarades et moi, du mal \u00e0 les suivre. Sinc\u00e8rement, nous n\u2019arrivons pas \u00e0 voir le bout du tunnel\u00bb<\/em>, s\u2019inqui\u00e8te Yasmine, \u00e9l\u00e8ve en 3<sup>e<\/sup> ann\u00e9e secondaire au lyc\u00e9e Hassiba Ben Bouali, \u00e0 Alger.<\/p>\n<p class=\"p3\"><strong>Suivi mitig\u00e9 des cours en ligne<\/strong><\/p>\n<p class=\"p3\">En effet, lanc\u00e9es le 5 avril dernier via 17 cha\u00eenes sur YouTube, les vid\u00e9os diffus\u00e9es sur les web TV de l\u2019Office national de l\u2019enseignement et de la formation \u00e0 distance<span class=\"Apple-converted-space\">\u00a0<\/span> connaissent un taux de suivi tr\u00e8s mitig\u00e9, pour ne pas dire faible, par rapport au nombre d\u2019\u00e9l\u00e8ves concern\u00e9s par ces cours. Le nombre de vues de ces vid\u00e9os n\u2019est plus ou moins important que pour celles mises en ligne, il y a deux semaines.<\/p>\n<p class=\"p3\">Ceci est constat\u00e9 notamment pour les \u00e9l\u00e8ves en classe de terminale. Cela ne d\u00e9passe pas les 100 000 vues. Pour les autres paliers, le taux de suivi est un peu mieux. Il a atteint les 120\u00a0000 vues pour certaines mati\u00e8res jug\u00e9es essentielles, \u00e0 l\u2019instar des math\u00e9matiques.<\/p>\n<p class=\"p3\">Toutefois, il est loin de d\u00e9montrer l\u2019efficacit\u00e9 de ce mode d\u2019apprentissage en ligne. De plus, plusieurs \u00e9l\u00e8ves que nous avons approch\u00e9s se sont \u00e9galement plaints de la qualit\u00e9 audio de ces vid\u00e9os. <em>\u00abJe ne cesserai de le dire\u00a0: le taux<\/em> <em>de faisabilit\u00e9 du plan d\u2019action du minist\u00e8re est tr\u00e8s faible. La solution aujourd\u2019hui est d\u2019avouer la fin de l\u2019ann\u00e9e scolaire, de comptabiliser les moyennes des deux trimestres tenus en classe pour le passage des \u00e9l\u00e8ves des diff\u00e9rentes classes ainsi que ceux de la 5<sup>e<\/sup> ann\u00e9e primaire et 4<sup>e<\/sup> ann\u00e9e moyenne. Pour ceux du baccalaur\u00e9at, il faut carr\u00e9ment aller vers une session en septembre et une p\u00e9riode de r\u00e9vision en ao\u00fbt.<\/em><\/p>\n<p class=\"p3\"><em>Pour cette p\u00e9riode in\u00e9dite, il faut des mesures courageuses et exceptionnelles\u00bb<\/em>, souligne Boualem Amoura, pr\u00e9sident du Satef, avant d\u2019insister sur l\u2019inefficacit\u00e9 de cette politique de maintien de l\u2019incertitude. Un avis partag\u00e9 par Ali Benzina, pr\u00e9sident de l\u2019Organisation des parents d\u2019\u00e9l\u00e8ves. Pour lui, il est important aujourd\u2019hui que le minist\u00e8re adopte des positions claires par rapport aux examens de fin d\u2019ann\u00e9e.<\/p>\n<p class=\"p3\"><em>\u00abInquiets quant \u00e0 la scolarit\u00e9 de nos enfants, nous devons aujourd\u2019hui \u00eatre fix\u00e9s. Le minist\u00e8re doit annoncer ses sc\u00e9narios envisageables si la p\u00e9riode de confinement dure encore plus. L\u2019avenir de nos enfants m\u00e9rite plus de clart\u00e9\u00bb<\/em>, d\u00e9clare notre interlocuteur qui d\u00e9voile avoir d\u00e9j\u00e0 envoy\u00e9 une correspondance au pr\u00e9sident de la R\u00e9publique afin de prendre les mesures n\u00e9cessaires pour sauver cette ann\u00e9e scolaire in\u00e9dite.<\/p>\n<p><span class=\"post-views-label\">Post Views:<\/span> <span class=\"post-views-count\">4\u00a0814<\/span><\/p>\n<p><br class=\"c2\"\/><br class=\"c6\"\/><\/p>\n<p>Auteur: Anis Khecheba<br \/>\n<a href=\"https:\/\/www.elwatan.com\/edition\/actualite\/education-nationale-et-examens-de-fin-dannee-le-flou-persiste-23-04-2020\">Cliquez ici pour lire l&rsquo;article depuis sa source.<\/a><\/p>\n","protected":false},"excerpt":{"rendered":"<p>Dans son dernier communiqu\u00e9, le minist\u00e8re de l\u2019Education nationale a annonc\u00e9 la continuit\u00e9 de son plan d\u2019urgence avec quelques modifications.\u00a0En plus des cours t\u00e9l\u00e9vis\u00e9s et sur Youtube, les le\u00e7ons du 3e trimestre seront \u00e9galement diffus\u00e9es sur les cha\u00eenes de la Radio nationale. Alors que l\u2019ann\u00e9e scolaire se termine et que la fin de la pand\u00e9mie [&hellip;]<\/p>\n","protected":false},"author":1743,"featured_media":0,"comment_status":"closed","ping_status":"closed","sticky":false,"template":"","format":"standard","meta":{"fifu_image_url":"","fifu_image_alt":"","footnotes":""},"categories":[73,53],"tags":[],"class_list":["post-83229","post","type-post","status-publish","format-standard","hentry","category-actualite","category-algerie"],"_links":{"self":[{"href":"https:\/\/linitiative.ca\/International\/wp-json\/wp\/v2\/posts\/83229","targetHints":{"allow":["GET"]}}],"collection":[{"href":"https:\/\/linitiative.ca\/International\/wp-json\/wp\/v2\/posts"}],"about":[{"href":"https:\/\/linitiative.ca\/International\/wp-json\/wp\/v2\/types\/post"}],"author":[{"embeddable":true,"href":"https:\/\/linitiative.ca\/International\/wp-json\/wp\/v2\/users\/1743"}],"replies":[{"embeddable":true,"href":"https:\/\/linitiative.ca\/International\/wp-json\/wp\/v2\/comments?post=83229"}],"version-history":[{"count":0,"href":"https:\/\/linitiative.ca\/International\/wp-json\/wp\/v2\/posts\/83229\/revisions"}],"wp:attachment":[{"href":"https:\/\/linitiative.ca\/International\/wp-json\/wp\/v2\/media?parent=83229"}],"wp:term":[{"taxonomy":"category","embeddable":true,"href":"https:\/\/linitiative.ca\/International\/wp-json\/wp\/v2\/categories?post=83229"},{"taxonomy":"post_tag","embeddable":true,"href":"https:\/\/linitiative.ca\/International\/wp-json\/wp\/v2\/tags?post=83229"}],"curies":[{"name":"wp","href":"https:\/\/api.w.org\/{rel}","templated":true}]}}