{"id":83231,"date":"2020-04-23T02:05:43","date_gmt":"2020-04-23T06:05:43","guid":{"rendered":"https:\/\/linitiative.ca\/International\/linstitut-national-de-sante-publique-alerte-vers-lapparition-de-nouveaux-foyers\/"},"modified":"2020-04-23T02:05:43","modified_gmt":"2020-04-23T06:05:43","slug":"linstitut-national-de-sante-publique-alerte-vers-lapparition-de-nouveaux-foyers","status":"publish","type":"post","link":"https:\/\/linitiative.ca\/International\/linstitut-national-de-sante-publique-alerte-vers-lapparition-de-nouveaux-foyers\/","title":{"rendered":"L\u2019Institut national de Sant\u00e9 Publique alerte : Vers l\u2019apparition de nouveaux foyers"},"content":{"rendered":"<h4 class=\"title-14\"\/>\n<div class=\"featured_image\"><img loading=\"lazy\" decoding=\"async\" width=\"1000\" height=\"419\" src=\"https:\/\/www.elwatan.com\/wp-content\/uploads\/2020\/04\/UNEEEEE-4.jpg\" class=\"attachment-post-thumbnail size-post-thumbnail wp-post-image\" alt=\"\" srcset=\"https:\/\/www.elwatan.com\/wp-content\/uploads\/2020\/04\/UNEEEEE-4.jpg 1000w, https:\/\/www.elwatan.com\/wp-content\/uploads\/2020\/04\/UNEEEEE-4-300x126.jpg 300w, https:\/\/www.elwatan.com\/wp-content\/uploads\/2020\/04\/UNEEEEE-4-768x322.jpg 768w\" sizes=\"auto, (max-width: 1000px) 100vw, 1000px\"\/><\/div>\n<p class=\"p1\"><strong><em>Le directeur de l\u2019Institut national de sant\u00e9 publique craint qu\u2019avec cette nouvelle recrudescence,<\/em> \u00abune alt\u00e9ration de\u00a0tous les r\u00e9sultats probants obtenus jusque-l\u00e0 gr\u00e2ce au confinement et au protocole de traitement mis en place avec une prise de conscience de la population au d\u00e9but de l\u2019\u00e9pid\u00e9mie ne soit mise \u00e0 mal\u00bb.<\/strong><\/p>\n<p class=\"p1\"><span class=\"s1\">L<\/span>e risque d\u2019apparition d\u2019un nouveau foyer de contamination au Covid-19 n\u2019est pas \u00e0 \u00e9carter dans d\u2019autres r\u00e9gions du pays, notamment \u00e0 l\u2019Est, selon le P<sup>r<\/sup> Lyes Rahal, directeur g\u00e9n\u00e9ral de l\u2019Institut national de sant\u00e9 publique (INSP).<\/p>\n<p class=\"p4\">Comme il redoute une multiplication d\u2019infections \u00e0 Blida et \u00e0 Alger, o\u00f9 l\u2019on constate un rel\u00e2chement et un manque de respect des mesures de pr\u00e9vention et de pr\u00e9caution quant \u00e0 la distanciation sociale, \u00e0 la veille du mois de Ramadhan. \u00ab<em>Le nombre de nouveaux cas de Covid-19 dans certaines villes du pays conna\u00eet actuellement une progression inqui\u00e9tante. Il est urgent de revenir au respect des mesures barri\u00e8res et surtout la distanciation sociale, qui permettent de casser la cha\u00eene de contamination<\/em>\u00bb, a-t-il averti.<\/p>\n<p class=\"p4\">Le directeur de l\u2019INSP craint qu\u2019avec cette nouvelle recrudescence, <em>\u00abune alt\u00e9ration de\u00a0tous les r\u00e9sultas probants obtenus jusque-l\u00e0 gr\u00e2ce au confinement et au protocole de traitement mis en place avec une prise de conscience de la population au d\u00e9but de l\u2019\u00e9pid\u00e9mie ne soit mise \u00e0 mal<\/em>\u00bb. Il appelle ainsi au respect des mesures de protection et \u00e9viter les d\u00e9placements inutiles. \u00ab<em>Plusieurs personnes sont d\u00e9c\u00e9d\u00e9es, faisons l\u2019effort de r\u00e9duire les contaminations et par l\u00e0 la mortalit\u00e9<\/em>\u00bb, a-t-il ajout\u00e9.<\/p>\n<p class=\"p4\">Dans un premier bulletin sur la situation de la pand\u00e9mie de Covid-19 en Alg\u00e9rie depuis la confirmation du premier cas en f\u00e9vrier dernier et ce jusqu\u2019au 18 avril, l\u2019\u00e9quipe de l\u2019Institut Pasteur revient dans cette publication, dans le d\u00e9tail, sur la distribution spatiale des cas, les caract\u00e9ristiques des personnes, les tendances en mati\u00e8re de mortalit\u00e9 et quelques dates-cl\u00e9s concernant la lutte contre cette \u00e9pid\u00e9mie.<\/p>\n<p class=\"p4\">\u00ab<em>Les donn\u00e9es pr\u00e9sent\u00e9es ici refl\u00e8tent les tendances des malades pour lesquels une confirmation biologique a \u00e9t\u00e9 obtenue<\/em>\u00bb, pr\u00e9cisent les r\u00e9dacteurs. La mortalit\u00e9 due au Covid-19 a suscit\u00e9 de nombreuses interrogations quant au taux jug\u00e9 tr\u00e8s \u00e9lev\u00e9 par rapport au nombre de cas confirm\u00e9s. Il est donc signal\u00e9 dans ce bulletin que la r\u00e9gion qui observe les taux les plus \u00e9lev\u00e9s est celle du Centre, aussi bien en termes de taux que de l\u00e9talit\u00e9.<\/p>\n<p class=\"p4\">\u00ab<em>L\u2019\u00e9picentre est localis\u00e9 essentiellement dans la r\u00e9gion centre, plus particuli\u00e8rement au niveau des wilayas de Blida et d\u2019Alger, qui cumulent \u00e0 elles deux 43,5% de tous les cas d\u00e9clar\u00e9s et les deux tiers de la r\u00e9gion sanitaire centre, \u00e0 savoir 66,7%. Le nombre de cas cumul\u00e9s de la r\u00e9gion centre repr\u00e9sente pratiquement les deux tiers. Toutes les wilayas ont d\u00e9clar\u00e9 des cas, \u00e0 l\u2019exception de Tindouf<\/em>\u00bb, est-il soulign\u00e9.<\/p>\n<p class=\"p4\">Et de pr\u00e9ciser que plus du tiers des cas confirm\u00e9s, soit 37,5%, sont notifi\u00e9s chez les personnes \u00e2g\u00e9es de 60 ans. Le sex-ratio est de 1,36 sur l\u2019ensemble des cas cumul\u00e9s, soit un peu moins de deux femmes pour trois hommes touch\u00e9s. <em>\u00abOn observe une modification de ce ratio dans la population des d\u00e9c\u00e9d\u00e9s.<\/em> <em>Ce ratio est de 2,5 chez les patients d\u00e9c\u00e9d\u00e9s, soit deux d\u00e9c\u00e8s f\u00e9minins pour cinq d\u00e9c\u00e8s masculins, confirmant une l\u00e9talit\u00e9 plus importante pour cette derni\u00e8re cat\u00e9gorie. Ceci pourrait \u00eatre en rapport avec la fr\u00e9quence et\/ou la nature des comorbidit\u00e9s associ\u00e9es<\/em>\u00bb, a-t-on expliqu\u00e9.<\/p>\n<p class=\"p4\">Les d\u00e9c\u00e8s sont essentiellement observ\u00e9s chez cette cat\u00e9gorie de personnes ou plus \u00e2g\u00e9e. \u00ab<em>Les taux de mortalit\u00e9 sp\u00e9cifiques et les taux de l\u00e9talit\u00e9 augmentent avec l\u2019\u00e2ge. Le point d\u2019inflexion se situe chez les 50-59 ans, o\u00f9 l\u2019on note une cassure nette de la courbe<\/em>\u00bb, rel\u00e8ve l\u2019INSP. Et de pr\u00e9ciser : <em>\u00abIl est \u00e0 noter qu\u2019une diff\u00e9rence importante a \u00e9t\u00e9 observ\u00e9e chez les 40-49 ans, o\u00f9 l\u2019on enregistre neuf d\u00e9c\u00e8s masculins pour un d\u00e9c\u00e8s de sexe<\/em> <em>f\u00e9minin.<\/em><\/p>\n<p class=\"p4\"><em>Trente-neuf wilayas ont notifi\u00e9 des d\u00e9c\u00e8s confirm\u00e9s par PCR<\/em>.<em>\u00bb<\/em> Interrog\u00e9 sur la raison du taux de l\u00e9talit\u00e9 qui est \u00e9lev\u00e9, le P<sup>r<\/sup>\u00a0Rahal pr\u00e9cise que cela s\u2019explique par le faible taux de d\u00e9pistage de cas confirm\u00e9s, sachant que 80% des cas de Covid-19 sont asymptotiques.<\/p>\n<p class=\"p4\">Ce qui est effectivement probl\u00e9matique s\u2019il les mesures de pr\u00e9vention ne sont pas respect\u00e9es, a-t-il ajout\u00e9. Le bulletin de l\u2019INSP signale que 4076 patients ont \u00e9t\u00e9 mis sous le nouveau protocole th\u00e9rapeutique associant chloroquine et azithromycine, depuis le 24 mars dernier au 18 avril, et 441 nouveaux malades ont \u00e9t\u00e9 mis sous traitement les 17 et 18 avril.<\/p>\n<p class=\"p4\">Les malades sous traitement incluent les cas confirm\u00e9s biologiquement et ceux confirm\u00e9s radiologiquement. Pour ces derniers, 38% des malades ont \u00e9t\u00e9 mis sous traitement et 894 malades Covid-19 ont \u00e9t\u00e9 d\u00e9clar\u00e9s gu\u00e9ris. A noter que ce bulletin a \u00e9t\u00e9 \u00e9labor\u00e9 \u00e0 partir des donn\u00e9es mises en ligne par le minist\u00e8re de la Sant\u00e9 et provenant des diff\u00e9rents \u00e9tablissements de sant\u00e9 publique prenant en charge les malades Covid-19, pr\u00e9cisent les r\u00e9dacteurs.<\/p>\n<p><span class=\"post-views-label\">Post Views:<\/span> <span class=\"post-views-count\">15\u00a0026<\/span><\/p>\n<p><br class=\"c2\"\/><br class=\"c6\"\/><\/p>\n<p>Auteur: Anis Khecheba<br \/>\n<a href=\"https:\/\/www.elwatan.com\/edition\/actualite\/linstitut-national-de-sante-publique-alerte-vers-lapparition-de-nouveaux-foyers-23-04-2020\">Cliquez ici pour lire l&rsquo;article depuis sa source.<\/a><\/p>\n","protected":false},"excerpt":{"rendered":"<p>Le directeur de l\u2019Institut national de sant\u00e9 publique craint qu\u2019avec cette nouvelle recrudescence, \u00abune alt\u00e9ration de\u00a0tous les r\u00e9sultats probants obtenus jusque-l\u00e0 gr\u00e2ce au confinement et au protocole de traitement mis en place avec une prise de conscience de la population au d\u00e9but de l\u2019\u00e9pid\u00e9mie ne soit mise \u00e0 mal\u00bb. Le risque d\u2019apparition d\u2019un nouveau foyer [&hellip;]<\/p>\n","protected":false},"author":1743,"featured_media":0,"comment_status":"closed","ping_status":"closed","sticky":false,"template":"","format":"standard","meta":{"fifu_image_url":"","fifu_image_alt":"","footnotes":""},"categories":[73,53],"tags":[],"class_list":["post-83231","post","type-post","status-publish","format-standard","hentry","category-actualite","category-algerie"],"_links":{"self":[{"href":"https:\/\/linitiative.ca\/International\/wp-json\/wp\/v2\/posts\/83231","targetHints":{"allow":["GET"]}}],"collection":[{"href":"https:\/\/linitiative.ca\/International\/wp-json\/wp\/v2\/posts"}],"about":[{"href":"https:\/\/linitiative.ca\/International\/wp-json\/wp\/v2\/types\/post"}],"author":[{"embeddable":true,"href":"https:\/\/linitiative.ca\/International\/wp-json\/wp\/v2\/users\/1743"}],"replies":[{"embeddable":true,"href":"https:\/\/linitiative.ca\/International\/wp-json\/wp\/v2\/comments?post=83231"}],"version-history":[{"count":0,"href":"https:\/\/linitiative.ca\/International\/wp-json\/wp\/v2\/posts\/83231\/revisions"}],"wp:attachment":[{"href":"https:\/\/linitiative.ca\/International\/wp-json\/wp\/v2\/media?parent=83231"}],"wp:term":[{"taxonomy":"category","embeddable":true,"href":"https:\/\/linitiative.ca\/International\/wp-json\/wp\/v2\/categories?post=83231"},{"taxonomy":"post_tag","embeddable":true,"href":"https:\/\/linitiative.ca\/International\/wp-json\/wp\/v2\/tags?post=83231"}],"curies":[{"name":"wp","href":"https:\/\/api.w.org\/{rel}","templated":true}]}}