{"id":83236,"date":"2020-04-23T12:39:00","date_gmt":"2020-04-23T16:39:00","guid":{"rendered":"https:\/\/linitiative.ca\/International\/artisanat-comment-sortir-dune-crise-permanente-accentuee-par-le-covid-19\/"},"modified":"2020-04-23T12:39:00","modified_gmt":"2020-04-23T16:39:00","slug":"artisanat-comment-sortir-dune-crise-permanente-accentuee-par-le-covid-19","status":"publish","type":"post","link":"https:\/\/linitiative.ca\/International\/artisanat-comment-sortir-dune-crise-permanente-accentuee-par-le-covid-19\/","title":{"rendered":"Artisanat: comment sortir d\u2019une crise permanente accentu\u00e9e par le COVID 19 ?"},"content":{"rendered":"<p><img decoding=\"async\" src=\"\/uploads\/FCK_files\/Hichem-Houidhek.jpg\" alt=\"\" width=\"30%\" vspace=\"5\" hspace=\"5\" align=\"left\"\/>Le secteur de l\u2019artisanat et des m\u00e9tiers d\u2019art est un secteur qui a v\u00e9cu des crises successives en Tunisie qui l\u2019ont \u00e9branl\u00e9 mais n\u2019ont jamais r\u00e9ussi \u00e0 l\u2019an\u00e9antir compl\u00e8tement. Mais avec la crise actuelle, la question se pose s\u00e9rieusement au vu de l\u2019inertie totale des structures en charge du secteur et surtout de l\u2019absence de visibilit\u00e9 en rapport avec l\u2019\u00e9volution des march\u00e9s traditionnels\u00a0 du produit artisanal (march\u00e9 touristique; march\u00e9 local et\u00a0 exportation directe sur le march\u00e9 international).<\/p>\n<p>L\u2019artisanat tunisien\u00a0 se trouve ainsi face \u00e0 la plus grave crise\u00a0 de son histoire pourtant jalonn\u00e9e de d\u00e9fis qu\u2019il a su plus ou moins relev\u00e9 malgr\u00e9 tout les al\u00e9as.<br \/>Pour preuve, le succ\u00e8s toujours grandissant du salon annuel de l\u2019artisanat qui reste \u00abla principale\u00a0 vitrine\u00bb du secteur m\u00eame s\u2019il est loin de refl\u00e9ter exactement ses r\u00e9alit\u00e9s complexes et surtout le douloureux destin de l\u2019artisan tunisien.<\/p>\n<p>En effet, l\u2019observateur averti de l\u2019\u00e9volution de l\u2019artisanat tunisien au cours des derni\u00e8res ann\u00e9es ne peut que constater l\u2019\u00e9chec de la politique gouvernementale \u00e0 conserver et \u00e0 renforcer le savoir-faire de l\u2019artisan qui doit en principe \u00eatre au centre de tous les programmes de d\u00e9veloppement du secteur et ne pas rester en marge pour \u00eatre en fin de compter marginaliser et rester au bord de la route de la soci\u00e9t\u00e9.<\/p>\n<p>La place de l\u2019artisan dans la soci\u00e9t\u00e9 reste en effet un facteur d\u00e9terminent pour mesurer l\u2019\u00e9volution du secteur.<\/p>\n<p>\u00a0A cet \u00e9gard faut reconna\u00eetre que l\u2019artisan tunisien a perdu beaucoup tant en nombre qu\u2019en qualit\u00e9.<\/p>\n<p>Peut-on parler encore des 300 000 artisans selon les statistiques officielles pr\u00e9sent\u00e9es \u00e0 l\u2019occasion des \u00e9tudes sectorielles ou des programmes de d\u00e9veloppement d\u2019un secteur \u00e0 la d\u00e9rive ?<\/p>\n<p>Un recensement effectif des comp\u00e9tences artisanales encore en exercice serait ainsi la base de tout plan de relance apr\u00e8s le passage de la crise COVID 19.<br \/>Mais m\u00eame si les effectifs ont \u00e9t\u00e9 beaucoup r\u00e9duits du fait des crises successives v\u00e9cues par l\u2019artisanat tunisien, le secteur garde un potentiel important li\u00e9 \u00e0 ses implications culturelles, sociales et \u00e9conomiques.<\/p>\n<p>Le patrimoine artisanal tunisien qui se perp\u00e9tue \u00e0 travers plus d\u2019une centaine de m\u00e9tiers ancestraux arrive \u00e0 maintenir une certaine stabilit\u00e9 malgr\u00e9 la disparition ponctuelle de plusieurs activit\u00e9s qui ont perdu leurs fonctions\u00a0 dans la soci\u00e9t\u00e9 et leurs efficiences \u00e9conomiques et leurs places dans les circuits de commercialisation du produit artisanal.<\/p>\n<p>La place de l\u2019artisan dans la soci\u00e9t\u00e9 tunisienne a ainsi \u00e9t\u00e9 li\u00e9e, en grande partie, \u00e0 sa capacit\u00e9 d\u2019adaptation \u00e9conomique et \u00e0 sa propension \u00e0 maitriser un segment du march\u00e9 sur le plan national ou international.<\/p>\n<p>La politique gouvernementale dans l\u2019encadrement du secteur artisanal qui s\u2019est caract\u00e9ris\u00e9 par une rigidit\u00e9 permanente doit ainsi changer et s\u2019adapter \u00e0 de nouvelles r\u00e9alit\u00e9s qui ne manqueront pas d\u2019apparaitre suite \u00e0\u00a0 cette crise sans pr\u00e9c\u00e9dent.<\/p>\n<p>L\u2019Etat ne peut plus se contenter d\u2019interventions sporadiques dans un secteur au bord de l\u2019explosion mais recentrer tous ses outils au service d\u2019une strat\u00e9gie \u00e0 mettre en place en vue de sauver l\u2019artisanat tunisien dans ce nouveau contexte \u00e9conomique.\u00a0\u00a0<\/p>\n<p>Cette nouvelle strat\u00e9gie se doit aussi d\u2019appr\u00e9hender le secteur sous un nouvel angle qui doit prendre en compte les r\u00e9alit\u00e9s \u00e9conomiques du secteur et du pays.<\/p>\n<p>On ne peut plus aujourd\u2019hui se permettre le luxe d\u2019ignorer le concept de micro entreprise pr\u00e9pond\u00e9rant dans la cr\u00e9ation et le v\u00e9cu de l\u2019entreprise artisanale tunisienne.<\/p>\n<p>La micro entreprise repr\u00e9sente la base de toute activit\u00e9 \u00e9conomique en Tunisie et doit \u00eatre mise en avant dans tout plan de relance de l\u2019\u00e9conomie tunisienne.<\/p>\n<p>Cette donne essentielle est loin d\u2019avoir \u00e9t\u00e9 comprise par le gouvernement actuel dont les derni\u00e8res mesures prises pour faire face aux retomb\u00e9es \u00e9conomiques de la crise sanitaire ne prennent pas en compte les sp\u00e9cificit\u00e9s de la micro entreprise et repr\u00e9sentent m\u00eame un affront certain aux artisans tunisiens en les mettant de fait au bas de l\u2019\u00e9tage social.<\/p>\n<p>Proposer aux artisans tunisiens une r\u00e9mun\u00e9ration mensuelle de 200 dinars comme r\u00e9sultat final d\u2019une longue et difficile proc\u00e9dure sur un site internet ne peut d\u00e9noter que d\u2019une m\u00e9connaissance totale des r\u00e9alit\u00e9s du secteur et d&rsquo;une approche erron\u00e9e du probl\u00e8me.<\/p>\n<p class=\"c2\"><strong>Hichem Houidhek<\/strong><br \/><em>R\u00e9dacteur en chef du magazine \u00ab dartounes \u00bb<br \/>Ancien cadre \u00e0 l\u2019UTICA<br \/>Secr\u00e9taire g\u00e9n\u00e9ral de la F\u00e9d\u00e9ration Nationale de l\u2019Artisanat (avril 1991 \u2013 novembre 2018)<\/em><\/p>\n<p>Auteur:<br \/>\n<a href=\"https:\/\/www.leaders.com.tn\/article\/29756-artisanat-comment-sortir-d-une-crise-permanente-accentuee-par-le-covid-19\">Cliquez ici pour lire l&rsquo;article depuis sa source.<\/a><\/p>\n","protected":false},"excerpt":{"rendered":"<p>Le secteur de l\u2019artisanat et des m\u00e9tiers d\u2019art est un secteur qui a v\u00e9cu des crises successives en Tunisie qui l\u2019ont \u00e9branl\u00e9 mais n\u2019ont jamais r\u00e9ussi \u00e0 l\u2019an\u00e9antir compl\u00e8tement. Mais avec la crise actuelle, la question se pose s\u00e9rieusement au vu de l\u2019inertie totale des structures en charge du secteur et surtout de l\u2019absence de [&hellip;]<\/p>\n","protected":false},"author":1772,"featured_media":0,"comment_status":"closed","ping_status":"closed","sticky":false,"template":"","format":"standard","meta":{"fifu_image_url":"","fifu_image_alt":"","footnotes":""},"categories":[73,55],"tags":[],"class_list":["post-83236","post","type-post","status-publish","format-standard","hentry","category-actualite","category-tunisie"],"_links":{"self":[{"href":"https:\/\/linitiative.ca\/International\/wp-json\/wp\/v2\/posts\/83236","targetHints":{"allow":["GET"]}}],"collection":[{"href":"https:\/\/linitiative.ca\/International\/wp-json\/wp\/v2\/posts"}],"about":[{"href":"https:\/\/linitiative.ca\/International\/wp-json\/wp\/v2\/types\/post"}],"author":[{"embeddable":true,"href":"https:\/\/linitiative.ca\/International\/wp-json\/wp\/v2\/users\/1772"}],"replies":[{"embeddable":true,"href":"https:\/\/linitiative.ca\/International\/wp-json\/wp\/v2\/comments?post=83236"}],"version-history":[{"count":0,"href":"https:\/\/linitiative.ca\/International\/wp-json\/wp\/v2\/posts\/83236\/revisions"}],"wp:attachment":[{"href":"https:\/\/linitiative.ca\/International\/wp-json\/wp\/v2\/media?parent=83236"}],"wp:term":[{"taxonomy":"category","embeddable":true,"href":"https:\/\/linitiative.ca\/International\/wp-json\/wp\/v2\/categories?post=83236"},{"taxonomy":"post_tag","embeddable":true,"href":"https:\/\/linitiative.ca\/International\/wp-json\/wp\/v2\/tags?post=83236"}],"curies":[{"name":"wp","href":"https:\/\/api.w.org\/{rel}","templated":true}]}}