{"id":83240,"date":"2020-04-23T01:00:00","date_gmt":"2020-04-23T05:00:00","guid":{"rendered":"https:\/\/linitiative.ca\/International\/vers-une-nouvelle-gouvernance-pour-lalgerie\/"},"modified":"2020-04-23T01:00:00","modified_gmt":"2020-04-23T05:00:00","slug":"vers-une-nouvelle-gouvernance-pour-lalgerie","status":"publish","type":"post","link":"https:\/\/linitiative.ca\/International\/vers-une-nouvelle-gouvernance-pour-lalgerie\/","title":{"rendered":"Vers une nouvelle gouvernance pour l\u2019Alg\u00e9rie (*)"},"content":{"rendered":"<p class=\"c3\"><em><strong>Par Amine Kherbi(**)<\/strong><\/em><br \/>Dans les visions qu\u2019on peut avoir de la gouvernance en Alg\u00e9rie, il y a d\u2019abord la protection de la souverainet\u00e9 nationale, des libert\u00e9s individuelles et collectives, l\u2019organisation de l\u2019int\u00e9grit\u00e9 de l\u2019\u00c9tat, la consolidation de la stabilit\u00e9 politique, la pratique de la concertation, la coh\u00e9rence des institutions et la s\u00e9curit\u00e9 du d\u00e9veloppement.\u00a0<\/p>\n<p class=\"c3\">Une attention particuli\u00e8re est aussi apport\u00e9e au renforcement de la solidarit\u00e9 nationale et \u00e0 la capacit\u00e9 d\u2019adaptation au changement pour faire face aux pressions et aux d\u00e9fis du futur. Mais pour att\u00e9nuer l\u2019impact d\u2019une mondialisation d\u00e9brid\u00e9e sur la situation \u00e9conomique et social du pays, des efforts nouveaux sont n\u00e9cessaires dans le contexte de la crise actuelle pour pr\u00e9server la sant\u00e9, la culture, l\u2019\u00e9ducation, la nature, la coh\u00e9sion sociale et la solidarit\u00e9. Notre ambition doit \u00eatre porteuse d\u2019un nouveau projet de soci\u00e9t\u00e9 fond\u00e9 sur un nouveau mode de gouvernance.<br \/>Cependant, la crise que nous vivons marque des ruptures radicales. Les changements provoqu\u00e9s par l\u2019\u00e9pid\u00e9mie du coronavirus et le ralentissement de l\u2019\u00e9conomie mondiale n\u2019en sont qu\u2019\u00e0 leurs d\u00e9buts. La chute drastique du prix du p\u00e9trole plonge un pays producteur comme l\u2019Alg\u00e9rie dans un marasme \u00e9conomique, bouleverse ses plans de relance et le contraint \u00e0 des mesures d\u2019ajustement draconiennes. Le renouvellement des bases de la croissance, par la diversification des activit\u00e9s productives et l\u2019adaptation du cadre institutionnel, devient d\u00e8s lors probl\u00e9matique. Pour autant, c\u2019est une opportunit\u00e9 pour r\u00e9tablir l\u2019\u00c9tat dans sa fonction de strat\u00e8ge et de r\u00e9gulateur en le pla\u00e7ant au c\u0153ur du redressement de la nation.\u00a0<br \/>L\u2019Alg\u00e9rie doit reconqu\u00e9rir son destin en prenant les choses en main. Un sursaut est donc n\u00e9cessaire, d\u2019autant que nous sommes confront\u00e9s \u00e0 des d\u00e9fis et des remises en cause sans pr\u00e9c\u00e9dent. La poursuite de l\u2019approfondissement des r\u00e9formes est plus que jamais indispensable. La n\u00e9cessit\u00e9 de l\u2019ajustement en profondeur aux donn\u00e9es \u00e9conomiques nouvelles, nationales et internationales, est aujourd\u2019hui une exigence imp\u00e9rative. D\u2019o\u00f9 la n\u00e9cessit\u00e9 de mieux sensibiliser et d\u2019associer davantage les partenaires \u00e9conomiques et sociaux \u00e0 l\u2019action de redressement national. De fait, il faudra \u00eatre capable de proposer des projets complets et coh\u00e9rents. C\u2019est l\u2019\u00e9laboration d\u2019un nouveau mod\u00e8le de d\u00e9veloppement qui s\u2019impose \u00e0 nous d\u00e9sormais.(1) Ce choix est incontournable.<br \/>Nous devons en effet red\u00e9finir les param\u00e8tres de notre \u00e9conomie en mettant en \u00e9vidence les \u00e9l\u00e9ments susceptibles de conforter une strat\u00e9gie \u00e0 long terme du d\u00e9veloppement \u00e9conomique et social. Une politique \u00e9conomique r\u00e9nov\u00e9e et adapt\u00e9e, avec les orientations et les m\u00e9thodes qui doivent l\u2019inspirer, est \u00e0 cet \u00e9gard cruciale dans un contexte de crise et de d\u00e9fis multiples.<\/p>\n<p class=\"c3\"><strong>G\u00e9rer efficacement le changement<\/strong><br \/>Certaines \u00e9volutions s\u2019imposent comme des \u00e9l\u00e9ments structurants du monde de demain. Il est donc n\u00e9cessaire de jeter un regard prospectif sur les contraintes externes et de prendre en compte les variables de la mondialisation pour g\u00e9rer efficacement le changement en nous inscrivant dans la dur\u00e9e.\u00a0<br \/>D\u2019o\u00f9 l\u2019importance pour notre pays de forger une nouvelle ambition afin de pr\u00e9server et de consolider ses int\u00e9r\u00eats permanents. Dans le climat actuel d\u2019incertitude et de contraintes, l\u2019\u00c9tat doit concevoir des projets cr\u00e9dibles et les \u00e9tayer par des mesures concr\u00e8tes attestant de sa d\u00e9termination et de sa volont\u00e9 \u00e0 r\u00e9pondre aux aspirations du peuple \u00e0 un d\u00e9veloppement durable.<br \/>L\u2019histoire contemporaine de l\u2019Alg\u00e9rie nous enseigne que la capacit\u00e9 \u00e0 entreprendre des actions coh\u00e9rentes et n\u00e9cessaires pour l\u2019int\u00e9r\u00eat g\u00e9n\u00e9ral a toujours conduit notre pays \u00e0 l\u2019essentiel et au progr\u00e8s. Nous ne devons donc pas laisser les \u00e9v\u00e9nements d\u00e9cider du destin de l\u2019Alg\u00e9rie \u00e0 la place des Alg\u00e9riens.\u00a0<br \/>Prendre \u00e0 bras-le-corps nos probl\u00e8mes et les r\u00e9soudre dans le sens le plus favorable \u00e0 nos besoins de s\u00e9curit\u00e9 et de d\u00e9veloppement est un imp\u00e9ratif cat\u00e9gorique. Les Alg\u00e9riens mesurent les risques qui p\u00e8sent sur le statut de notre nation comme sur les g\u00e9n\u00e9rations futures. C\u2019est pourquoi il est n\u00e9cessaire de donner une perspective globale \u00e0 l\u2019essor d\u2019une soci\u00e9t\u00e9 alg\u00e9rienne ouverte et \u00e0 la promotion du d\u00e9veloppement durable dans notre pays. C\u2019est la meilleure mani\u00e8re de s\u2019attaquer aux causes des bouleversements que nous connaissons et de faire face \u00e0 la crise multidimensionnelle que nous vivons dans un monde complexe et incertain. Une r\u00e9flexion renouvel\u00e9e est n\u00e9cessaire car il est temps d\u2019inventer autre chose.<br \/>Dans son fonctionnement, l\u2019\u00e9conomie alg\u00e9rienne doit faire une large place \u00e0 l\u2019approfondissement des r\u00e9formes consid\u00e9r\u00e9es comme des \u00e9tapes oblig\u00e9es d\u2019une exigence impos\u00e9e par la croissance d\u00e9mographique, la mutation technologique, la comp\u00e9titivit\u00e9 \u00e9conomique ainsi que les transformations structurelles qui affectent les modes de consommation, de production et d\u2019organisation sociale favorisant le d\u00e9veloppement des innovations.\u00a0<br \/>Il importe donc d\u2019\u00e9laborer une strat\u00e9gie d\u2019ajustement de la structure industrielle permettant l\u2019am\u00e9lioration du climat pour les PME afin qu\u2019elles soient plus performantes dans un environnement porteur. De ce cadre, la mani\u00e8re d\u2019orienter les entreprises, pour \u00eatre \u00e0 la fois cr\u00e9atrices de richesses et capables de concevoir les synergies et les innovations, est essentielle pour acc\u00e9l\u00e9rer la dynamique de progr\u00e8s.\u00a0<br \/>Aussi, l\u2019investissement productif, la gestion efficace des ressources humaines, la promotion de la recherche et de l\u2019innovation ainsi que la ma\u00eetrise des r\u00e8gles de l\u2019\u00e9conomie de march\u00e9 doivent-ils \u00eatre \u00e0 la base du renouveau de l\u2019entreprise alg\u00e9rienne r\u00e9solument engag\u00e9e \u00e0 mettre en \u0153uvre les r\u00e9formes et \u00e0 r\u00e9ussir le pari de la gouvernance au service de la soci\u00e9t\u00e9. La connaissance concr\u00e8te des situations et les r\u00e9actions des comportements est \u00e9videmment importante d\u00e8s lors que sont men\u00e9es des r\u00e9formes fondamentales du syst\u00e8me \u00e9conomique pour promouvoir les transformations que requiert la r\u00e9ussite de la nouvelle gouvernance.\u00a0<\/p>\n<p><strong>Redonner aux citoyens\u00a0le go\u00fbt de l\u2019avenir<\/strong><br \/>Cela appelle une r\u00e9animation g\u00e9n\u00e9rale de la soci\u00e9t\u00e9 et un engagement r\u00e9solu de la nation. Il est important de redonner aux citoyens le go\u00fbt de l\u2019avenir en r\u00e9habilitant le travail, le savoir et la connaissance. En faisant fructifier le capital humain, non seulement on permet aux citoyens de contribuer davantage \u00e0 l\u2019\u00e9conomie mais on renforce aussi leur position au sein de la soci\u00e9t\u00e9 en encourageant l\u2019apparition de nouvelles formes de gouvernance qui permettent une plus large place \u00e0 la participation.<br \/>Voil\u00e0 pourquoi nous devons investir dans les ressources humaines. L\u2019\u00e9ducation, la nutrition et les services de sant\u00e9 sont \u00e9videmment importants pour eux-m\u00eames. Mais ils renforcent \u00e9galement la possibilit\u00e9 d\u2019un d\u00e9veloppement ax\u00e9 sur la participation. Le d\u00e9veloppement au niveau individuel, consid\u00e9r\u00e9 comme la facult\u00e9 d\u2019op\u00e9rer des choix, est de ce point de vue crucial. Et cela d\u2019autant plus que nos institutions connaissent des remises en cause. La crise des institutions est pr\u00e9judiciable pour la vie de la communaut\u00e9 nationale. D\u00e8s lors, le fonctionnement satisfaisant des institutions est important pour la stabilit\u00e9 du pays et sa marche vers le progr\u00e8s. Sa r\u00e9alisation requiert un moteur politique, \u00e9conomique et social adapt\u00e9 \u00e0 l\u2019enjeu.<br \/>Nous sommes dans une p\u00e9riode de mutation rapide o\u00f9 les politiques \u00e9conomiques privil\u00e9giant la r\u00e9gulation par le march\u00e9 connaissent maintenant un essor mais des contraintes plus grandes, o\u00f9 le virage a \u00e9t\u00e9 pris en direction de la d\u00e9mocratie et o\u00f9 l\u2019on insiste de plus en plus sur la richesse que repr\u00e9sentent les ressources humaines. Compte tenu des r\u00e9sultats obtenus jusqu\u2019\u00e0 pr\u00e9sent, la partie n\u2019est pas gagn\u00e9e. Certes, des efforts ont \u00e9t\u00e9 d\u00e9ploy\u00e9s pour r\u00e9aliser les objectifs de la sant\u00e9 et de l\u2019\u00e9ducation pour tous, ce qui a mis en \u00e9vidence dans chaque cas le r\u00f4le de l\u2019individu. Un processus qui se renforce lui-m\u00eame est en cours.\u00a0<br \/>En donnant aux gens la possibilit\u00e9 de se faire entendre, on les encourage \u00e0 participer pleinement \u00e0 la vie de la soci\u00e9t\u00e9 et d\u2019exercer leurs droits et responsabilit\u00e9s civiques. La mise en place d\u2019institutions d\u00e9mocratiques offre un cadre \u00e0 une forte solidarit\u00e9 entre les citoyens et \u00e0 une croissance \u00e9conomique plus rapide b\u00e9n\u00e9ficiant \u00e0 la majorit\u00e9 de la population alg\u00e9rienne.\u00a0<br \/>Tous les acteurs-cl\u00e9s au sein de la soci\u00e9t\u00e9 et les pouvoirs publics devraient tenir compte de cette r\u00e9alit\u00e9 et de l\u2019ampleur de la transformation du pays induite par les changements qui sont \u00e0 l\u2019origine de la mont\u00e9e des forces sociales. Cela implique l\u2019\u00e9mergence d\u2019un nouveau mode de pens\u00e9e afin de comprendre notre monde et les liens qui rendent possible la vie en soci\u00e9t\u00e9 et l\u2019instauration de nouveaux rapports entre gouvernants et gouvern\u00e9s.<br \/>Par del\u00e0 la r\u00e9vision de la Constitution qui repr\u00e9sente une avanc\u00e9e dans l\u2019affirmation de la d\u00e9mocratie et de l\u2019\u00c9tat de droit, il y a un probl\u00e8me d\u2019interaction entre le politique et le soci\u00e9tal. Pour tenter de comprendre le r\u00f4le que pourrait jouer le facteur politique dans les mois \u00e0 venir, il faudra aller au plus profond\u00a0 de la crise politique et de la soci\u00e9t\u00e9 dans notre pays. Pour l\u2019heure, le probl\u00e8me fondamental pos\u00e9 aux responsables politiques est celui de la responsabilit\u00e9, de la cr\u00e9dibilit\u00e9 et de la confiance.<br \/>Il s\u2019agit de mieux suivre les mutations de la soci\u00e9t\u00e9, de repenser la gouvernance, la pratique politique et le processus d\u00e9cisionnel ainsi que la politique \u00e9conomique et sociale afin de promouvoir les droits civiques et de rem\u00e9dier aux in\u00e9galit\u00e9s par le biais de l\u2019\u00e9galit\u00e9 des chances et une r\u00e9partition \u00e9quitable des fruits de la croissance. Cela ne peut se faire qu\u2019en d\u00e9finissant un projet coh\u00e9rent et des modalit\u00e9s d\u2019action permettant d\u2019adapter nos structures institutionnelles aux multiples d\u00e9fis que peuvent poser l\u2019approfondissement des r\u00e9formes. Cela incite \u00e0 redoubler d\u2019imagination.<br \/>Le principe fondamental des diff\u00e9rentes actions \u00e0 entreprendre devrait \u00eatre fond\u00e9 sur le dialogue et la concertation afin de combler le d\u00e9ficit d\u00e9mocratique et ouvrir de nouveaux horizons pour le vivre-ensemble.<\/p>\n<p class=\"c3\"><strong>Combler le d\u00e9ficit d\u00e9mocratique<\/strong><br \/>Depuis un an, la soci\u00e9t\u00e9 \u00e9met des signaux sur les risques de la stagnation politique, du marasme \u00e9conomique et du d\u00e9litement social mais aussi sur la n\u00e9cessit\u00e9 du changement, sur les aspirations et les futurs souhaitables moyennant des libert\u00e9s publiques et une justice sociale garanties par l\u2019\u00c9tat. Voil\u00e0 pourquoi il faut donner une dimension plus juste et plus humaine \u00e0 la soci\u00e9t\u00e9 conform\u00e9ment \u00e0 notre syst\u00e8me de valeurs.<br \/>Mais cela n\u2019est pas suffisant car l\u2019enjeu est devenu plus large. Il faudra en effet redonner sens \u00e0 la citoyennet\u00e9 en approfondissant son contenu gr\u00e2ce \u00e0 la participation effective des personnes \u00e0 la vie civique et politique.\u00a0<br \/>Le jeu des mouvements et des \u00e9volutions devrait \u00eatre d\u00e8s lors int\u00e9gr\u00e9 dans les structures sociales en tant que syst\u00e8mes d\u2019interactions permettant aux citoyens de d\u00e9velopper leurs capacit\u00e9s \u00e0 tisser des liens et \u00e0 \u0153uvrer sur le terrain en faisant le choix des possibles et des r\u00e9els \u00e0 l\u2019instar de ce que s\u2019appr\u00eate \u00e0 faire la soci\u00e9t\u00e9.<br \/>Il n\u2019est pas exclu que ces aspirations nouvelles qui traversent toutes les couches sociales puissent devenir des forces d\u2019innovation incitant les autorit\u00e9s publiques \u00e0 adapter ou \u00e0 reconsid\u00e9rer leur strat\u00e9gie.\u00a0<br \/>Pour que ces efforts portent leurs fruits, des changements importants dans nos m\u00e9thodes de r\u00e9forme sont indispensables pour consolider la stabilit\u00e9 politique et assurer la s\u00e9curit\u00e9 dans le cadre de nouveaux dispositifs propices au mieux-\u00eatre collectif.<br \/>La crise que nous vivons actuellement est attribuable \u00e0 une double perte : celle de la finalit\u00e9 et celle de la centralit\u00e9. Nous \u00e9prouvons en effet de grandes difficult\u00e9s \u00e0 fixer un cap et \u00e0 d\u00e9terminer une strat\u00e9gie alternative indiquant clairement o\u00f9 nous allons et ce que nous voulons.\u00a0<\/p>\n<p class=\"c3\">De m\u00eame que nous sommes dans l\u2019incapacit\u00e9 de cerner les v\u00e9ritables enjeux de sens qui font aujourd\u2019hui probl\u00e8me et d\u2019\u00e9laborer une politique de sortie de crise viable. L\u2019absence de d\u00e9bat national sur ces questions est un des handicaps dont souffre notre pays dans la conduite des r\u00e9formes politiques, \u00e9conomiques et institutionnelles. Voil\u00e0 pourquoi il est important d\u2019encourager la participation citoyenne pour g\u00e9rer les probl\u00e8mes de la collectivit\u00e9 nationale d\u2019une mani\u00e8re transparente. C\u2019est gr\u00e2ce \u00e0 la d\u00e9mocratie participative que nos chances seront renforc\u00e9es pour conforter l\u2019\u00c9tat de droit, combler le d\u00e9ficit d\u00e9mocratique et mener \u00e0 bien les grandes ambitions que nous avons pour l\u2019Alg\u00e9rie.\u00a0<\/p>\n<p class=\"c3\"><strong>Ouvrir de nouveaux horizons\u00a0pour le vivre-ensemble<\/strong><br \/>A ce point du raisonnement, nous sommes loin de pouvoir d\u00e9crire les \u00e9volutions, les crises et les sorties de crise afin d\u2019en tirer tous les enseignements. Nous ne pouvons que nous rapprocher de l\u2019essentiel en tentant de cerner les enjeux des transformations en cours et leur impact sur notre v\u00e9cu collectif. Loin des pratiques courantes qui se bornent \u00e0 s\u2019assurer par des exercices r\u00e9p\u00e9titifs que chacun sait jouer son r\u00f4le dans des situations d\u2019urgence, seul un travail dans la dur\u00e9e, port\u00e9 par une vision prospective et un engagement collectif, permettra de cr\u00e9er les conditions de r\u00e9ussite d\u2019un programme alternatif r\u00e9pondant aux besoins fondamentaux des gens et \u00e0 leur bien-\u00eatre. L\u2019\u00c9tat de droit doit \u00eatre au c\u0153ur de cette entreprise. C\u2019est une exigence de ce temps.<br \/>Notre \u00e9poque est marqu\u00e9e par une rupture d\u00e9cisive qui a modifi\u00e9 la perspective de la r\u00e9alisation du changement. Celui-ci doit \u00eatre par cons\u00e9quent repens\u00e9 sur de nouvelles bases. C\u2019est bien \u00e0 une autre r\u00e9alit\u00e9 que nous sommes d\u00e9sormais confront\u00e9s. Cette mutation a de multiples causes et des faits qui concernent l\u2019incitation des citoyens \u00e0 l\u2019engagement civique, au combat pour les droits de l\u2019homme, \u00e0 la lutte contre la corruption et \u00e0 une prise de conscience collective dans la vie de chaque jour. Nous assistons en effet \u00e0 une \u00e9volution politique et \u00e0 une dynamique sociale favorisant le chantier de l\u2019organisation de l\u2019espace d\u00e9mocratique.\u00a0<br \/>Le temps est donc venu d\u2019ouvrir l\u2019horizon des possibles pour le vivre-ensemble en engageant une r\u00e9flexion sur les perspectives d\u2019une soci\u00e9t\u00e9 mieux organis\u00e9e, cr\u00e9atrice de valeurs et de synergies entre le politique et le social. Confront\u00e9e \u00e0 une crise sanitaire d\u2019une gravit\u00e9 sans pr\u00e9c\u00e9dent et \u00e0 une basse conjoncture \u00e9conomique suite au ralentissement de l\u2019\u00e9conomie mondiale et \u00e0 la d\u00e9t\u00e9rioration des termes de l\u2019\u00e9change, l\u2019Alg\u00e9rie n\u2019a pas d\u2019autre choix que de s\u2019adapter en repensant son mod\u00e8le \u00e9conomique et son cadre institutionnel pour les inscrire dans une logique d\u2019efficacit\u00e9, de r\u00e9gulation, de solidarit\u00e9 et de bonne gouvernance. Ces interactions doivent reposer sur des fondements concrets.\u00a0<br \/>Malgr\u00e9 nos difficult\u00e9s actuelles, l\u2019histoire ne va pas s\u2019arr\u00eater brutalement pour nous. Nous pensons que notre avenir est ouvert. Nos atouts ne sont pas n\u00e9gligeables.\u00a0<br \/>Nous avons les comp\u00e9tences et l\u2019intelligence ainsi qu\u2019une jeunesse, en prise avec le reste du monde, qui a une capacit\u00e9 d\u2019\u00e9coute et de questionnement remarquables. Les esp\u00e9rances de notre soci\u00e9t\u00e9 sont li\u00e9es \u00e0 la vitalit\u00e9 et \u00e0 la cr\u00e9ativit\u00e9 de notre jeunesse. Sachons en tirer le meilleur parti.(2)<br \/>Mais il nous faut changer rapidement de trajectoire. Nous pouvons encore choisir et tenter d\u2019amorcer un cheminement vers le progr\u00e8s.\u00a0<br \/>Dans cette perspective, il faudra susciter l\u2019int\u00e9r\u00eat des citoyens pour les enjeux de soci\u00e9t\u00e9 en prenant appui sur les aspirations individuelles et les ressources collectives afin de favoriser, gr\u00e2ce \u00e0 une d\u00e9mocratie de confiance, le renforcement du lien politique entre dirigeants et peuple. Aussi, la conscience collective est-elle ins\u00e9parable d\u2019un projet de soci\u00e9t\u00e9 et de la fa\u00e7on de le mettre en \u0153uvre. Voil\u00e0 pourquoi nous avons des raisons de penser que la politique de r\u00e9novation de l\u2019action publique en Alg\u00e9rie doit \u00eatre adapt\u00e9e \u00e0 la gestion de la transition vers la\u00a0 gouvernance d\u00e9mocratique. Tel est l\u2019enjeu pour faire de notre pays une soci\u00e9t\u00e9 plus unie, plus forte et plus solidaire.<br \/><strong><em>A. K.<\/em><\/strong><\/p>\n<p class=\"c3\"><em>(*) Cette contribution s\u2019inscrit dans le prolongement de celle parue dans Le Soir d\u2019Alg\u00e9rie du 26 f\u00e9vrier 2020 sous le titre : \u00abPour une transition syst\u00e9mique r\u00e9ussie\u00bb.<br \/>(**) Diplomate de carri\u00e8re, il a \u00e9t\u00e9 ministre d\u00e9l\u00e9gu\u00e9 aux Affaires \u00e9trang\u00e8res et ambassadeur dans plusieurs pays. Il a aussi \u00e9t\u00e9 membre du conseil scientifique du Groupe Alg\u00e9rie charg\u00e9 d\u2019\u00e9laborer une strat\u00e9gie de d\u00e9veloppement pour le pays (1993) et pr\u00e9sident du groupe d\u2019experts du Comit\u00e9 pour la protection de l\u2019\u00e9conomie nationale (1994).<br \/>1) Voir Amine Kherbi : Une nouvelle politique de d\u00e9veloppement pour l\u2019Alg\u00e9rie in L\u2019Alg\u00e9rie dans un monde en mutation : Regards sur la politique \u00e9conomique, la s\u00e9curit\u00e9 nationale et les relations internationales, pp 63-70, Editions Anep 2018.<br \/>2) Ibidem : L\u2019exigence d\u2019une politique r\u00e9nov\u00e9e de la jeunesse, pp 87-92.<\/em><\/p>\n<p>Auteur:<br \/>\n<a href=\"https:\/\/www.lesoirdalgerie.com\/contribution\/vers-une-nouvelle-gouvernance-pour-lalgerie-41683\">Cliquez ici pour lire l&rsquo;article depuis sa source.<\/a><\/p>\n","protected":false},"excerpt":{"rendered":"<p>Par Amine Kherbi(**)Dans les visions qu\u2019on peut avoir de la gouvernance en Alg\u00e9rie, il y a d\u2019abord la protection de la souverainet\u00e9 nationale, des libert\u00e9s individuelles et collectives, l\u2019organisation de l\u2019int\u00e9grit\u00e9 de l\u2019\u00c9tat, la consolidation de la stabilit\u00e9 politique, la pratique de la concertation, la coh\u00e9rence des institutions et la s\u00e9curit\u00e9 du d\u00e9veloppement.\u00a0 Une attention [&hellip;]<\/p>\n","protected":false},"author":1741,"featured_media":0,"comment_status":"closed","ping_status":"closed","sticky":false,"template":"","format":"standard","meta":{"fifu_image_url":"","fifu_image_alt":"","footnotes":""},"categories":[73,53],"tags":[],"class_list":["post-83240","post","type-post","status-publish","format-standard","hentry","category-actualite","category-algerie"],"_links":{"self":[{"href":"https:\/\/linitiative.ca\/International\/wp-json\/wp\/v2\/posts\/83240","targetHints":{"allow":["GET"]}}],"collection":[{"href":"https:\/\/linitiative.ca\/International\/wp-json\/wp\/v2\/posts"}],"about":[{"href":"https:\/\/linitiative.ca\/International\/wp-json\/wp\/v2\/types\/post"}],"author":[{"embeddable":true,"href":"https:\/\/linitiative.ca\/International\/wp-json\/wp\/v2\/users\/1741"}],"replies":[{"embeddable":true,"href":"https:\/\/linitiative.ca\/International\/wp-json\/wp\/v2\/comments?post=83240"}],"version-history":[{"count":0,"href":"https:\/\/linitiative.ca\/International\/wp-json\/wp\/v2\/posts\/83240\/revisions"}],"wp:attachment":[{"href":"https:\/\/linitiative.ca\/International\/wp-json\/wp\/v2\/media?parent=83240"}],"wp:term":[{"taxonomy":"category","embeddable":true,"href":"https:\/\/linitiative.ca\/International\/wp-json\/wp\/v2\/categories?post=83240"},{"taxonomy":"post_tag","embeddable":true,"href":"https:\/\/linitiative.ca\/International\/wp-json\/wp\/v2\/tags?post=83240"}],"curies":[{"name":"wp","href":"https:\/\/api.w.org\/{rel}","templated":true}]}}