{"id":83244,"date":"2020-04-23T14:20:35","date_gmt":"2020-04-23T18:20:35","guid":{"rendered":"https:\/\/linitiative.ca\/International\/debut-du-ramadan-ce-vendredi-dans-plusieurs-pays-arabes\/"},"modified":"2020-04-23T14:20:35","modified_gmt":"2020-04-23T18:20:35","slug":"debut-du-ramadan-ce-vendredi-dans-plusieurs-pays-arabes","status":"publish","type":"post","link":"https:\/\/linitiative.ca\/International\/debut-du-ramadan-ce-vendredi-dans-plusieurs-pays-arabes\/","title":{"rendered":"D\u00e9but du ramadan ce vendredi dans plusieurs pays arabes"},"content":{"rendered":"<p><strong>Le mois sacr\u00e9 de Ramadan d\u00e9butera vendredi en Arabie Saoudite, a annonc\u00e9, jeudi, la Cour supr\u00eame saoudienne.<\/strong><\/p>\n<div class=\"c10\"\/>\n<p>\u00ab\u00a0L\u2019observation du croissant lunaire annon\u00e7ant le d\u00e9but du mois sacr\u00e9 de Ramadan pour l\u2019ann\u00e9e 1441 de l\u2019h\u00e9gire a \u00e9t\u00e9 confirm\u00e9e au soir (de ce jeudi). De ce fait, vendredi sera le premier jour du mois sacr\u00e9 de Ramadan\u00a0\u00bb, rapporte l\u2019agence saoudienne de presse (SPA).<\/p>\n<p>Lire aussi : <a href=\"https:\/\/www.challenge.ma\/ramadan-les-administrations-passent-a-lhoraire-continu-138376\/\" target=\"_blank\" rel=\"noreferrer noopener\" aria-label=\"Ramadan : les administrations passent &#xE0; l&#x2019;horaire continu (s&#x2019;ouvre dans un nouvel onglet)\">Ramadan : les administrations passent \u00e0 l\u2019horaire continu<\/a><\/p>\n<p>Plusieurs autres pays musulmans ont annonc\u00e9 le d\u00e9but vendredi du mois de Ramadan, dont l\u2019Egypte, la Tunisie, les Emirats arabes unis, le Kowe\u00eft, la Jordanie et la Liban.<\/p>\n<p>Avec MAP<\/p>\n<div class=\"c17\">\n<fieldset class=\"c16\">\n<legend><strong><span class=\"c11\">Challenge<\/span><span class=\"c12\">news<\/span><\/strong><\/legend>\n<div class=\"c15\">Le meilleur de Challenge s\u00e9lectionn\u00e9 par la r\u00e9daction :<\/p>\n<\/div>\n<\/fieldset>\n<\/div>\n<p>Auteur: Karim Handaoui<br \/>\n<a href=\"https:\/\/www.challenge.ma\/debut-du-ramadan-ce-vendredi-dans-plusieurs-pays-arabes-138403\/\">Cliquez ici pour lire l&rsquo;article depuis sa source.<\/a><\/p>\n","protected":false},"excerpt":{"rendered":"<p>Le mois sacr\u00e9 de Ramadan d\u00e9butera vendredi en Arabie Saoudite, a annonc\u00e9, jeudi, la Cour supr\u00eame saoudienne. \u00ab\u00a0L\u2019observation du croissant lunaire annon\u00e7ant le d\u00e9but du mois sacr\u00e9 de Ramadan pour l\u2019ann\u00e9e 1441 de l\u2019h\u00e9gire a \u00e9t\u00e9 confirm\u00e9e au soir (de ce jeudi). De ce fait, vendredi sera le premier jour du mois sacr\u00e9 de Ramadan\u00a0\u00bb, [&hellip;]<\/p>\n","protected":false},"author":1787,"featured_media":0,"comment_status":"closed","ping_status":"closed","sticky":false,"template":"","format":"standard","meta":{"fifu_image_url":"","fifu_image_alt":"","footnotes":""},"categories":[78,54],"tags":[],"class_list":["post-83244","post","type-post","status-publish","format-standard","hentry","category-economie","category-maroc"],"_links":{"self":[{"href":"https:\/\/linitiative.ca\/International\/wp-json\/wp\/v2\/posts\/83244","targetHints":{"allow":["GET"]}}],"collection":[{"href":"https:\/\/linitiative.ca\/International\/wp-json\/wp\/v2\/posts"}],"about":[{"href":"https:\/\/linitiative.ca\/International\/wp-json\/wp\/v2\/types\/post"}],"author":[{"embeddable":true,"href":"https:\/\/linitiative.ca\/International\/wp-json\/wp\/v2\/users\/1787"}],"replies":[{"embeddable":true,"href":"https:\/\/linitiative.ca\/International\/wp-json\/wp\/v2\/comments?post=83244"}],"version-history":[{"count":0,"href":"https:\/\/linitiative.ca\/International\/wp-json\/wp\/v2\/posts\/83244\/revisions"}],"wp:attachment":[{"href":"https:\/\/linitiative.ca\/International\/wp-json\/wp\/v2\/media?parent=83244"}],"wp:term":[{"taxonomy":"category","embeddable":true,"href":"https:\/\/linitiative.ca\/International\/wp-json\/wp\/v2\/categories?post=83244"},{"taxonomy":"post_tag","embeddable":true,"href":"https:\/\/linitiative.ca\/International\/wp-json\/wp\/v2\/tags?post=83244"}],"curies":[{"name":"wp","href":"https:\/\/api.w.org\/{rel}","templated":true}]}}