{"id":83246,"date":"2020-04-23T16:12:09","date_gmt":"2020-04-23T20:12:09","guid":{"rendered":"https:\/\/linitiative.ca\/International\/maroc-samedi-marque-le-debut-de-ramadan\/"},"modified":"2020-04-23T16:12:09","modified_gmt":"2020-04-23T20:12:09","slug":"maroc-samedi-marque-le-debut-de-ramadan","status":"publish","type":"post","link":"https:\/\/linitiative.ca\/International\/maroc-samedi-marque-le-debut-de-ramadan\/","title":{"rendered":"Maroc : samedi marque le d\u00e9but de ramadan"},"content":{"rendered":"<p><strong>Le mois sacr\u00e9 de ramadan de l\u2019ann\u00e9e 1441 de l\u2019H\u00e9gire d\u00e9butera samedi 25 avril au Maroc, annonce le minist\u00e8re des Habous et des Affaires islamiques.<\/strong><\/p>\n<div class=\"c10\"\/>\n<p>Le minist\u00e8re indique avoir observ\u00e9 le croissant lunaire du mois b\u00e9ni de ramadan ce jeudi 29 cha\u00e2bane 1441 de l\u2019H\u00e9gire, apr\u00e8s la pri\u00e8re d\u2019Al-Maghrib, pr\u00e9cisant que \u00ab\u00a0les Nadirs du Royaume et les unit\u00e9s des Forces arm\u00e9es royales associ\u00e9es \u00e0 l\u2019observation ont confirm\u00e9 la non-observation du croissant lunaire annon\u00e7ant le mois sacr\u00e9 de ramadan\u00a0\u00bb.<\/p>\n<p>Lire aussi : <a href=\"https:\/\/www.challenge.ma\/debut-du-ramadan-ce-vendredi-dans-plusieurs-pays-arabes-138403\/\" target=\"_blank\" rel=\"noreferrer noopener\" aria-label=\" (s&#x2019;ouvre dans un nouvel onglet)\">D\u00e9but du ramadan ce vendredi dans plusieurs pays arabes<\/a><\/p>\n<p>De ce fait, pr\u00e9cise le minist\u00e8re, \u00ab\u00a0vendredi sera le 30\u00e8me jour du mois de cha\u00e2bane et le premier jour du mois sacr\u00e9 du ramadan 1441 de l\u2019H\u00e9gire correspondra au samedi 25 avril 2020\u00a0\u00bb.<\/p>\n<div class=\"c17\">\n<fieldset class=\"c16\">\n<legend><strong><span class=\"c11\">Challenge<\/span><span class=\"c12\">news<\/span><\/strong><\/legend>\n<div class=\"c15\">Le meilleur de Challenge s\u00e9lectionn\u00e9 par la r\u00e9daction :<\/p>\n<\/div>\n<\/fieldset>\n<\/div>\n<p>Auteur: Karim Handaoui<br \/>\n<a href=\"https:\/\/www.challenge.ma\/maroc-samedi-marque-le-debut-de-ramadan-138430\/\">Cliquez ici pour lire l&rsquo;article depuis sa source.<\/a><\/p>\n","protected":false},"excerpt":{"rendered":"<p>Le mois sacr\u00e9 de ramadan de l\u2019ann\u00e9e 1441 de l\u2019H\u00e9gire d\u00e9butera samedi 25 avril au Maroc, annonce le minist\u00e8re des Habous et des Affaires islamiques. Le minist\u00e8re indique avoir observ\u00e9 le croissant lunaire du mois b\u00e9ni de ramadan ce jeudi 29 cha\u00e2bane 1441 de l\u2019H\u00e9gire, apr\u00e8s la pri\u00e8re d\u2019Al-Maghrib, pr\u00e9cisant que \u00ab\u00a0les Nadirs du Royaume [&hellip;]<\/p>\n","protected":false},"author":1787,"featured_media":0,"comment_status":"closed","ping_status":"closed","sticky":false,"template":"","format":"standard","meta":{"fifu_image_url":"","fifu_image_alt":"","footnotes":""},"categories":[78,54],"tags":[],"class_list":["post-83246","post","type-post","status-publish","format-standard","hentry","category-economie","category-maroc"],"_links":{"self":[{"href":"https:\/\/linitiative.ca\/International\/wp-json\/wp\/v2\/posts\/83246","targetHints":{"allow":["GET"]}}],"collection":[{"href":"https:\/\/linitiative.ca\/International\/wp-json\/wp\/v2\/posts"}],"about":[{"href":"https:\/\/linitiative.ca\/International\/wp-json\/wp\/v2\/types\/post"}],"author":[{"embeddable":true,"href":"https:\/\/linitiative.ca\/International\/wp-json\/wp\/v2\/users\/1787"}],"replies":[{"embeddable":true,"href":"https:\/\/linitiative.ca\/International\/wp-json\/wp\/v2\/comments?post=83246"}],"version-history":[{"count":0,"href":"https:\/\/linitiative.ca\/International\/wp-json\/wp\/v2\/posts\/83246\/revisions"}],"wp:attachment":[{"href":"https:\/\/linitiative.ca\/International\/wp-json\/wp\/v2\/media?parent=83246"}],"wp:term":[{"taxonomy":"category","embeddable":true,"href":"https:\/\/linitiative.ca\/International\/wp-json\/wp\/v2\/categories?post=83246"},{"taxonomy":"post_tag","embeddable":true,"href":"https:\/\/linitiative.ca\/International\/wp-json\/wp\/v2\/tags?post=83246"}],"curies":[{"name":"wp","href":"https:\/\/api.w.org\/{rel}","templated":true}]}}