{"id":83247,"date":"2020-04-23T16:34:36","date_gmt":"2020-04-23T20:34:36","guid":{"rendered":"https:\/\/linitiative.ca\/International\/ramadan-couvre-feu-a-partir-de-19h\/"},"modified":"2020-04-23T16:34:36","modified_gmt":"2020-04-23T20:34:36","slug":"ramadan-couvre-feu-a-partir-de-19h","status":"publish","type":"post","link":"https:\/\/linitiative.ca\/International\/ramadan-couvre-feu-a-partir-de-19h\/","title":{"rendered":"Ramadan : couvre-feu \u00e0 partir de 19h"},"content":{"rendered":"<p><strong>Le minist\u00e8re de l\u2019Int\u00e9rieur annonce l\u2019interdiction de d\u00e9placement nocturne \u00e0 compter du 1er ramadan entre 19h \u00e0 05h, et ce dans le cadre du renforcement des mesures de l\u2019\u00e9tat d\u2019urgence sanitaire durant le mois sacr\u00e9.<\/strong><\/p>\n<div class=\"c10\"\/>\n<p>Le minist\u00e8re souligne \u00e0 cet \u00e9gard qu\u2019il est formellement interdit aux citoyennes et citoyens de se d\u00e9placer en dehors de leurs domiciles ou de se trouver sur la voie publique pendant cette tranche horaire que ce soit \u00e0 pied ou \u00e0 bord de diff\u00e9rents v\u00e9hicules de transport, \u00e0 l\u2019exception des personnes travaillant ou exer\u00e7ant dans les secteurs et activit\u00e9s vitaux et essentiels.<\/p>\n<p>Lors de la p\u00e9riode de l\u2019interdiction du d\u00e9placement nocturne, il sera proc\u00e9d\u00e9 \u00e0 la suspension des autorisations de d\u00e9placement exceptionnelles remises par les autorit\u00e9s locales ainsi que les autorisations de d\u00e9placement pour le travail remises par les secteurs public et priv\u00e9.<\/p>\n<p>Lire aussi : <a href=\"https:\/\/www.challenge.ma\/maroc-samedi-marque-le-debut-de-ramadan-138430\/\" target=\"_blank\" rel=\"noreferrer noopener\" aria-label=\"Maroc : samedi marque le d&#xE9;but de ramadan (s&#x2019;ouvre dans un nouvel onglet)\">Maroc : samedi marque le d\u00e9but de ramadan<\/a><\/p>\n<p>Les autorit\u00e9s locales et les services s\u00e9curitaires veilleront \u00e0 l\u2019application des mesures du contr\u00f4le strict \u00e0 l\u2019endroit de quiconque se trouvant sur la voie publique en dehors des restrictions annonc\u00e9es, sous forme de poursuites judiciaires dans le cadre des dispositions du d\u00e9cret-loi relatif \u00e0 l\u2019\u00e9tat d\u2019urgence sanitaire et aux proc\u00e9dures de sa d\u00e9claration, en particulier l\u2019article 4, ajoute le minist\u00e8re.<\/p>\n<div class=\"c17\">\n<fieldset class=\"c16\">\n<legend><strong><span class=\"c11\">Challenge<\/span><span class=\"c12\">news<\/span><\/strong><\/legend>\n<div class=\"c15\">Le meilleur de Challenge s\u00e9lectionn\u00e9 par la r\u00e9daction :<\/p>\n<\/div>\n<\/fieldset>\n<\/div>\n<p>Auteur: Karim Handaoui<br \/>\n<a href=\"https:\/\/www.challenge.ma\/ramadan-couvre-feu-a-partir-de-19h-138434\/\">Cliquez ici pour lire l&rsquo;article depuis sa source.<\/a><\/p>\n","protected":false},"excerpt":{"rendered":"<p>Le minist\u00e8re de l\u2019Int\u00e9rieur annonce l\u2019interdiction de d\u00e9placement nocturne \u00e0 compter du 1er ramadan entre 19h \u00e0 05h, et ce dans le cadre du renforcement des mesures de l\u2019\u00e9tat d\u2019urgence sanitaire durant le mois sacr\u00e9. Le minist\u00e8re souligne \u00e0 cet \u00e9gard qu\u2019il est formellement interdit aux citoyennes et citoyens de se d\u00e9placer en dehors de [&hellip;]<\/p>\n","protected":false},"author":1787,"featured_media":0,"comment_status":"closed","ping_status":"closed","sticky":false,"template":"","format":"standard","meta":{"fifu_image_url":"","fifu_image_alt":"","footnotes":""},"categories":[78,54],"tags":[],"class_list":["post-83247","post","type-post","status-publish","format-standard","hentry","category-economie","category-maroc"],"_links":{"self":[{"href":"https:\/\/linitiative.ca\/International\/wp-json\/wp\/v2\/posts\/83247","targetHints":{"allow":["GET"]}}],"collection":[{"href":"https:\/\/linitiative.ca\/International\/wp-json\/wp\/v2\/posts"}],"about":[{"href":"https:\/\/linitiative.ca\/International\/wp-json\/wp\/v2\/types\/post"}],"author":[{"embeddable":true,"href":"https:\/\/linitiative.ca\/International\/wp-json\/wp\/v2\/users\/1787"}],"replies":[{"embeddable":true,"href":"https:\/\/linitiative.ca\/International\/wp-json\/wp\/v2\/comments?post=83247"}],"version-history":[{"count":0,"href":"https:\/\/linitiative.ca\/International\/wp-json\/wp\/v2\/posts\/83247\/revisions"}],"wp:attachment":[{"href":"https:\/\/linitiative.ca\/International\/wp-json\/wp\/v2\/media?parent=83247"}],"wp:term":[{"taxonomy":"category","embeddable":true,"href":"https:\/\/linitiative.ca\/International\/wp-json\/wp\/v2\/categories?post=83247"},{"taxonomy":"post_tag","embeddable":true,"href":"https:\/\/linitiative.ca\/International\/wp-json\/wp\/v2\/tags?post=83247"}],"curies":[{"name":"wp","href":"https:\/\/api.w.org\/{rel}","templated":true}]}}