{"id":83250,"date":"2020-04-23T16:07:57","date_gmt":"2020-04-23T20:07:57","guid":{"rendered":"https:\/\/linitiative.ca\/International\/tunisie-les-magistrats-revendiquent-le-droit-de-se-faire-traiter-a-lhopital-militaire\/"},"modified":"2020-04-23T16:07:57","modified_gmt":"2020-04-23T20:07:57","slug":"tunisie-les-magistrats-revendiquent-le-droit-de-se-faire-traiter-a-lhopital-militaire","status":"publish","type":"post","link":"https:\/\/linitiative.ca\/International\/tunisie-les-magistrats-revendiquent-le-droit-de-se-faire-traiter-a-lhopital-militaire\/","title":{"rendered":"Tunisie \u2013 Les magistrats revendiquent le droit de se faire traiter \u00e0 l\u2019h\u00f4pital militaire"},"content":{"rendered":"<div class=\"post-cont-in left relative\">\n<p>La pr\u00e9sidente du syndicat des magistrats, Amira Amri a annonc\u00e9, ce matin, sur les ondes de ShemsFM, que les magistrats souffrent de l\u2019absence de syst\u00e8me de sant\u00e9 propre, pour les prendre en charge. Elle a ajout\u00e9 que certains magistrats sont dans des conditions pr\u00e9caires \u00e0 cause de leurs conditions de sant\u00e9 et sont, souvent,\u00a0 oblig\u00e9 de s\u2019endetter pour payer leurs soins.<\/p>\n<div class=\"code-block code-block-1 c3\"><ins class=\"adsbygoogle c2\" data-ad-layout=\"in-article\" data-ad-format=\"fluid\" data-ad-client=\"ca-pub-2102118777505746\" data-ad-slot=\"7301775417\"\/> <\/div>\n<p>Amri a appel\u00e9 \u00e0 accorder aux magistrats le droit de b\u00e9n\u00e9ficier des soins m\u00e9dicaux \u00e0 l\u2019h\u00f4pital militaire, comme c\u2019est le cas pour les membres de l\u2019ex\u00e9cutif et du l\u00e9gislatif.<\/p>\n<div class=\"swp_social_panel swp_horizontal_panel swp_flat_fresh swp_default_full_color swp_individual_full_color swp_other_full_color scale-100 scale-\" data-min-width=\"1100\" data-float-color=\"#ffffff\" data-float=\"bottom\" data-float-mobile=\"bottom\" data-transition=\"slide\">\n<div class=\"nc_tweetContainer swp_share_button total_shares total_sharesalt\"><span class=\"swp_count\">7 <span class=\"swp_label\">Partages<\/span><\/span><\/div>\n<\/div>\n<p><strong>Que se passe-t-il en Tunisie?<\/strong><br \/>Nous expliquons sur notre <a href=\"https:\/\/www.youtube.com\/channel\/UCRzypVq0B_yBad5eGrwBx0Q?sub_confirmation=1\" target=\"_blank\" rel=\"noopener noreferrer\">cha\u00eene YouTube<\/a> . <a href=\"https:\/\/www.youtube.com\/channel\/UCRzypVq0B_yBad5eGrwBx0Q?sub_confirmation=1\" target=\"_blank\" rel=\"noopener noreferrer\">Abonnez-vous!<\/a><\/p>\n<div class=\"mvp-org-wrap mvp-org-logo\" itemprop=\"publisher\" itemscope=\"\" itemtype=\"https:\/\/schema.org\/Organization\"><img decoding=\"async\" src=\"https:\/\/www.tunisienumerique.com\/wp-content\/uploads\/2017\/02\/logo_tunisie_numerique.png\"\/><\/div>\n<div class=\"mvp-related-posts left relative\">\n<h4 class=\"post-header\"><span class=\"post-header\">Lire aussi<\/span><\/h4>\n<\/div>\n<div id=\"article-ad\"><ins class=\"adsbygoogle c4\" data-ad-client=\"ca-pub-2102118777505746\" data-ad-slot=\"6513972734\" data-ad-format=\"auto\" data-full-width-responsive=\"true\"\/> <\/div>\n<\/div>\n<div id=\"post-sidebar-wrap\"><ins class=\"adsbygoogle c4\" data-ad-client=\"ca-pub-2102118777505746\" data-ad-slot=\"6168283410\" data-ad-format=\"auto\" data-full-width-responsive=\"true\"\/> <\/div>\n<p>Auteur: LM<br \/>\n<a href=\"https:\/\/www.tunisienumerique.com\/tunisie-les-magistrats-revendiquent-le-droit-de-se-faire-traiter-a-lhopital-militaire\/\">Cliquez ici pour lire l&rsquo;article depuis sa source.<\/a><\/p>\n","protected":false},"excerpt":{"rendered":"<p>La pr\u00e9sidente du syndicat des magistrats, Amira Amri a annonc\u00e9, ce matin, sur les ondes de ShemsFM, que les magistrats souffrent de l\u2019absence de syst\u00e8me de sant\u00e9 propre, pour les prendre en charge. Elle a ajout\u00e9 que certains magistrats sont dans des conditions pr\u00e9caires \u00e0 cause de leurs conditions de sant\u00e9 et sont, souvent,\u00a0 oblig\u00e9 [&hellip;]<\/p>\n","protected":false},"author":1789,"featured_media":0,"comment_status":"closed","ping_status":"closed","sticky":false,"template":"","format":"standard","meta":{"fifu_image_url":"","fifu_image_alt":"","footnotes":""},"categories":[73,55],"tags":[],"class_list":["post-83250","post","type-post","status-publish","format-standard","hentry","category-actualite","category-tunisie"],"_links":{"self":[{"href":"https:\/\/linitiative.ca\/International\/wp-json\/wp\/v2\/posts\/83250","targetHints":{"allow":["GET"]}}],"collection":[{"href":"https:\/\/linitiative.ca\/International\/wp-json\/wp\/v2\/posts"}],"about":[{"href":"https:\/\/linitiative.ca\/International\/wp-json\/wp\/v2\/types\/post"}],"author":[{"embeddable":true,"href":"https:\/\/linitiative.ca\/International\/wp-json\/wp\/v2\/users\/1789"}],"replies":[{"embeddable":true,"href":"https:\/\/linitiative.ca\/International\/wp-json\/wp\/v2\/comments?post=83250"}],"version-history":[{"count":0,"href":"https:\/\/linitiative.ca\/International\/wp-json\/wp\/v2\/posts\/83250\/revisions"}],"wp:attachment":[{"href":"https:\/\/linitiative.ca\/International\/wp-json\/wp\/v2\/media?parent=83250"}],"wp:term":[{"taxonomy":"category","embeddable":true,"href":"https:\/\/linitiative.ca\/International\/wp-json\/wp\/v2\/categories?post=83250"},{"taxonomy":"post_tag","embeddable":true,"href":"https:\/\/linitiative.ca\/International\/wp-json\/wp\/v2\/tags?post=83250"}],"curies":[{"name":"wp","href":"https:\/\/api.w.org\/{rel}","templated":true}]}}