{"id":83252,"date":"2020-04-23T17:05:34","date_gmt":"2020-04-23T21:05:34","guid":{"rendered":"https:\/\/linitiative.ca\/International\/tunisie-les-proprietaires-de-cafes-demandent-a-ouvrir-pendant-ramadan\/"},"modified":"2020-04-23T17:05:34","modified_gmt":"2020-04-23T21:05:34","slug":"tunisie-les-proprietaires-de-cafes-demandent-a-ouvrir-pendant-ramadan","status":"publish","type":"post","link":"https:\/\/linitiative.ca\/International\/tunisie-les-proprietaires-de-cafes-demandent-a-ouvrir-pendant-ramadan\/","title":{"rendered":"Tunisie \u2013 Les propri\u00e9taires de caf\u00e9s demandent \u00e0 ouvrir pendant Ramadan"},"content":{"rendered":"<div class=\"post-cont-in left relative\">\n<p>La chambre syndicale des cafetiers a adress\u00e9 une s\u00e9rie de revendications au gouvernement, pour pallier aux retomb\u00e9es de l\u2019\u00e9pid\u00e9mie sur leur activit\u00e9.<\/p>\n<div class=\"code-block code-block-1 c3\"><ins class=\"adsbygoogle c2\" data-ad-layout=\"in-article\" data-ad-format=\"fluid\" data-ad-client=\"ca-pub-2102118777505746\" data-ad-slot=\"7301775417\"\/> <\/div>\n<p>Les cafetiers demandent \u00e0 pouvoir ouvrir apr\u00e8s 20 heures, durant le mois de Ramadan et \u00e0 servir les boissons \u00e0 emporter.<\/p>\n<p>La chambre demande, par ailleurs, d\u2019accorder des pr\u00eats pour les professionnels afin qu\u2019ils puissent pallier au plus urgent des d\u00e9penses, comme les salaires des travailleurs.<\/p>\n<div class=\"swp_social_panel swp_horizontal_panel swp_flat_fresh swp_default_full_color swp_individual_full_color swp_other_full_color scale-100 scale-\" data-min-width=\"1100\" data-float-color=\"#ffffff\" data-float=\"bottom\" data-float-mobile=\"bottom\" data-transition=\"slide\">\n<div class=\"nc_tweetContainer swp_share_button total_shares total_sharesalt\"><span class=\"swp_count\">1 <span class=\"swp_label\">Partages<\/span><\/span><\/div>\n<\/div>\n<p><strong>Que se passe-t-il en Tunisie?<\/strong><br \/>Nous expliquons sur notre <a href=\"https:\/\/www.youtube.com\/channel\/UCRzypVq0B_yBad5eGrwBx0Q?sub_confirmation=1\" target=\"_blank\" rel=\"noopener noreferrer\">cha\u00eene YouTube<\/a> . <a href=\"https:\/\/www.youtube.com\/channel\/UCRzypVq0B_yBad5eGrwBx0Q?sub_confirmation=1\" target=\"_blank\" rel=\"noopener noreferrer\">Abonnez-vous!<\/a><\/p>\n<div class=\"mvp-org-wrap mvp-org-logo\" itemprop=\"publisher\" itemscope=\"\" itemtype=\"https:\/\/schema.org\/Organization\"><img decoding=\"async\" src=\"https:\/\/www.tunisienumerique.com\/wp-content\/uploads\/2017\/02\/logo_tunisie_numerique.png\"\/><\/div>\n<div class=\"mvp-related-posts left relative\">\n<h4 class=\"post-header\"><span class=\"post-header\">Lire aussi<\/span><\/h4>\n<\/div>\n<div id=\"article-ad\"><ins class=\"adsbygoogle c4\" data-ad-client=\"ca-pub-2102118777505746\" data-ad-slot=\"6513972734\" data-ad-format=\"auto\" data-full-width-responsive=\"true\"\/> <\/div>\n<\/div>\n<div id=\"post-sidebar-wrap\"><ins class=\"adsbygoogle c4\" data-ad-client=\"ca-pub-2102118777505746\" data-ad-slot=\"6168283410\" data-ad-format=\"auto\" data-full-width-responsive=\"true\"\/> <\/div>\n<p>Auteur: LM<br \/>\n<a href=\"https:\/\/www.tunisienumerique.com\/tunisie-les-proprietaires-de-cafes-demandent-a-ouvrir-pendant-ramadan\/\">Cliquez ici pour lire l&rsquo;article depuis sa source.<\/a><\/p>\n","protected":false},"excerpt":{"rendered":"<p>La chambre syndicale des cafetiers a adress\u00e9 une s\u00e9rie de revendications au gouvernement, pour pallier aux retomb\u00e9es de l\u2019\u00e9pid\u00e9mie sur leur activit\u00e9. Les cafetiers demandent \u00e0 pouvoir ouvrir apr\u00e8s 20 heures, durant le mois de Ramadan et \u00e0 servir les boissons \u00e0 emporter. La chambre demande, par ailleurs, d\u2019accorder des pr\u00eats pour les professionnels afin [&hellip;]<\/p>\n","protected":false},"author":1789,"featured_media":0,"comment_status":"closed","ping_status":"closed","sticky":false,"template":"","format":"standard","meta":{"fifu_image_url":"","fifu_image_alt":"","footnotes":""},"categories":[73,55],"tags":[],"class_list":["post-83252","post","type-post","status-publish","format-standard","hentry","category-actualite","category-tunisie"],"_links":{"self":[{"href":"https:\/\/linitiative.ca\/International\/wp-json\/wp\/v2\/posts\/83252","targetHints":{"allow":["GET"]}}],"collection":[{"href":"https:\/\/linitiative.ca\/International\/wp-json\/wp\/v2\/posts"}],"about":[{"href":"https:\/\/linitiative.ca\/International\/wp-json\/wp\/v2\/types\/post"}],"author":[{"embeddable":true,"href":"https:\/\/linitiative.ca\/International\/wp-json\/wp\/v2\/users\/1789"}],"replies":[{"embeddable":true,"href":"https:\/\/linitiative.ca\/International\/wp-json\/wp\/v2\/comments?post=83252"}],"version-history":[{"count":0,"href":"https:\/\/linitiative.ca\/International\/wp-json\/wp\/v2\/posts\/83252\/revisions"}],"wp:attachment":[{"href":"https:\/\/linitiative.ca\/International\/wp-json\/wp\/v2\/media?parent=83252"}],"wp:term":[{"taxonomy":"category","embeddable":true,"href":"https:\/\/linitiative.ca\/International\/wp-json\/wp\/v2\/categories?post=83252"},{"taxonomy":"post_tag","embeddable":true,"href":"https:\/\/linitiative.ca\/International\/wp-json\/wp\/v2\/tags?post=83252"}],"curies":[{"name":"wp","href":"https:\/\/api.w.org\/{rel}","templated":true}]}}