{"id":83253,"date":"2020-04-23T15:08:37","date_gmt":"2020-04-23T19:08:37","guid":{"rendered":"https:\/\/linitiative.ca\/International\/amendes-contre-les-contrevenants-aux-mesures-de-covid-19\/"},"modified":"2020-04-23T15:08:37","modified_gmt":"2020-04-23T19:08:37","slug":"amendes-contre-les-contrevenants-aux-mesures-de-covid-19","status":"publish","type":"post","link":"https:\/\/linitiative.ca\/International\/amendes-contre-les-contrevenants-aux-mesures-de-covid-19\/","title":{"rendered":"AMENDES CONTRE LES CONTREVENANTS AUX MESURES DE COVID-19"},"content":{"rendered":"<div class=\"featured-area featured-area-inner\"><img loading=\"lazy\" decoding=\"async\" width=\"780\" height=\"436\" src=\"http:\/\/lepays.bf\/wp-content\/uploads\/2017\/07\/lepaysresponsive.png\" class=\"attachment-jannah-image-post default-featured-img\" alt=\"\" srcset=\"http:\/\/lepays.bf\/wp-content\/uploads\/2017\/07\/lepaysresponsive.png 1137w, http:\/\/lepays.bf\/wp-content\/uploads\/2017\/07\/lepaysresponsive-300x168.png 300w, http:\/\/lepays.bf\/wp-content\/uploads\/2017\/07\/lepaysresponsive-768x430.png 768w, http:\/\/lepays.bf\/wp-content\/uploads\/2017\/07\/lepaysresponsive-1024x573.png 1024w\" sizes=\"auto, (max-width: 780px) 100vw, 780px\"\/><\/div>\n<div class=\"entry-content entry clearfix\" readability=\"69\">\n<div class=\"stream-item stream-item-above-post-content\">\n<p><noscript><\/p>\n<p><a href=\"\/\/www3.smartadserver.com\/ac?jump=1&amp;nwid=2136&amp;siteid=240610&amp;pgname=rg&amp;fmtid=49046&amp;visit=m&amp;tmstp=[timestamp]&amp;out=nonrich\" target=\"_blank\" rel=\"noopener noreferrer\"><img decoding=\"async\" src=\"\/\/www3.smartadserver.com\/ac?out=nonrich&amp;nwid=2136&amp;siteid=240610&amp;pgname=rg&amp;fmtid=49046&amp;visit=m&amp;tmstp=[timestamp]\" border=\"0\" alt=\"\"\/><\/a><\/p>\n<p><\/noscript><\/div>\n<p class=\"c3\"><em>Dans un d\u00e9cret rendu public le 15 avril dernier, le Premier ministre, Christophe Joseph Marie Dabir\u00e9, pr\u00e9cise les amendes que devront payer les contrevenants aux mesures prises pour lutter contre le Covid-19 dans notre pays. Elles varient entre 5000 et 200 000 F CFA. A chacun donc de savoir se tenir \u00e0 carreau sous peine de se voir infliger une lourde amende par ces temps difficiles o\u00f9 s\u2019assurer la pitance quotidienne est devenu un v\u00e9ritable casse-t\u00eate. En tout cas, personnellement, j\u2019ai beaucoup aim\u00e9 cette fermet\u00e9 affich\u00e9e par l\u2019autorit\u00e9. Car, les Burkinab\u00e8 sont ainsi faits qu\u2019ils sont durs d\u2019oreille. Ils ne savent \u00e9couter que le langage du b\u00e2ton. Je le dis d\u2019autant plus volontiers qu\u2019en d\u00e9pit de la mise en quarantaine de la vile de Ouagadougou, il s\u2019en trouve des gens qui en font \u00e0 leur t\u00eate. Conscients qu\u2019ils ne peuvent pas passer par les axes routiers r\u00e9guliers, ils ont d\u00e9velopp\u00e9 une strat\u00e9gie qui consiste \u00e0 emprunter des pistes pour ainsi contourner les Forces de d\u00e9fense et de s\u00e9curit\u00e9 (FDS). J\u2019ai m\u00eame entendu dire que les quelques cas de Covid-19 enregistr\u00e9s \u00e0 Falangountou dans le Sahel, l\u2019ont \u00e9t\u00e9 par le fait d\u2019individus indisciplin\u00e9s qui ont s\u00e9journ\u00e9 dans la capitale au moment o\u00f9 Ouagadougou \u00e9tait en quarantaine. Voyez-vous\u00a0? Aidons nos autorit\u00e9s \u00e0 combattre cette crise sanitaire et chacun reprendra apr\u00e8s ses habitudes quotidiennes. Ce que je dis vaut bien aussi pour ces gens-l\u00e0 qui organisent \u00e0 tout-va des mariages religieux durant cette p\u00e9riode d\u2019\u00e9pid\u00e9mie. Quand je dis mariages, je parle des mariages religieux puisque les mariages civils, eux, sont suspendus jusqu\u2019\u00e0 nouvel ordre. J\u2019en appelle ainsi au sens des responsabilit\u00e9s des leaders religieux qui se rendent ainsi complices de violation de mesures prises par les autorit\u00e9s administratives.<\/em><\/p>\n<p class=\"c3\"><strong><em>Que chacun fasse l\u2019effort d\u2019\u00e9duquer ses ouailles sur la n\u00e9cessit\u00e9 de respecter les consignes<\/em><\/strong><\/p>\n<p class=\"c3\"><em>En tout cas, je veux que les uns et les autres comprennent que ce n\u2019est pas de gaiet\u00e9 de c\u0153ur que les autorit\u00e9s ont pris certaines mesures. Elles n\u2019avaient pas d\u2019autres choix que d\u2019en arriver l\u00e0. N\u2019oubliez pas que d\u2019autres pays comme le Rwanda, le Congo Brazzaville, la Tunisie, l\u2019Afrique du Sud et j\u2019en oublie, ont opt\u00e9 carr\u00e9ment pour un confinement total. Chacun reste clo\u00eetr\u00e9 chez lui, de jour comme de nuit. Le confinement n\u2019\u00e9tant pas possible chez nous, pour des raisons que chacun peut ais\u00e9ment deviner, l\u2019autorit\u00e9 a fait ce qu\u2019elle pouvait faire, tout en sachant que cela ne sera pas sans cons\u00e9quence sur les populations dont la plupart tiraient d\u00e9j\u00e0 le diable par la queue. C\u2019est pourquoi j\u2019en appelle aussi \u00e0 la responsabilit\u00e9 des hommes politiques. Je les invite \u00e0 mettre en berne leurs ambitions parfois perfides pour ne privil\u00e9gier que l\u2019int\u00e9r\u00eat du peuple. Que chacun, de son c\u00f4t\u00e9, fasse l\u2019effort d\u2019\u00e9duquer ses ouailles sur la n\u00e9cessit\u00e9 de respecter les consignes \u00e9nonc\u00e9es par les professionnels de la sant\u00e9 plut\u00f4t que de passer le temps \u00e0 pol\u00e9miquer inutilement. C\u2019est \u00e0 ce prix et seulement \u00e0 ce prix que nous vaincrons le Covid-19. En tout cas, moi, en ce qui me concerne, je suis confin\u00e9 dans un immeuble depuis le d\u00e9but de la crise. Je ne sors que pour chercher \u00e0 manger mais j\u2019avoue qu\u2019avec les march\u00e9s ferm\u00e9s, ce n\u2019est pas facile. Mais je tiens quand m\u00eame le coup.<\/em><\/p>\n<p class=\"c3\"><strong><em>\u00ab\u00a0Le Fou\u00a0\u00bb<\/em><\/strong><\/p>\n<\/div>\n<p>Auteur: Le Pays<br \/>\n<a href=\"http:\/\/lepays.bf\/amendes-contre-les-contrevenants-aux-mesures-de-covid-19\/\">Cliquez ici pour lire l&rsquo;article depuis sa source.<\/a><\/p>\n","protected":false},"excerpt":{"rendered":"<p>Dans un d\u00e9cret rendu public le 15 avril dernier, le Premier ministre, Christophe Joseph Marie Dabir\u00e9, pr\u00e9cise les amendes que devront payer les contrevenants aux mesures prises pour lutter contre le Covid-19 dans notre pays. Elles varient entre 5000 et 200 000 F CFA. A chacun donc de savoir se tenir \u00e0 carreau sous peine [&hellip;]<\/p>\n","protected":false},"author":1813,"featured_media":0,"comment_status":"closed","ping_status":"closed","sticky":false,"template":"","format":"standard","meta":{"fifu_image_url":"","fifu_image_alt":"","footnotes":""},"categories":[73,81],"tags":[],"class_list":["post-83253","post","type-post","status-publish","format-standard","hentry","category-actualite","category-burkina-faso"],"_links":{"self":[{"href":"https:\/\/linitiative.ca\/International\/wp-json\/wp\/v2\/posts\/83253","targetHints":{"allow":["GET"]}}],"collection":[{"href":"https:\/\/linitiative.ca\/International\/wp-json\/wp\/v2\/posts"}],"about":[{"href":"https:\/\/linitiative.ca\/International\/wp-json\/wp\/v2\/types\/post"}],"author":[{"embeddable":true,"href":"https:\/\/linitiative.ca\/International\/wp-json\/wp\/v2\/users\/1813"}],"replies":[{"embeddable":true,"href":"https:\/\/linitiative.ca\/International\/wp-json\/wp\/v2\/comments?post=83253"}],"version-history":[{"count":0,"href":"https:\/\/linitiative.ca\/International\/wp-json\/wp\/v2\/posts\/83253\/revisions"}],"wp:attachment":[{"href":"https:\/\/linitiative.ca\/International\/wp-json\/wp\/v2\/media?parent=83253"}],"wp:term":[{"taxonomy":"category","embeddable":true,"href":"https:\/\/linitiative.ca\/International\/wp-json\/wp\/v2\/categories?post=83253"},{"taxonomy":"post_tag","embeddable":true,"href":"https:\/\/linitiative.ca\/International\/wp-json\/wp\/v2\/tags?post=83253"}],"curies":[{"name":"wp","href":"https:\/\/api.w.org\/{rel}","templated":true}]}}