{"id":83254,"date":"2020-04-23T15:13:32","date_gmt":"2020-04-23T19:13:32","guid":{"rendered":"https:\/\/linitiative.ca\/International\/sommet-de-la-cedeao-sur-le-covid-19\/"},"modified":"2020-04-23T15:13:32","modified_gmt":"2020-04-23T19:13:32","slug":"sommet-de-la-cedeao-sur-le-covid-19","status":"publish","type":"post","link":"https:\/\/linitiative.ca\/International\/sommet-de-la-cedeao-sur-le-covid-19\/","title":{"rendered":"SOMMET DE LA CEDEAO SUR LE COVID-19\u00a0"},"content":{"rendered":"<div class=\"stream-item stream-item-above-post-content\">\n<p><noscript><\/p>\n<p><a href=\"\/\/www3.smartadserver.com\/ac?jump=1&amp;nwid=2136&amp;siteid=240610&amp;pgname=rg&amp;fmtid=49046&amp;visit=m&amp;tmstp=[timestamp]&amp;out=nonrich\" target=\"_blank\" rel=\"noopener noreferrer\"><img decoding=\"async\" src=\"\/\/www3.smartadserver.com\/ac?out=nonrich&amp;nwid=2136&amp;siteid=240610&amp;pgname=rg&amp;fmtid=49046&amp;visit=m&amp;tmstp=[timestamp]\" border=\"0\" alt=\"\"\/><\/a><\/p>\n<p><\/noscript><\/div>\n<p class=\"c3\"><em>\u00ab\u00a0Evolution de la situation et impact de la pand\u00e9mie du coronavirus dans l\u2019espace communautaire\u00a0\u00bb. Tel a \u00e9t\u00e9 le th\u00e8me du sommet extraordinaire de la CEDEAO tenu, hier, 23 avril 2020, entre les quinze chefs d\u2019Etat de la sous-r\u00e9gion ouest-africaine. Une rencontre de haut niveau qui vise \u00e0 r\u00e9fl\u00e9chir \u00e0 une r\u00e9ponse globale et sous-r\u00e9gionale face \u00e0 la maladie, mais aussi \u00e0 r\u00e9pondre \u00e0 l\u2019imp\u00e9ratif de voir comment cela va s\u2019exercer dans un contexte d\u2019urgence. Pour un sommet d\u2019une telle envergure et d\u2019une telle importance, on aurait, en temps normal, scrut\u00e9 la pr\u00e9sence physique des chefs d\u2019Etat qui auraient effectu\u00e9 le d\u00e9placement. Mais coronavirus oblige, c\u2019est par visioconf\u00e9rence que Mahamadou Issoufou, pr\u00e9sident en exercice de l\u2019instance r\u00e9gionale, et ses pairs africains ont \u00e9chang\u00e9 sur la lancinante question du Covid-19 qui cr\u00e9e l\u2019\u00e9moi partout dans le monde entier. Pour une premi\u00e8re in\u00e9dite, c\u2019en est une. Car, il y a de cela quelques ann\u00e9es, on ne se risquerait pas \u00e0 parier sur la tenue effective d\u2019un tel sommet virtuel sur le continent noir. C\u2019est dire si cahin caha, l\u2019Afrique se met au diapason des nouvelles technologies de l\u2019information et de la communication. Et c\u2019est d\u00e9j\u00e0 \u00e7\u00e0.<\/em><\/p>\n<p class=\"c3\"><strong><em>La pand\u00e9mie du coronavirus s\u2019est fortement traduite par une sorte de repli sur soi \u00e0 travers la fermeture des fronti\u00e8res<\/em><\/strong><\/p>\n<p class=\"c3\"><em>Cela dit, comment faire convenablement face \u00e0 la pand\u00e9mie du Covid-19 qui est en passe, si ce n\u2019est d\u00e9j\u00e0 fait, de d\u00e9r\u00e9gler l\u2019ordre mondial et les habitudes et autres rapports interhumains ? Telle est l\u2019autre probl\u00e9matique de cette session extraordinaire de la CEDEAO, qui n\u00e9cessite une action coordonn\u00e9e face \u00e0 l\u2019\u00e9volution de la maladie qui a mis en berne presque toute l\u2019activit\u00e9 \u00e9conomique mondiale. En tout cas, sur le plan des rapports entre Etats, la r\u00e9action \u00e0 la pand\u00e9mie du coronavirus s\u2019est fortement traduite par une sorte de repli sur soi \u00e0 travers la fermeture des fronti\u00e8res et autres suspensions de vols internationaux. Une situation qui, au-del\u00e0 de son aspect mesure pr\u00e9ventive contre la propagation de la maladie, frise l\u2019\u00e9go\u00efsme tant \u00e0 l\u2019\u00e9preuve du virus mortel, l\u2019attitude des Etats n\u2019a jamais autant r\u00e9pondu \u00e0 la sagesse africaine qui veut que \u00ab quand un caillou tombe du ciel, chacun prot\u00e8ge sa t\u00eate \u00bb. Et la CEDEAO n\u2019\u00e9chappe pas \u00e0 cette r\u00e8gle puisqu\u2019en d\u00e9pit de ses textes fondamentaux qui pr\u00f4nent la libre circulation des biens et des personnes, les fronti\u00e8res, se sont ferm\u00e9es les unes apr\u00e8s les autres en raison de la pand\u00e9mie du Covid-19, laissant parfois des passagers en rade \u00e0 certaines fronti\u00e8res si ce n\u2019est \u00e0 mi-chemin entre deux pays.\u00a0<\/em> <em>C\u2019est dire toute l\u2019importance de ce sommet virtuel sur l\u2019urgence \u00e0 freiner le coronavirus \u00e0 travers une strat\u00e9gie unitaire. Et la participation de tous les 15 chefs d\u2019Etat de la sous-r\u00e9gion, en dit long sur l\u2019int\u00e9r\u00eat qu\u2019ils portent tous, sans exception, \u00e0 une question devenue, par la force des choses, la principale pr\u00e9occupation de l\u2019heure. Cela, compte tenu de l\u2019ampleur de la maladie qui n\u2019\u00e9pargne aucun des pays membres m\u00eame si ceux-ci sont frapp\u00e9s \u00e0 des degr\u00e9s divers. Il y a aussi l\u2019impact \u00e9conomique qui se fait d\u00e9j\u00e0 lourdement sentir en raison des mesures restrictives prises au niveau de chaque pays.<\/em><\/p>\n<p class=\"c3\"><strong><em>Tant qu\u2019il restera un seul cas d\u2019infection dans un des pays, la menace restera enti\u00e8re et permanente pour toute la sous-r\u00e9gion<\/em><\/strong><\/p>\n<p class=\"c3\"><em>C\u2019est pourquoi l\u2019on est port\u00e9 \u00e0 croire que cette concertation de haut niveau pour aller \u00e0 une mutualisation des forces, \u00e9tait une n\u00e9cessit\u00e9. D\u2019autant que sur le plan mondial, la comp\u00e9tition est devenue rude et sans piti\u00e9 dans la course aux \u00e9quipements de protection contre la maladie. Comment ne pas le croire quand il se dit qu\u2019un pays comme les Etats-Unis, par exemple, a surench\u00e9ri sur une cargaison de commandes fran\u00e7aises de masques de protection pour les d\u00e9tourner \u00e0 son profit, au moment o\u00f9 ces \u00e9quipements se font plut\u00f4t rares et que la plan\u00e8te enti\u00e8re est engag\u00e9e dans une sorte de comp\u00e9tition et de course contre la monre pour s\u2019en procurer\u00a0? Si ce n\u2019est pas la loi du plus fort, cela y ressemble bien. C\u2019est pourquoi, pour se donner des chances de faire porter leur voix, les pays de la CEDEAO ont raison d\u2019avancer group\u00e9s. Car, d\u00e9j\u00e0, certains gouvernements sont contraints de l\u00e2cher du lest, avec la r\u00e9ouverture de certains lieux publics comme les march\u00e9s ou certains lieux de culte, parce que la situation devient de plus en plus intenable. Dans le m\u00eame ordre d\u2019id\u00e9e, on peut se demander combien de temps encore les pays r\u00e9sisteront \u00e0 la fermeture des fronti\u00e8res, au moment o\u00f9 l\u2019on ne saurait dire si le pic de la maladie est pass\u00e9 ou est encore \u00e0 venir sur le continent africain en g\u00e9n\u00e9ral et l\u2019espace CEDEAO en particulier. Avec le recul, on se demande si ce sommet n\u2019aurait pas d\u00fb arriver plus t\u00f4t, d\u2019autant que la seule v\u00e9ritable alternative qui se pr\u00e9sentait \u00e0 l\u2019Afrique, \u00e9tait la pr\u00e9vention. Mais comme il n\u2019est jamais trop tard pour bien faire, on esp\u00e8re que les mesures qui sortiront de cette concertation de haut niveau pour servir la cause des populations, seront suivies d\u2019effets. Car, il y a v\u00e9ritablement urgence \u00e0 aller vite et bien, au regard de la vitesse de propagation du virus parti de Chine en d\u00e9cembre 2019 et qui n\u2019a mis que quelque trois mois pour toucher toute la plan\u00e8te. C\u2019est le principal d\u00e9fi qui se pr\u00e9sente aujourd\u2019hui aux chefs d\u2019Etat. Car, tant qu\u2019il restera un seul cas d\u2019infection dans un des pays, la menace restera, telle une braise ardente sous la cendre, enti\u00e8re et permanente pour toute la sous-r\u00e9gion. C\u2019est pourquoi il est imp\u00e9ratif d\u2019aller \u00e0 cette mutualisation des forces \u00e0 travers une solidarit\u00e9 agissante. Autrement, tant que pr\u00e9vaudront les \u00e9go\u00efsmes nationaux, quelles que soient les mesures prises, le risque est grand que le succ\u00e8s ne soit pas au rendez-vous.<\/em><\/p>\n<p class=\"c3\"><strong><em>\u00a0\u00ab\u00a0Le Pays\u00a0\u00bb<\/em><\/strong><\/p>\n<p>Auteur: Le Pays<br \/>\n<a href=\"http:\/\/lepays.bf\/sommet-de-la-cedeao-sur-le-covid-19\/\">Cliquez ici pour lire l&rsquo;article depuis sa source.<\/a><\/p>\n","protected":false},"excerpt":{"rendered":"<p>\u00ab\u00a0Evolution de la situation et impact de la pand\u00e9mie du coronavirus dans l\u2019espace communautaire\u00a0\u00bb. Tel a \u00e9t\u00e9 le th\u00e8me du sommet extraordinaire de la CEDEAO tenu, hier, 23 avril 2020, entre les quinze chefs d\u2019Etat de la sous-r\u00e9gion ouest-africaine. Une rencontre de haut niveau qui vise \u00e0 r\u00e9fl\u00e9chir \u00e0 une r\u00e9ponse globale et sous-r\u00e9gionale face [&hellip;]<\/p>\n","protected":false},"author":1813,"featured_media":0,"comment_status":"closed","ping_status":"closed","sticky":false,"template":"","format":"standard","meta":{"fifu_image_url":"","fifu_image_alt":"","footnotes":""},"categories":[73,81],"tags":[],"class_list":["post-83254","post","type-post","status-publish","format-standard","hentry","category-actualite","category-burkina-faso"],"_links":{"self":[{"href":"https:\/\/linitiative.ca\/International\/wp-json\/wp\/v2\/posts\/83254","targetHints":{"allow":["GET"]}}],"collection":[{"href":"https:\/\/linitiative.ca\/International\/wp-json\/wp\/v2\/posts"}],"about":[{"href":"https:\/\/linitiative.ca\/International\/wp-json\/wp\/v2\/types\/post"}],"author":[{"embeddable":true,"href":"https:\/\/linitiative.ca\/International\/wp-json\/wp\/v2\/users\/1813"}],"replies":[{"embeddable":true,"href":"https:\/\/linitiative.ca\/International\/wp-json\/wp\/v2\/comments?post=83254"}],"version-history":[{"count":0,"href":"https:\/\/linitiative.ca\/International\/wp-json\/wp\/v2\/posts\/83254\/revisions"}],"wp:attachment":[{"href":"https:\/\/linitiative.ca\/International\/wp-json\/wp\/v2\/media?parent=83254"}],"wp:term":[{"taxonomy":"category","embeddable":true,"href":"https:\/\/linitiative.ca\/International\/wp-json\/wp\/v2\/categories?post=83254"},{"taxonomy":"post_tag","embeddable":true,"href":"https:\/\/linitiative.ca\/International\/wp-json\/wp\/v2\/tags?post=83254"}],"curies":[{"name":"wp","href":"https:\/\/api.w.org\/{rel}","templated":true}]}}