{"id":83255,"date":"2020-04-23T15:17:31","date_gmt":"2020-04-23T19:17:31","guid":{"rendered":"https:\/\/linitiative.ca\/International\/ramadan-sur-fond-du-coronavirus\/"},"modified":"2020-04-23T15:17:31","modified_gmt":"2020-04-23T19:17:31","slug":"ramadan-sur-fond-du-coronavirus","status":"publish","type":"post","link":"https:\/\/linitiative.ca\/International\/ramadan-sur-fond-du-coronavirus\/","title":{"rendered":"RAMADAN SUR FOND DU CORONAVIRUS"},"content":{"rendered":"<div class=\"stream-item stream-item-above-post-content\">\n<p><noscript><\/p>\n<p><a href=\"\/\/www3.smartadserver.com\/ac?jump=1&amp;nwid=2136&amp;siteid=240610&amp;pgname=rg&amp;fmtid=49046&amp;visit=m&amp;tmstp=[timestamp]&amp;out=nonrich\" target=\"_blank\" rel=\"noopener noreferrer\"><img decoding=\"async\" src=\"\/\/www3.smartadserver.com\/ac?out=nonrich&amp;nwid=2136&amp;siteid=240610&amp;pgname=rg&amp;fmtid=49046&amp;visit=m&amp;tmstp=[timestamp]\" border=\"0\" alt=\"\"\/><\/a><\/p>\n<p><\/noscript><\/div>\n<p class=\"c3\"><em>Le je\u00fbne musulman a d\u00e9but\u00e9, hier, dans certains pays et ce sera le cas dans d\u2019autres aujourd\u2019hui ou demain. Si par le pass\u00e9, il constituait un moment de p\u00e9nitence, de partage et de communion, il en sera autrement cette ann\u00e9e au Burkina. Et ce, \u00e0 cause des mesures pr\u00e9ventives prises contre la pand\u00e9mie de coronavirus, notamment la fermeture des mosqu\u00e9es, l\u2019interdiction de regroupements de plus de cinquante personnes, etc. C\u2019est dire si chaque fid\u00e8le musulman burkinab\u00e8 devra vivre cette p\u00e9riode de privation \u00e0 la maison, loin de ses coreligionnaires. Autant dire que les fid\u00e8les musulmans du pays des Hommes int\u00e8gres feront face \u00e0 une double p\u00e9nitence\u00a0: ils ne pourront ni prier collectivement ni partager le repas en groupe, le soir venu. Il ne fait aucun doute que les mosqu\u00e9es leur manqueront autant qu\u2019ils manqueront \u00e0 ces lieux de culte qui, d\u2019ordinaire, refusaient du monde au mois de Ramadan. Outre le c\u00f4t\u00e9 spirituel, la solidarit\u00e9 l\u00e9gendaire du peuple burkinab\u00e8 risque de prendre un coup. On est d\u2019autant plus fond\u00e9 \u00e0 le penser qu\u2019en temps normal, la cha\u00eene de solidarit\u00e9 serait d\u00e9j\u00e0 en marche. Distribution de sucre, de dattes, bref, en d\u2019autres temps, les fid\u00e8les musulmans seraient en train de recevoir tous azimuts les pr\u00e9sents dont ils ont besoin en cette p\u00e9riode pour passer un bon mois de car\u00eame. Mais avec le Covid-19, ces pr\u00e9sents se font toujours attendre ou du moins se font rares parce que beaucoup \u00e9vitent les visites et la manipulation des objets. On n\u2019imagine pas ce qui se passera le jour du Ramadan.<\/em><\/p>\n<p class=\"c3\"><strong><em>Le souhait est que les fid\u00e8les musulmans sortent de cette dure \u00e9preuve, renforc\u00e9s spirituellement<\/em><\/strong><\/p>\n<p class=\"c3\"><em>Au Burkina, la tol\u00e9rance religieuse ne se raconte pas\u00a0; elle se vit. Et de ce fait, les chr\u00e9tiens n\u2019h\u00e9sitent pas \u00e0 rendre visite les jours de f\u00eate \u00e0 leurs voisins et amis musulmans pour partager le repas et vice-versa. Mais cette ann\u00e9e, il est \u00e0 craindre que la f\u00eate se d\u00e9roule sans invit\u00e9s comme cela a \u00e9t\u00e9 le cas lors de la f\u00eate de P\u00e2ques. Sauf erreur ou omission de notre part, ce sera la premi\u00e8re fois dans l\u2019histoire que les fid\u00e8les musulmans du Burkina vivront une telle situation. Et c\u2019est peu dire que c\u2019est une dure \u00e9preuve. Comment lutter spirituellement contre le diable tout en \u00e9tant dans l\u2019angoisse de piquer un virus qui pourrait mettre fin \u00e0 son s\u00e9jour terrestre\u00a0? Difficile d\u2019y r\u00e9pondre. C\u2019est pourquoi il faut saluer l\u2019all\u00e8gement du couvre-feu. Cette mesure s\u2019apparente, \u00e0 tout point de vue, \u00e0 un coup de pouce, puisqu\u2019il permet aux fid\u00e8les musulmans de mieux pr\u00e9parer l\u2019esprit et le corps pour entamer le je\u00fbne de la journ\u00e9e. L\u2019on pourrait dire \u00e9galement que la r\u00e9ouverture du grand march\u00e9, Rood Wooko, constitue une bouff\u00e9e d\u2019oxyg\u00e8ne pour les fid\u00e8les musulmans. L\u2019un dans l\u2019autre, ces mesures permettront \u00e0 bien des fid\u00e8les de faire leur je\u00fbne dans une relative s\u00e9r\u00e9nit\u00e9. Et plaise au Cr\u00e9ateur que d\u2019ici \u00e0 la fin du je\u00fbne du Ramadan, une solution soit trouv\u00e9e au Covid-19. En tout cas, tout le souhait est que les fid\u00e8les musulmans sortent de cette dure \u00e9preuve, renforc\u00e9s spirituellement et que la paix r\u00e8gne \u00e0 nouveau sur le Burkina.<\/em><\/p>\n<p class=\"c3\"><strong><em>Dabadi ZOUMBARA<\/em><\/strong><\/p>\n<p>Auteur: Le Pays<br \/>\n<a href=\"http:\/\/lepays.bf\/ramadan-sur-fond-du-coronavirus\/\">Cliquez ici pour lire l&rsquo;article depuis sa source.<\/a><\/p>\n","protected":false},"excerpt":{"rendered":"<p>Le je\u00fbne musulman a d\u00e9but\u00e9, hier, dans certains pays et ce sera le cas dans d\u2019autres aujourd\u2019hui ou demain. Si par le pass\u00e9, il constituait un moment de p\u00e9nitence, de partage et de communion, il en sera autrement cette ann\u00e9e au Burkina. Et ce, \u00e0 cause des mesures pr\u00e9ventives prises contre la pand\u00e9mie de coronavirus, [&hellip;]<\/p>\n","protected":false},"author":1813,"featured_media":0,"comment_status":"closed","ping_status":"closed","sticky":false,"template":"","format":"standard","meta":{"fifu_image_url":"","fifu_image_alt":"","footnotes":""},"categories":[73,81],"tags":[],"class_list":["post-83255","post","type-post","status-publish","format-standard","hentry","category-actualite","category-burkina-faso"],"_links":{"self":[{"href":"https:\/\/linitiative.ca\/International\/wp-json\/wp\/v2\/posts\/83255","targetHints":{"allow":["GET"]}}],"collection":[{"href":"https:\/\/linitiative.ca\/International\/wp-json\/wp\/v2\/posts"}],"about":[{"href":"https:\/\/linitiative.ca\/International\/wp-json\/wp\/v2\/types\/post"}],"author":[{"embeddable":true,"href":"https:\/\/linitiative.ca\/International\/wp-json\/wp\/v2\/users\/1813"}],"replies":[{"embeddable":true,"href":"https:\/\/linitiative.ca\/International\/wp-json\/wp\/v2\/comments?post=83255"}],"version-history":[{"count":0,"href":"https:\/\/linitiative.ca\/International\/wp-json\/wp\/v2\/posts\/83255\/revisions"}],"wp:attachment":[{"href":"https:\/\/linitiative.ca\/International\/wp-json\/wp\/v2\/media?parent=83255"}],"wp:term":[{"taxonomy":"category","embeddable":true,"href":"https:\/\/linitiative.ca\/International\/wp-json\/wp\/v2\/categories?post=83255"},{"taxonomy":"post_tag","embeddable":true,"href":"https:\/\/linitiative.ca\/International\/wp-json\/wp\/v2\/tags?post=83255"}],"curies":[{"name":"wp","href":"https:\/\/api.w.org\/{rel}","templated":true}]}}