{"id":83256,"date":"2020-04-23T15:21:57","date_gmt":"2020-04-23T19:21:57","guid":{"rendered":"https:\/\/linitiative.ca\/International\/reconnaissance-par-la-cedeao-de-la-victoire-du-candidat-de-lopposition\/"},"modified":"2020-04-23T15:21:57","modified_gmt":"2020-04-23T19:21:57","slug":"reconnaissance-par-la-cedeao-de-la-victoire-du-candidat-de-lopposition","status":"publish","type":"post","link":"https:\/\/linitiative.ca\/International\/reconnaissance-par-la-cedeao-de-la-victoire-du-candidat-de-lopposition\/","title":{"rendered":"RECONNAISSANCE PAR LA CEDEAO DE LA VICTOIRE DU CANDIDAT DE L\u2019OPPOSITION"},"content":{"rendered":"<div class=\"featured-area featured-area-inner\"><img loading=\"lazy\" decoding=\"async\" width=\"592\" height=\"296\" src=\"http:\/\/lepays.bf\/wp-content\/uploads\/2020\/04\/EMBALO.jpg\" class=\"attachment-jannah-image-post size-jannah-image-post wp-post-image\" alt=\"\" srcset=\"http:\/\/lepays.bf\/wp-content\/uploads\/2020\/04\/EMBALO.jpg 592w, http:\/\/lepays.bf\/wp-content\/uploads\/2020\/04\/EMBALO-300x150.jpg 300w\" sizes=\"auto, (max-width: 592px) 100vw, 592px\"\/><\/div>\n<div class=\"entry-content entry clearfix\" readability=\"68\">\n<div class=\"stream-item stream-item-above-post-content\">\n<p><noscript><\/p>\n<p><a href=\"\/\/www3.smartadserver.com\/ac?jump=1&amp;nwid=2136&amp;siteid=240610&amp;pgname=rg&amp;fmtid=49046&amp;visit=m&amp;tmstp=[timestamp]&amp;out=nonrich\" target=\"_blank\" rel=\"noopener noreferrer\"><img decoding=\"async\" src=\"\/\/www3.smartadserver.com\/ac?out=nonrich&amp;nwid=2136&amp;siteid=240610&amp;pgname=rg&amp;fmtid=49046&amp;visit=m&amp;tmstp=[timestamp]\" border=\"0\" alt=\"\"\/><\/a><\/p>\n<p><\/noscript><\/div>\n<p class=\"c3\"><em>S\u2019achemine-t-on vers la fin de la crise politique n\u00e9e de la pr\u00e9sidentielle du 29 d\u00e9cembre dernier, en Guin\u00e9e Bissau\u00a0? C\u2019est la question que plus d\u2019un observateur se pose apr\u00e8s la reconnaissance par les chefs d\u2019Etat de la Communaut\u00e9 \u00e9conomique des Etats de l\u2019Afrique de l\u2019Ouest (CEDEAO), de la victoire de Umaro Cissoko Embalo. Rappelons que les dirigeants de l\u2019espace communautaire ouest-africain \u00e9taient r\u00e9unis, hier, 23 avril 2020, par visioconf\u00e9rence, \u00e0 l\u2019effet d\u2019examiner l\u2019\u00e9volution et l\u2019impact du coronavirus dans leur r\u00e9gion. C\u2019est \u00e0 cette occasion qu\u2019ils ont rendu public ce communiqu\u00e9 qui, disent-ils, se fonde sur la base des r\u00e9sultats constants rendus publics par la Commission \u00e9lectorale bissau-guin\u00e9enne. M\u00eame si cette reconnaissance n\u2019est pas un blanc-seing, elle constitue, pour le moins, une victoire diplomatique pour le sieur Cissoko Embalo qui, rappelons-le, face \u00e0 l\u2019imp\u00e9ritie coupable de la Cour supr\u00eame, avait organis\u00e9 sa propre investiture dans un h\u00f4tel de la place avant d\u2019am\u00e9nager au palais pr\u00e9sidentiel. Une d\u00e9marche qui n\u2019a pas \u00e9t\u00e9 du go\u00fbt de la CEDEAO qui souhaite d\u00e9sormais que l\u2019investiture du pr\u00e9sident \u00e9lu se fasse conform\u00e9ment aux lois bissau-guin\u00e9ennes, c\u2019est-\u00e0-dire devant la Cour supr\u00eame qui semble avoir pris fait et cause pour le candidat Domingo Simoes Pereira. Et ce n\u2019est pas tout. Les chefs d\u2019Etat ouest-africains appellent au respect des dispositions constitutionnelles relatives \u00e0 la nomination du Premier ministre et \u00e0 la formation du gouvernement afin d\u2019\u00e9viter une \u00ab\u00a0nouvelle crise politique et institutionnelle identique \u00e0 celle qui a paralys\u00e9 le pays au cours des quatre derni\u00e8res ann\u00e9es\u00a0\u00bb.<\/em><\/p>\n<p class=\"c3\"><strong><em>Le tout n\u2019est pas de reconna\u00eetre la victoire de Cissoko Embalo<\/em><\/strong><\/p>\n<p class=\"c3\"><em>En le disant ainsi, la CEDEAO d\u00e9savoue publiquement le gouvernement mis en place par Cissoko Embalo tout en lui rappelant que selon la Constitution bissau-guin\u00e9enne, le chef du gouvernement doit \u00eatre issu du parti majoritaire qui est le Parti africain pour l\u2019ind\u00e9pendance de la Guin\u00e9e et du Cap-Vert (PAIGC) de Domingo Simoes Pereira. En tout cas, mieux que quiconque, la CEDEAO sait qu\u2019elle marche sur des \u0153ufs. Car, Umaro Cissoco Embalo, il faut le dire, ne pourra pas gouverner s\u2019il n\u2019a pas le soutien du PAIGC qui est devenu un parti-Etat.\u00a0<\/em> <em>C\u2019est dire donc que le tout n\u2019est pas de reconna\u00eetre la victoire de Cissoko Embalo. La CEDEAO se doit de l\u2019accompagner en initiant, sous ses bons auspices, un dialogue inclusif aux fins d\u2019aplanir toutes les difficult\u00e9s et travailler \u00e0 r\u00e9concilier les Bissau-Guin\u00e9ens avec eux-m\u00eames. C\u2019est \u00e0 ce prix que le pays d\u2019Amilcar Cabral pourra \u00ab assurer sa stabilit\u00e9 et des r\u00e9formes constitutionnelles \u00e0 soumettre \u00e0 un r\u00e9f\u00e9rendum \u00bb, comme le souhaite l\u2019instance r\u00e9gionale. Et pour y parvenir, Cissoko Embalo doit avoir le triomphe modeste.<\/em><\/p>\n<p class=\"c3\"><strong><em>B.O<\/em><\/strong><\/p>\n<\/div>\n<p>Auteur: Le Pays<br \/>\n<a href=\"http:\/\/lepays.bf\/reconnaissance-par-la-cedeao-de-la-victoire-du-candidat-de-lopposition\/\">Cliquez ici pour lire l&rsquo;article depuis sa source.<\/a><\/p>\n","protected":false},"excerpt":{"rendered":"<p>S\u2019achemine-t-on vers la fin de la crise politique n\u00e9e de la pr\u00e9sidentielle du 29 d\u00e9cembre dernier, en Guin\u00e9e Bissau\u00a0? C\u2019est la question que plus d\u2019un observateur se pose apr\u00e8s la reconnaissance par les chefs d\u2019Etat de la Communaut\u00e9 \u00e9conomique des Etats de l\u2019Afrique de l\u2019Ouest (CEDEAO), de la victoire de Umaro Cissoko Embalo. Rappelons que [&hellip;]<\/p>\n","protected":false},"author":1813,"featured_media":0,"comment_status":"closed","ping_status":"closed","sticky":false,"template":"","format":"standard","meta":{"fifu_image_url":"","fifu_image_alt":"","footnotes":""},"categories":[73,81],"tags":[],"class_list":["post-83256","post","type-post","status-publish","format-standard","hentry","category-actualite","category-burkina-faso"],"_links":{"self":[{"href":"https:\/\/linitiative.ca\/International\/wp-json\/wp\/v2\/posts\/83256","targetHints":{"allow":["GET"]}}],"collection":[{"href":"https:\/\/linitiative.ca\/International\/wp-json\/wp\/v2\/posts"}],"about":[{"href":"https:\/\/linitiative.ca\/International\/wp-json\/wp\/v2\/types\/post"}],"author":[{"embeddable":true,"href":"https:\/\/linitiative.ca\/International\/wp-json\/wp\/v2\/users\/1813"}],"replies":[{"embeddable":true,"href":"https:\/\/linitiative.ca\/International\/wp-json\/wp\/v2\/comments?post=83256"}],"version-history":[{"count":0,"href":"https:\/\/linitiative.ca\/International\/wp-json\/wp\/v2\/posts\/83256\/revisions"}],"wp:attachment":[{"href":"https:\/\/linitiative.ca\/International\/wp-json\/wp\/v2\/media?parent=83256"}],"wp:term":[{"taxonomy":"category","embeddable":true,"href":"https:\/\/linitiative.ca\/International\/wp-json\/wp\/v2\/categories?post=83256"},{"taxonomy":"post_tag","embeddable":true,"href":"https:\/\/linitiative.ca\/International\/wp-json\/wp\/v2\/tags?post=83256"}],"curies":[{"name":"wp","href":"https:\/\/api.w.org\/{rel}","templated":true}]}}