{"id":83258,"date":"2020-04-23T16:03:08","date_gmt":"2020-04-23T20:03:08","guid":{"rendered":"https:\/\/linitiative.ca\/International\/filets-sociaux-au-burkina-les-deputes-autorisent-lextension-du-projet\/"},"modified":"2020-04-23T16:03:08","modified_gmt":"2020-04-23T20:03:08","slug":"filets-sociaux-au-burkina-les-deputes-autorisent-lextension-du-projet","status":"publish","type":"post","link":"https:\/\/linitiative.ca\/International\/filets-sociaux-au-burkina-les-deputes-autorisent-lextension-du-projet\/","title":{"rendered":"Filets sociaux au Burkina : les d\u00e9put\u00e9s autorisent l\u2019extension  du projet"},"content":{"rendered":"<div class=\"td-post-featured-image\"><a href=\"https:\/\/i0.wp.com\/www.sidwaya.info\/wp-content\/uploads\/2020\/04\/1-48.jpg?fit=595%2C446&amp;ssl=1\" data-caption=\"\"><img loading=\"lazy\" decoding=\"async\" width=\"595\" height=\"446\" class=\"entry-thumb td-modal-image\" src=\"https:\/\/i0.wp.com\/www.sidwaya.info\/wp-content\/uploads\/2020\/04\/1-48.jpg?resize=595%2C446&amp;ssl=1\" srcset=\"https:\/\/i0.wp.com\/www.sidwaya.info\/wp-content\/uploads\/2020\/04\/1-48.jpg?w=595&amp;ssl=1 595w, https:\/\/i0.wp.com\/www.sidwaya.info\/wp-content\/uploads\/2020\/04\/1-48.jpg?resize=300%2C225&amp;ssl=1 300w, https:\/\/i0.wp.com\/www.sidwaya.info\/wp-content\/uploads\/2020\/04\/1-48.jpg?resize=560%2C420&amp;ssl=1 560w, https:\/\/i0.wp.com\/www.sidwaya.info\/wp-content\/uploads\/2020\/04\/1-48.jpg?resize=80%2C60&amp;ssl=1 80w, https:\/\/i0.wp.com\/www.sidwaya.info\/wp-content\/uploads\/2020\/04\/1-48.jpg?resize=265%2C198&amp;ssl=1 265w\" sizes=\"auto, (max-width: 595px) 100vw, 595px\" alt=\"\" title=\"1\"\/><\/a><\/div>\n<p><strong>L\u2019Assembl\u00e9e nationale a adopt\u00e9 le jeudi 23 avril 2020, \u00e0 l\u2019unanimit\u00e9, trois projets de loi dont l\u2019un, portant autorisation de ratification des accords de dons et de cr\u00e9dits conclue entre l\u2019Etat burkinab\u00e8 et l\u2019Association internationale pour le d\u00e9veloppement (IDA) pour le financement additionnel du projet filets sociaux dont la phase pilote arrive \u00e0 terme.<\/strong><\/p>\n<p>Apr\u00e8s \u00ab\u00a0les succ\u00e8s\u00a0\u00bb enregistr\u00e9s dans la mise en \u0153uvre du projet filets sociaux dans sa phase pilote au Burkina Faso, le gouvernement vient d\u2019obtenir un quitus pour son prolongement et son extension. En effet, un projet de loi portant autorisation de ratification d\u2019accord de dons et de cr\u00e9dits a \u00e9t\u00e9 adopt\u00e9 \u00e0 l\u2019unanimit\u00e9 par les d\u00e9put\u00e9s, le jeudi 23 avril 2020. D\u2019un montant global de 110 millions de dollars US (55 milliards F CFA) dont 93 millions de dollars US sous forme de don, l\u2019enveloppe permettra d\u2019accro\u00eetre l\u2019acc\u00e8s des m\u00e9nages pauvres et vuln\u00e9rables aux filets sociaux au Burkina Faso.<\/p>\n<p>Selon la ministre de la Femme, de la Solidarit\u00e9 nationale, de la Famille et de l\u2019Action humanitaire, H\u00e9l\u00e8ne Marie Laurence Ilboudo, le projet filets sociaux en cours actuellement dans quatre r\u00e9gions du pays (Centre-Est, Centre-Ouest, l\u2019Est et le Nord) va s\u2019\u00e9tendre \u00e0 quatre autres r\u00e9gions, \u00e0 savoir le Sahel, la Boucle du Mouhoun, le Centre-Nord et le Centre (notamment les zones p\u00e9riurbaine de Ouagadougou). \u00a0Les b\u00e9n\u00e9ficiaires, a-t-elle indiqu\u00e9, sont compos\u00e9s des m\u00e9nages pauvres avec des enfants de moins de 15 ans, des femmes enceintes, des m\u00e9nages affect\u00e9s ou vuln\u00e9rables aux chocs et \u00e0 l\u2019ins\u00e9curit\u00e9 alimentaire ainsi que les r\u00e9fugi\u00e9s maliens et les communaut\u00e9s h\u00f4tes dans la r\u00e9gion du Sahel. Le projet comprend quatre composantes dont le transfert mon\u00e9taire et le programme de sensibilisation des m\u00e9nages pauvres et vuln\u00e9rables et un volet d\u00e9di\u00e9 aux Travaux \u00e0 haute intensit\u00e9 de main-d\u2019\u0153uvre (THIMO). La premi\u00e8re composante permet de transf\u00e9rer p\u00e9riodiquement de l\u2019argent (30\u00a0000 F CFA par mois et par m\u00e9nage pauvre\/vuln\u00e9rable) pendant la p\u00e9riode de soudure allant de juillet \u00e0 septembre. Quant au THIMO, il s\u2019agit d\u2019une nouvelle composante ciblant les r\u00e9fugi\u00e9s et les communaut\u00e9s d\u2019accueil dans la r\u00e9gion du Sahel.<\/p>\n<div class=\"td-a-rec td-a-rec-id-content_inline tdi_30_b0a td_block_template_1\"><img loading=\"lazy\" decoding=\"async\" class=\"aligncenter size-full wp-image-21314\" src=\"https:\/\/www.sidwaya.info\/wp-content\/uploads\/2020\/04\/Bandeau-Covid-19-Sidwaya-1.jpg\" alt=\"\" width=\"790\" height=\"98\"\/><\/div>\n<p>\u00ab\u00a0Les b\u00e9n\u00e9ficiaires pourraient jouir d\u2019emplois g\u00e9n\u00e9rateurs de revenus, tout en r\u00e9habilitant et entretenant les infrastructures en zones rurales et urbaines et en cr\u00e9ant une activit\u00e9 \u00e9conomique susceptible de cr\u00e9er des opportunit\u00e9s d\u2019emplois et de revenus suppl\u00e9mentaires\u00a0\u00bb, a pr\u00e9cis\u00e9 la ministre en charge de la Solidarit\u00e9. Avant l\u2019adoption du projet de loi, les d\u00e9put\u00e9s ont soulev\u00e9 des pr\u00e9occupations en lien avec le projet. A la question de savoir si un bilan \u00e0 mi-parcours du projet peut \u00eatre fait, la repr\u00e9sentante de l\u2019ex\u00e9cutif a fait savoir que le montant total des transferts aux m\u00e9nages pauvres ou vuln\u00e9rables entre 2015 et 2019 s\u2019\u00e9l\u00e8ve \u00e0 plus de 18 milliards F CFA.<\/p>\n<p>En plus de la vuln\u00e9rabilit\u00e9, le gouvernement ne peut-il pas prendre en compte d\u2019autres crit\u00e8res en vue d\u2019\u00e9largir le nombre de b\u00e9n\u00e9ficiaires\u00a0? \u00ab\u00a0Le gouvernement a n\u00e9goci\u00e9 avec les partenaires techniques et financiers, la prise en compte des femmes vivant avec un handicap des villages cibl\u00e9s. L\u2019autre nouveaut\u00e9 concerne l\u2019intervention dans les zones p\u00e9riurbaines\u00a0\u00bb, a r\u00e9pondu Mme Ilboudo. Le second projet est relatif \u00e0 une autorisation de ratification d\u2019une convention de cr\u00e9dit entre le Burkina Faso et l\u2019Agence fran\u00e7aise de d\u00e9veloppement (AFD) pour un pr\u00eat de soutien budg\u00e9taire pour la p\u00e9riode 2019-2020. Estim\u00e9 \u00e0 30 millions d\u2019euros, soit un peu plus de 19 milliards F CFA, il est destin\u00e9, selon la ministre d\u00e9l\u00e9gu\u00e9e, charg\u00e9e du Budget, Edith Cl\u00e9mence Yaka, \u00e0 appuyer les efforts du gouvernement dans les zones touch\u00e9es par l\u2019ins\u00e9curit\u00e9 notamment le Nord, le Sahel, l\u2019Est, la Boucle du Mouhoun et le Centre-Nord, \u00e0 travers le Programme d\u2019urgence pour le Sahel (PUS).<\/p>\n<p>Les d\u00e9put\u00e9s ont \u00e9galement autoris\u00e9 le gouvernement \u00e0 ratifier le trait\u00e9 du 12 juillet 2019 portant modification des dispositions du Trait\u00e9 de l\u2019Union \u00e9conomique et mon\u00e9taire ouest africaine du 20 janvier 2007. A terme, ce trait\u00e9 permettra de changer la d\u00e9nomination Conseil r\u00e9gional de l\u2019\u00e9pargne et des march\u00e9s financiers utilis\u00e9e \u00e0 l\u2019UEMOA.<\/p>\n<p class=\"c1\"><strong>Beyon Romain NEBIE<\/strong><br \/><strong>beynebie@gmail.com<\/strong><\/p>\n<div class=\"td-a-rec td-a-rec-id-content_bottom tdi_31_5ef td_block_template_1\"><img loading=\"lazy\" decoding=\"async\" class=\"aligncenter size-full wp-image-9623\" src=\"https:\/\/www.sidwaya.info\/wp-content\/uploads\/2019\/06\/Projet-bannie%CC%80re-Orange-mobile.jpg\" alt=\"\" width=\"728\" height=\"81\"\/><\/div>\n<p>Auteur: DD. Sidwaya<br \/>\n<a href=\"https:\/\/www.sidwaya.info\/blog\/2020\/04\/23\/filets-sociaux-au-burkina-les-deputes-autorisent-lextension-du-projet\/\">Cliquez ici pour lire l&rsquo;article depuis sa source.<\/a><\/p>\n","protected":false},"excerpt":{"rendered":"<p>L\u2019Assembl\u00e9e nationale a adopt\u00e9 le jeudi 23 avril 2020, \u00e0 l\u2019unanimit\u00e9, trois projets de loi dont l\u2019un, portant autorisation de ratification des accords de dons et de cr\u00e9dits conclue entre l\u2019Etat burkinab\u00e8 et l\u2019Association internationale pour le d\u00e9veloppement (IDA) pour le financement additionnel du projet filets sociaux dont la phase pilote arrive \u00e0 terme. Apr\u00e8s [&hellip;]<\/p>\n","protected":false},"author":1816,"featured_media":0,"comment_status":"closed","ping_status":"closed","sticky":false,"template":"","format":"standard","meta":{"fifu_image_url":"","fifu_image_alt":"","footnotes":""},"categories":[73,81],"tags":[],"class_list":["post-83258","post","type-post","status-publish","format-standard","hentry","category-actualite","category-burkina-faso"],"_links":{"self":[{"href":"https:\/\/linitiative.ca\/International\/wp-json\/wp\/v2\/posts\/83258","targetHints":{"allow":["GET"]}}],"collection":[{"href":"https:\/\/linitiative.ca\/International\/wp-json\/wp\/v2\/posts"}],"about":[{"href":"https:\/\/linitiative.ca\/International\/wp-json\/wp\/v2\/types\/post"}],"author":[{"embeddable":true,"href":"https:\/\/linitiative.ca\/International\/wp-json\/wp\/v2\/users\/1816"}],"replies":[{"embeddable":true,"href":"https:\/\/linitiative.ca\/International\/wp-json\/wp\/v2\/comments?post=83258"}],"version-history":[{"count":0,"href":"https:\/\/linitiative.ca\/International\/wp-json\/wp\/v2\/posts\/83258\/revisions"}],"wp:attachment":[{"href":"https:\/\/linitiative.ca\/International\/wp-json\/wp\/v2\/media?parent=83258"}],"wp:term":[{"taxonomy":"category","embeddable":true,"href":"https:\/\/linitiative.ca\/International\/wp-json\/wp\/v2\/categories?post=83258"},{"taxonomy":"post_tag","embeddable":true,"href":"https:\/\/linitiative.ca\/International\/wp-json\/wp\/v2\/tags?post=83258"}],"curies":[{"name":"wp","href":"https:\/\/api.w.org\/{rel}","templated":true}]}}