{"id":83260,"date":"2020-04-23T16:20:37","date_gmt":"2020-04-23T20:20:37","guid":{"rendered":"https:\/\/linitiative.ca\/International\/inondation-du-site-des-deplaces-de-kongoussi-le-gouvernement-exprime-sa-solidarite\/"},"modified":"2020-04-23T16:20:37","modified_gmt":"2020-04-23T20:20:37","slug":"inondation-du-site-des-deplaces-de-kongoussi-le-gouvernement-exprime-sa-solidarite","status":"publish","type":"post","link":"https:\/\/linitiative.ca\/International\/inondation-du-site-des-deplaces-de-kongoussi-le-gouvernement-exprime-sa-solidarite\/","title":{"rendered":"Inondation du site des d\u00e9plac\u00e9s de Kongoussi  : le gouvernement exprime sa solidarit\u00e9"},"content":{"rendered":"<div class=\"td-post-featured-image\"><a href=\"https:\/\/i0.wp.com\/www.sidwaya.info\/wp-content\/uploads\/2020\/04\/1-50.jpg?fit=595%2C397&amp;ssl=1\" data-caption=\"\"><img loading=\"lazy\" decoding=\"async\" width=\"595\" height=\"397\" class=\"entry-thumb td-modal-image\" src=\"https:\/\/i0.wp.com\/www.sidwaya.info\/wp-content\/uploads\/2020\/04\/1-50.jpg?resize=595%2C397&amp;ssl=1\" srcset=\"https:\/\/i0.wp.com\/www.sidwaya.info\/wp-content\/uploads\/2020\/04\/1-50.jpg?w=595&amp;ssl=1 595w, https:\/\/i0.wp.com\/www.sidwaya.info\/wp-content\/uploads\/2020\/04\/1-50.jpg?resize=300%2C200&amp;ssl=1 300w\" sizes=\"auto, (max-width: 595px) 100vw, 595px\" alt=\"\" title=\"1\"\/><\/a><\/div>\n<p><strong>Le ministre d\u2019Etat, ministre de l\u2019Administration territoriale, de la D\u00e9centralisation et de la Coh\u00e9sion sociale, Sim\u00e9on Sawadogo, est all\u00e9 exprimer la compassion du gouvernement aux d\u00e9plac\u00e9s internes de Kongoussi, le jeudi 23 avril 2020, \u00e0 la suite des intemp\u00e9ries qui ont endommag\u00e9 une partie de leur camp.<\/strong><\/p>\n<p>Le gouvernement est solidaire des d\u00e9plac\u00e9s internes install\u00e9s \u00e0 Kongoussi, qui ont vu une partie de leurs abris endommag\u00e9e par les pluies de la nuit du 19 au 20 avril 2020 Le ministre d\u2019Etat, ministre de l\u2019Administration territoriale, de la D\u00e9centralisation et de la Coh\u00e9sion sociale, Sim\u00e9on Sawadogo, s\u2019est rendu sur le site le jeudi 23 avril 2020, pour leur apporter un soutien. Ce sont 20 sacs de riz de 50 kg, dix bidons d\u2019huile de 20 litres, 5 cartons d\u2019insecticides, 5 cartons d\u2019eau de javel, 32 cartons de savon, 5 sacs de savon en poudre, 8 cartons de savon liquide et 500 cache-nez qu\u2019il a remis au nom du gouvernement. Un million F CFA a \u00e9t\u00e9 \u00e9galement ajout\u00e9 au don en nature. A cette initiative gouvernementale, les d\u00e9put\u00e9s de la r\u00e9gion du Centre-Nord ont particip\u00e9. Ils ont remis une somme de 250 000 F CFA aux pensionnaires du camp.<\/p>\n<p>La soci\u00e9t\u00e9 mini\u00e8re Bissa Gold qui intervient dans la province du Bam leur a aussi fait don d\u2019un million F CFA. Dans le cadre de la lutte contre le coronavirus, la soci\u00e9t\u00e9 mini\u00e8re a offert un ch\u00e8que de 7 millions F CFA au comit\u00e9 provincial de riposte contre la pand\u00e9mie. Sur la m\u00eame lanc\u00e9e, le directeur-pays de Bissa Gold, Rasman\u00e9 Sawadogo, a fait un don de 40 cartons de savon, quatre lave-mains, 200 flacons de gel hydroalcoolique, 10 bo\u00eetes de 50 paires de gants et 200 masques.<\/p>\n<div class=\"td-a-rec td-a-rec-id-content_inline tdi_30_995 td_block_template_1\"><img loading=\"lazy\" decoding=\"async\" class=\"aligncenter size-full wp-image-21314\" src=\"https:\/\/www.sidwaya.info\/wp-content\/uploads\/2020\/04\/Bandeau-Covid-19-Sidwaya-1.jpg\" alt=\"\" width=\"790\" height=\"98\"\/><\/div>\n<p>Le ministre Sawadogo, a indiqu\u00e9 que le gouvernement avait d\u00e9j\u00e0 pris des mesures afin que les d\u00e9plac\u00e9s internes touch\u00e9s par les intemp\u00e9ries puissent \u00eatre relog\u00e9s rapidement. \u00ab Mais le pr\u00e9sident du Faso et le Premier ministre ont souhait\u00e9 que je vienne exprimer la solidarit\u00e9 du gouvernement aux pensionnaires du camp qui subissent une seconde fois un sinistre. Je suis venu leur dire que dans ces \u00e9preuves qu\u2019ils endurent, ils ne sont pas seuls \u00bb, a-t-il indiqu\u00e9.<\/p>\n<p><strong>\u00ab Nous plaidons pour un retour dans nos villages \u00bb<\/strong><\/p>\n<p>M. Sawadogo a remerci\u00e9 les d\u00e9put\u00e9s de la r\u00e9gion et Bissa Gold qui ont soutenu l\u2019action gouvernementale. Le ministre en charge de la coh\u00e9sion sociale a confi\u00e9 qu\u2019un nouveau site est en train d\u2019\u00eatre d\u00e9limit\u00e9 par la mairie pour reloger les d\u00e9plac\u00e9s. \u00ab Si une seconde inondation survient de nouveau sur ce site, on ne va pas nous le pardonner \u00bb, a-t-il pr\u00e9venu.<br \/>Le maire de la commune de Kongoussi, Rim\u00e9do Sawadogo, a remerci\u00e9 l\u2019ex\u00e9cutif et les bonnes volont\u00e9s pour avoir une fois de plus t\u00e9moign\u00e9 sa solidarit\u00e9 aux d\u00e9plac\u00e9s internes. Le repr\u00e9sentant des d\u00e9plac\u00e9s internes, El Adj Amidou Sawadogo, a traduit la gratitude de tous au gouvernement et aux autres donateurs. \u00abNous sommes sensibles de votre pr\u00e9sence \u00e0 nos c\u00f4t\u00e9s. Mais nous plaidons aussi pour un retour dans nos villages. Vivement que la s\u00e9curit\u00e9 revienne afin que nous puissions retrouver la qui\u00e9tude d\u2019antan \u00bb, a-t-il soulign\u00e9. Pour lui, le m\u00eame \u00e9lan de solidarit\u00e9 manifest\u00e9 dans le cadre de la lutte contre le coronavirus, doit \u00eatre entretenu dans le combat contre le terrorisme.<\/p>\n<p>Le directeur-pays de Bissa Gold a dit avoir saisi l\u2019occasion pour accompagner le gouvernement dans la lutte contre le coronavirus et soutenir \u00e9galement les d\u00e9plac\u00e9s internes. \u00ab C\u2019est pourquoi, nous avons apport\u00e9 un soutien au comit\u00e9 provincial de lutte contre le COVID-19 et aux personnes d\u00e9plac\u00e9es. Nous sommes dans la r\u00e9gion et nous devons \u00eatre solidaires des populations \u00bb, a-t-il conclu.<\/p>\n<p class=\"c1\"><strong>Karim BADOLO<\/strong><\/p>\n<div class=\"td-a-rec td-a-rec-id-content_bottom tdi_31_052 td_block_template_1\"><img loading=\"lazy\" decoding=\"async\" class=\"aligncenter size-full wp-image-9623\" src=\"https:\/\/www.sidwaya.info\/wp-content\/uploads\/2019\/06\/Projet-bannie%CC%80re-Orange-mobile.jpg\" alt=\"\" width=\"728\" height=\"81\"\/><\/div>\n<p>Auteur: DD. Sidwaya<br \/>\n<a href=\"https:\/\/www.sidwaya.info\/blog\/2020\/04\/23\/inondation-du-site-des-deplaces-de-kongoussi-le-gouvernement-exprime-sa-solidarite\/\">Cliquez ici pour lire l&rsquo;article depuis sa source.<\/a><\/p>\n","protected":false},"excerpt":{"rendered":"<p>Le ministre d\u2019Etat, ministre de l\u2019Administration territoriale, de la D\u00e9centralisation et de la Coh\u00e9sion sociale, Sim\u00e9on Sawadogo, est all\u00e9 exprimer la compassion du gouvernement aux d\u00e9plac\u00e9s internes de Kongoussi, le jeudi 23 avril 2020, \u00e0 la suite des intemp\u00e9ries qui ont endommag\u00e9 une partie de leur camp. Le gouvernement est solidaire des d\u00e9plac\u00e9s internes install\u00e9s [&hellip;]<\/p>\n","protected":false},"author":1816,"featured_media":0,"comment_status":"closed","ping_status":"closed","sticky":false,"template":"","format":"standard","meta":{"fifu_image_url":"","fifu_image_alt":"","footnotes":""},"categories":[73,81],"tags":[],"class_list":["post-83260","post","type-post","status-publish","format-standard","hentry","category-actualite","category-burkina-faso"],"_links":{"self":[{"href":"https:\/\/linitiative.ca\/International\/wp-json\/wp\/v2\/posts\/83260","targetHints":{"allow":["GET"]}}],"collection":[{"href":"https:\/\/linitiative.ca\/International\/wp-json\/wp\/v2\/posts"}],"about":[{"href":"https:\/\/linitiative.ca\/International\/wp-json\/wp\/v2\/types\/post"}],"author":[{"embeddable":true,"href":"https:\/\/linitiative.ca\/International\/wp-json\/wp\/v2\/users\/1816"}],"replies":[{"embeddable":true,"href":"https:\/\/linitiative.ca\/International\/wp-json\/wp\/v2\/comments?post=83260"}],"version-history":[{"count":0,"href":"https:\/\/linitiative.ca\/International\/wp-json\/wp\/v2\/posts\/83260\/revisions"}],"wp:attachment":[{"href":"https:\/\/linitiative.ca\/International\/wp-json\/wp\/v2\/media?parent=83260"}],"wp:term":[{"taxonomy":"category","embeddable":true,"href":"https:\/\/linitiative.ca\/International\/wp-json\/wp\/v2\/categories?post=83260"},{"taxonomy":"post_tag","embeddable":true,"href":"https:\/\/linitiative.ca\/International\/wp-json\/wp\/v2\/tags?post=83260"}],"curies":[{"name":"wp","href":"https:\/\/api.w.org\/{rel}","templated":true}]}}