{"id":83263,"date":"2020-04-23T16:18:10","date_gmt":"2020-04-23T20:18:10","guid":{"rendered":"https:\/\/linitiative.ca\/International\/le-jeune-du-mois-de-ramadan-demarre-en-cote-divoire-vendredi\/"},"modified":"2020-04-23T16:18:10","modified_gmt":"2020-04-23T20:18:10","slug":"le-jeune-du-mois-de-ramadan-demarre-en-cote-divoire-vendredi","status":"publish","type":"post","link":"https:\/\/linitiative.ca\/International\/le-jeune-du-mois-de-ramadan-demarre-en-cote-divoire-vendredi\/","title":{"rendered":"Le je\u00fbne du mois de Ramadan d\u00e9marre en C\u00f4te d\u2019Ivoire vendredi"},"content":{"rendered":"<div readability=\"32\">\n<p>Publi\u00e9 le 23.04.2020 \u00e0 21h18 par APA News<\/p>\n<\/div>\n<div readability=\"60\">\n<p>Les musulmans de C\u00f4te d\u2019Ivoire commenceront le je\u00fbne du mois de Ramadan 2020 (1441 H\u00e9gire), vendredi, apr\u00e8s l\u2019observation du croissant lunaire \u00e0 Bondoukou, dans le Nord-Est du pays.L\u2019annonce a \u00e9t\u00e9 faite conjointement, jeudi soir, par le Conseil sup\u00e9rieur des imams, des mosqu\u00e9es et des affaires islamiques en C\u00f4te d\u2019Ivoire (COSIM) et le Conseil des Imams sunnites de C\u00f4te d\u2019Ivoire (CODIS).<\/p>\n<p>Depuis quelques ann\u00e9es, le clerg\u00e9 musulman ivoirien a d\u00e9cid\u00e9 de respecter les pr\u00e9ceptes de l\u2019Islam en la mati\u00e8re, en observant le croissant lunaire \u00e0 l\u2019\u0153il nu le 29\u00e8 jour de Cha\u2019abane (dernier mois lunaire avant celui de Ramadan) qui est la nuit du doute pour fixer le d\u00e9but du mois de Ramadan. Sinon le je\u00fbne commence le lendemain du 30\u00e8 jour de Cha\u2019abane.<\/p>\n<p>Le je\u00fbne du Ramadan est le quatri\u00e8me pilier de l\u2019Islam durant lequel les musulmans restent \u00e0 jeun de l\u2019aube jusqu\u2019au coucher du soleil tous les jours pendant 29 ou 30 jours de m\u00eame qu\u2019ils s\u2019abstiennent d\u2019avoir des rapports sexuels avec leur \u00e9poux ou \u00e9pouse dans la journ\u00e9e.<\/p>\n<p>Ce mois \u00ab b\u00e9ni \u00bb de l\u2019Islam qui a vu la r\u00e9v\u00e9lation du Saint Coran au Proph\u00e8te Mohammed (Paix et salut d\u2019Allah sur Lui) et 9\u00e8me mois lunaire est \u00e9galement accueilli en tant que p\u00e9riode de grande g\u00e9n\u00e9rosit\u00e9, de solidarit\u00e9 et de partage.<\/p>\n<p>Il constitue aussi une p\u00e9riode de grande consommation o\u00f9 de nombreuses publicit\u00e9s de produits autour du Ramadan sont visibles \u00e0 travers le pays.<\/p>\n<\/div>\n<p>Auteur: APA News<br \/>\n<a href=\"https:\/\/www.journalducameroun.com\/le-jeune-du-mois-de-ramadan-demarre-en-cote-divoire-vendredi\/\">Cliquez ici pour lire l&rsquo;article depuis sa source.<\/a><\/p>\n","protected":false},"excerpt":{"rendered":"<p>Publi\u00e9 le 23.04.2020 \u00e0 21h18 par APA News Les musulmans de C\u00f4te d\u2019Ivoire commenceront le je\u00fbne du mois de Ramadan 2020 (1441 H\u00e9gire), vendredi, apr\u00e8s l\u2019observation du croissant lunaire \u00e0 Bondoukou, dans le Nord-Est du pays.L\u2019annonce a \u00e9t\u00e9 faite conjointement, jeudi soir, par le Conseil sup\u00e9rieur des imams, des mosqu\u00e9es et des affaires islamiques en [&hellip;]<\/p>\n","protected":false},"author":1965,"featured_media":0,"comment_status":"closed","ping_status":"closed","sticky":false,"template":"","format":"standard","meta":{"fifu_image_url":"","fifu_image_alt":"","footnotes":""},"categories":[73,82],"tags":[],"class_list":["post-83263","post","type-post","status-publish","format-standard","hentry","category-actualite","category-cameroun"],"_links":{"self":[{"href":"https:\/\/linitiative.ca\/International\/wp-json\/wp\/v2\/posts\/83263","targetHints":{"allow":["GET"]}}],"collection":[{"href":"https:\/\/linitiative.ca\/International\/wp-json\/wp\/v2\/posts"}],"about":[{"href":"https:\/\/linitiative.ca\/International\/wp-json\/wp\/v2\/types\/post"}],"author":[{"embeddable":true,"href":"https:\/\/linitiative.ca\/International\/wp-json\/wp\/v2\/users\/1965"}],"replies":[{"embeddable":true,"href":"https:\/\/linitiative.ca\/International\/wp-json\/wp\/v2\/comments?post=83263"}],"version-history":[{"count":0,"href":"https:\/\/linitiative.ca\/International\/wp-json\/wp\/v2\/posts\/83263\/revisions"}],"wp:attachment":[{"href":"https:\/\/linitiative.ca\/International\/wp-json\/wp\/v2\/media?parent=83263"}],"wp:term":[{"taxonomy":"category","embeddable":true,"href":"https:\/\/linitiative.ca\/International\/wp-json\/wp\/v2\/categories?post=83263"},{"taxonomy":"post_tag","embeddable":true,"href":"https:\/\/linitiative.ca\/International\/wp-json\/wp\/v2\/tags?post=83263"}],"curies":[{"name":"wp","href":"https:\/\/api.w.org\/{rel}","templated":true}]}}