{"id":83264,"date":"2020-04-23T16:18:12","date_gmt":"2020-04-23T20:18:12","guid":{"rendered":"https:\/\/linitiative.ca\/International\/covid-19-la-cote-divoire-franchit-le-cap-des-1-000-cas-confirmes\/"},"modified":"2020-04-23T16:18:12","modified_gmt":"2020-04-23T20:18:12","slug":"covid-19-la-cote-divoire-franchit-le-cap-des-1-000-cas-confirmes","status":"publish","type":"post","link":"https:\/\/linitiative.ca\/International\/covid-19-la-cote-divoire-franchit-le-cap-des-1-000-cas-confirmes\/","title":{"rendered":"Covid-19: la C\u00f4te d\u2019Ivoire franchit le cap des 1 000 cas confirm\u00e9s"},"content":{"rendered":"<div readability=\"32\">\n<p>Publi\u00e9 le 23.04.2020 \u00e0 21h18 par APA News<\/p>\n<\/div>\n<div readability=\"70\">\n<p>La C\u00f4te d\u2019Ivoire a enregistr\u00e9 jeudi 52 nouveaux cas d\u2019infection au Covid-19, franchissant le Cap des 1 000 cas confirm\u00e9s dont 359 gu\u00e9ris et 14 d\u00e9c\u00e8s depuis le 11 mars 2020, selon un bilan du minist\u00e8re ivoirien de la Sant\u00e9 et de l\u2019hygi\u00e8ne publique.Le minist\u00e8re de la Sant\u00e9 et de l\u2019hygi\u00e8ne publique a enregistr\u00e9 ce jeudi 23 avril 2020, 52 nouveaux cas d\u2019infection de Covid-19 sur 504 \u00e9chantillons pr\u00e9lev\u00e9s, portant \u00e0 1 004 le nombre total de cas confirm\u00e9s et 49 nouveaux gu\u00e9ris, renseigne un communiqu\u00e9 officiel. \u00a0\u00a0<\/p>\n<p>\u00ab A ce jour, la C\u00f4te d\u2019Ivoire compte 1004 cas confirm\u00e9s dont 359 personnes gu\u00e9ries et \u00a014 d\u00e9c\u00e8s \u00bb, pr\u00e9cise le communiqu\u00e9 du minist\u00e8re de la Sant\u00e9 et de l\u2019hygi\u00e8ne publique qui mentionne un nombre total d\u2019\u00e9chantillons pr\u00e9lev\u00e9s estim\u00e9 \u00e0 6 846.<\/p>\n<p>La ville d\u2019Abidjan est la plus touch\u00e9e par la pand\u00e9mie avec plus de 93% des cas confirm\u00e9s. De ce fait, le minist\u00e8re de la Sant\u00e9 et de l\u2019hygi\u00e8ne publique invite les populations \u00e0 r\u00e9duire les d\u00e9placements non essentiels et \u00e0 porter un masque, rendu obligatoire dans la capitale \u00e9conomique du pays. \u00a0 \u00a0\u00a0<\/p>\n<p>En raison de la progression de la pand\u00e9mie du Covid-19, le gouvernement ivoirien a reconduit la fermeture des \u00e9tablissements scolaires et universitaires dans le pays jusqu\u2019au 17 mai 2020, \u00e0 l\u2019issue d\u2019un Conseil des ministres.\u00a0<\/p>\n<p>Pour soulager les m\u00e9nages face \u00e0 l\u2019impact du Covid-19, le gouvernement a en outre d\u00e9cid\u00e9 de la suspension des proc\u00e9dures d\u2019expulsion des locataires et de l\u2019interdiction de toute augmentation des loyers du 1er avril 2020 au 30 juin 2020 afin que leurs portefeuilles ne soient pas tr\u00e8s affect\u00e9s.\u00a0<\/p>\n<p>La C\u00f4te d\u2019Ivoire a annonc\u00e9 le 11 mars 2020 son premier cas de Covid-19 \u00e0 la suite d\u2019une analyse av\u00e9r\u00e9e positive chez un sujet de nationalit\u00e9 ivoirienne qui a s\u00e9journ\u00e9 en Italie et qui a pr\u00e9sent\u00e9 une fi\u00e8vre, une toux et un rhume.\u00a0<\/p>\n<\/div>\n<p>Auteur: APA News<br \/>\n<a href=\"https:\/\/www.journalducameroun.com\/covid-19-la-cote-divoire-franchit-le-cap-des-1-000-cas-confirmes\/\">Cliquez ici pour lire l&rsquo;article depuis sa source.<\/a><\/p>\n","protected":false},"excerpt":{"rendered":"<p>Publi\u00e9 le 23.04.2020 \u00e0 21h18 par APA News La C\u00f4te d\u2019Ivoire a enregistr\u00e9 jeudi 52 nouveaux cas d\u2019infection au Covid-19, franchissant le Cap des 1 000 cas confirm\u00e9s dont 359 gu\u00e9ris et 14 d\u00e9c\u00e8s depuis le 11 mars 2020, selon un bilan du minist\u00e8re ivoirien de la Sant\u00e9 et de l\u2019hygi\u00e8ne publique.Le minist\u00e8re de la [&hellip;]<\/p>\n","protected":false},"author":1965,"featured_media":0,"comment_status":"closed","ping_status":"closed","sticky":false,"template":"","format":"standard","meta":{"fifu_image_url":"","fifu_image_alt":"","footnotes":""},"categories":[73,82],"tags":[],"class_list":["post-83264","post","type-post","status-publish","format-standard","hentry","category-actualite","category-cameroun"],"_links":{"self":[{"href":"https:\/\/linitiative.ca\/International\/wp-json\/wp\/v2\/posts\/83264","targetHints":{"allow":["GET"]}}],"collection":[{"href":"https:\/\/linitiative.ca\/International\/wp-json\/wp\/v2\/posts"}],"about":[{"href":"https:\/\/linitiative.ca\/International\/wp-json\/wp\/v2\/types\/post"}],"author":[{"embeddable":true,"href":"https:\/\/linitiative.ca\/International\/wp-json\/wp\/v2\/users\/1965"}],"replies":[{"embeddable":true,"href":"https:\/\/linitiative.ca\/International\/wp-json\/wp\/v2\/comments?post=83264"}],"version-history":[{"count":0,"href":"https:\/\/linitiative.ca\/International\/wp-json\/wp\/v2\/posts\/83264\/revisions"}],"wp:attachment":[{"href":"https:\/\/linitiative.ca\/International\/wp-json\/wp\/v2\/media?parent=83264"}],"wp:term":[{"taxonomy":"category","embeddable":true,"href":"https:\/\/linitiative.ca\/International\/wp-json\/wp\/v2\/categories?post=83264"},{"taxonomy":"post_tag","embeddable":true,"href":"https:\/\/linitiative.ca\/International\/wp-json\/wp\/v2\/tags?post=83264"}],"curies":[{"name":"wp","href":"https:\/\/api.w.org\/{rel}","templated":true}]}}