{"id":83267,"date":"2020-04-23T17:18:03","date_gmt":"2020-04-23T21:18:03","guid":{"rendered":"https:\/\/linitiative.ca\/International\/cedeao-buhari-designe-chef-de-file-de-la-lutte-contre-le-covid-19\/"},"modified":"2020-04-23T17:18:03","modified_gmt":"2020-04-23T21:18:03","slug":"cedeao-buhari-designe-chef-de-file-de-la-lutte-contre-le-covid-19","status":"publish","type":"post","link":"https:\/\/linitiative.ca\/International\/cedeao-buhari-designe-chef-de-file-de-la-lutte-contre-le-covid-19\/","title":{"rendered":"CEDEAO : Buhari d\u00e9sign\u00e9 chef de file de la lutte contre le Covid-19"},"content":{"rendered":"<div readability=\"32\">\n<p>Publi\u00e9 le 23.04.2020 \u00e0 22h18 par APA News<\/p>\n<\/div>\n<div readability=\"117\">\n<p>Le pr\u00e9sident nig\u00e9rian Muhammadu Buhari a \u00e9t\u00e9 d\u00e9sign\u00e9 chef de file de la CEDEAO dans la lutte contre la pand\u00e9mie du coronavirus par les chefs d\u2019Etats et de gouvernements de l\u2019organisation sous-regionale.La nomination du chef d\u2019Etat nig\u00e9rian est intervenue jeudi lors de la t\u00e9l\u00e9conf\u00e9rence extraordinaire du Sommet de la CEDEAO sur le Covid-19 sous la pr\u00e9sidence de M. Mahamadou Issoufou, Pr\u00e9sident de la R\u00e9publique du Niger.<\/p>\n<p>\u00a0Lors de cette visioconf\u00e9rence, le pr\u00e9sident\u00a0\u00a0nig\u00e9rian a appel\u00e9 ses homologues de la CEDEAO \u00e0 regarder au-del\u00e0 des d\u00e9fis pos\u00e9s par la pand\u00e9mie de Covid-19 et \u00e0 exploiter les diverses possibilit\u00e9s qu\u2019elle offre pour l\u2019am\u00e9lioration des conditions de vie dans les \u00c9tats membres, indique un communiqu\u00e9 de l\u2019assistant sp\u00e9cial du pr\u00e9sident Buhari, Femi Adesina.<\/p>\n<p>\u00a0\u00ab\u00a0Dans toute situation difficile comme celle que nous vivons actuellement, il y a aussi des opportunit\u00e9s. Notre r\u00e9gion doit donc s\u2019efforcer de tirer parti des possibilit\u00e9s offertes par cette sombre perspective mondiale en s\u2019engageant dans la mise en \u0153uvre de ces politiques essentielles, qui, jusqu\u2019\u00e0 pr\u00e9sent, seront difficiles \u00e0 accepter\u00a0\u00bb, a-t-il d\u00e9clar\u00e9.<\/p>\n<p>\u00a0Tout en appelant ses coll\u00e8gues \u00e0 intensifier leur collaboration afin de sauver la r\u00e9gion de \u00ab\u00a0cette pand\u00e9mie mortelle en partageant nos exp\u00e9riences et nos meilleures pratiques\u00a0\u00bb, le pr\u00e9sident Buhari a pr\u00e9sent\u00e9 certaines mesures prises par son gouvernement en r\u00e9ponse \u00e0 la pand\u00e9mie.<\/p>\n<p>\u00a0Ces mesures comprennent la r\u00e9duction des taux d\u2019int\u00e9r\u00eat sur toutes les interventions de la Banque centrale du Nigeria (CBN) de 9 \u00e0 5% et l\u2019introduction d\u2019un moratoire d\u2019un an sur les facilit\u00e9s d\u2019intervention de la CBN.<\/p>\n<p>\u00a0Il y a \u00e9galement la mise en place d\u2019un groupe de travail pr\u00e9sidentiel charg\u00e9 de coordonner les efforts nationaux de lutte contre la propagation du virus et assurer l\u2019efficacit\u00e9 et l\u2019efficience conform\u00e9ment au plan d\u2019action nig\u00e9rian sur la s\u00e9curit\u00e9 sanitaire.<\/p>\n<p>\u00a0D\u2019autres mesures sont la fourniture de mat\u00e9riel de secours, notamment des fournitures m\u00e9dicales et alimentaires ainsi que des transferts d\u2019argent liquide (sous conditions) de 20.000 nairas pour les m\u00e9nages pauvres et vuln\u00e9rables et la cr\u00e9ation de centres d\u2019isolement et d\u2019installations de test suppl\u00e9mentaires pour contenir la propagation du virus.<\/p>\n<p>\u00a0Le dirigeant nig\u00e9rian a \u00e9galement d\u00e9clar\u00e9 que les incertitudes \u00e9conomiques sans pr\u00e9c\u00e9dent, y compris les graves contraintes budg\u00e9taires et de change, dans un contexte de ralentissement de la croissance \u00e9conomique mondiale auquel la plupart des nations sont confront\u00e9es, ont rendu imp\u00e9ratif que \u00ab\u00a0notre sous-r\u00e9gion se recentre sur l\u2019acc\u00e9l\u00e9ration de la mise en \u0153uvre de notre vision populaire de la \u00ab\u00a0CEDEAO du peuple\u00a0\u00bb en adoptant des politiques r\u00e9gionales dynamiques visant \u00e0 apporter des secours \u00e0 nos citoyens\u00a0\u00bb.<\/p>\n<p>\u00a0\u00ab\u00a0Malgr\u00e9 la baisse des revenus, le gouvernement continue de d\u00e9penser massivement pour contenir le virus, soigner les personnes infect\u00e9es et minimiser l\u2019impact de la crise sur les populations pauvres et vuln\u00e9rables. Cette situation exerce une forte pression sur nos finances en augmentant nos d\u00e9penses alors que nos recettes diminuent. Cela a invariablement conduit \u00e0 une restructuration et \u00e0 une r\u00e9duction de notre budget\u00a0\u00bb, a-t-il ajout\u00e9.<\/p>\n<p>\u00a0Le pr\u00e9sident Buhari a profit\u00e9 de l\u2019occasion pour rallier d\u2019autres dirigeants \u00e0 l\u2019agriculture, \u00e0 la technologie et \u00e0 l\u2019innovation afin d\u2019en sortir plus fort.<\/p>\n<p>\u00a0\u00ab\u00a0Il est imp\u00e9ratif que tout en relevant les d\u00e9fis \u00e0 court terme, nous explorions \u00e9galement les possibilit\u00e9s de promouvoir des politiques agricoles fortes et dynamiques qui garantiront la s\u00e9curit\u00e9 alimentaire de nos populations, en cr\u00e9ant des emplois et en r\u00e9duisant la pauvret\u00e9 dans la r\u00e9gion. Nous devons innover et utiliser la technologie pour dynamiser l\u2019\u00e9conomie num\u00e9rique et faire les choses diff\u00e9remment, mais mieux\u00a0\u00bb, a-t-il d\u00e9clar\u00e9.<\/p>\n<p>\u00a0Le pr\u00e9sident nig\u00e9rian a affirm\u00e9 la solidarit\u00e9 du Nigeria avec les autres \u00c9tats membres dans leur lutte contre le virus :<\/p>\n<p>\u00a0\u00ab\u00a0En cette p\u00e9riode d\u2019incertitude mondiale comme celle-ci, caus\u00e9e par l\u2019impact d\u00e9vastateur du Covid-19, permettez-moi de transmettre la solidarit\u00e9 du Nigeria avec tous les \u00c9tats membres alors que nous luttons collectivement pour vaincre la pand\u00e9mie. Je suis tr\u00e8s attrist\u00e9 par la perte de nombreuses vies et j\u2019adresse mes sinc\u00e8res condol\u00e9ances aux familles de ceux qui ont perdu des proches dans toute la r\u00e9gion. Je souhaite \u00e9galement aux victimes infect\u00e9es un r\u00e9tablissement rapide et complet\u00a0\u00bb, a-t-il d\u00e9clar\u00e9.<\/p>\n<p>\u00a0Il a r\u00e9it\u00e9r\u00e9 l\u2019engagement du Nigeria en faveur du bien-\u00eatre et de la s\u00e9curit\u00e9 des populations de la sous-r\u00e9gion et a r\u00e9affirm\u00e9 son soutien \u00e0 toute initiative visant \u00e0 freiner la propagation de la pand\u00e9mie d\u00e9coulant du sommet.<\/p>\n<\/div>\n<p>Auteur: APA News<br \/>\n<a href=\"https:\/\/www.journalducameroun.com\/cedeao-buhari-designe-chef-de-file-de-la-lutte-contre-le-covid-19\/\">Cliquez ici pour lire l&rsquo;article depuis sa source.<\/a><\/p>\n","protected":false},"excerpt":{"rendered":"<p>Publi\u00e9 le 23.04.2020 \u00e0 22h18 par APA News Le pr\u00e9sident nig\u00e9rian Muhammadu Buhari a \u00e9t\u00e9 d\u00e9sign\u00e9 chef de file de la CEDEAO dans la lutte contre la pand\u00e9mie du coronavirus par les chefs d\u2019Etats et de gouvernements de l\u2019organisation sous-regionale.La nomination du chef d\u2019Etat nig\u00e9rian est intervenue jeudi lors de la t\u00e9l\u00e9conf\u00e9rence extraordinaire du Sommet [&hellip;]<\/p>\n","protected":false},"author":1965,"featured_media":0,"comment_status":"closed","ping_status":"closed","sticky":false,"template":"","format":"standard","meta":{"fifu_image_url":"","fifu_image_alt":"","footnotes":""},"categories":[73,82],"tags":[],"class_list":["post-83267","post","type-post","status-publish","format-standard","hentry","category-actualite","category-cameroun"],"_links":{"self":[{"href":"https:\/\/linitiative.ca\/International\/wp-json\/wp\/v2\/posts\/83267","targetHints":{"allow":["GET"]}}],"collection":[{"href":"https:\/\/linitiative.ca\/International\/wp-json\/wp\/v2\/posts"}],"about":[{"href":"https:\/\/linitiative.ca\/International\/wp-json\/wp\/v2\/types\/post"}],"author":[{"embeddable":true,"href":"https:\/\/linitiative.ca\/International\/wp-json\/wp\/v2\/users\/1965"}],"replies":[{"embeddable":true,"href":"https:\/\/linitiative.ca\/International\/wp-json\/wp\/v2\/comments?post=83267"}],"version-history":[{"count":0,"href":"https:\/\/linitiative.ca\/International\/wp-json\/wp\/v2\/posts\/83267\/revisions"}],"wp:attachment":[{"href":"https:\/\/linitiative.ca\/International\/wp-json\/wp\/v2\/media?parent=83267"}],"wp:term":[{"taxonomy":"category","embeddable":true,"href":"https:\/\/linitiative.ca\/International\/wp-json\/wp\/v2\/categories?post=83267"},{"taxonomy":"post_tag","embeddable":true,"href":"https:\/\/linitiative.ca\/International\/wp-json\/wp\/v2\/tags?post=83267"}],"curies":[{"name":"wp","href":"https:\/\/api.w.org\/{rel}","templated":true}]}}