{"id":83268,"date":"2020-04-23T07:47:58","date_gmt":"2020-04-23T11:47:58","guid":{"rendered":"https:\/\/linitiative.ca\/International\/nouvelle-hausse-du-prix-du-cacao-camerounais-a-1200-f-cfa-le-kg\/"},"modified":"2020-04-23T07:47:58","modified_gmt":"2020-04-23T11:47:58","slug":"nouvelle-hausse-du-prix-du-cacao-camerounais-a-1200-f-cfa-le-kg","status":"publish","type":"post","link":"https:\/\/linitiative.ca\/International\/nouvelle-hausse-du-prix-du-cacao-camerounais-a-1200-f-cfa-le-kg\/","title":{"rendered":"Nouvelle hausse du prix du cacao camerounais \u00e0 1200 F CFA le KG"},"content":{"rendered":"<div id=\"the-post\">\n<div class=\"featured-area featured-area-inner\"><img loading=\"lazy\" decoding=\"async\" width=\"740\" height=\"470\" src=\"https:\/\/ecomatin.net\/wp-content\/uploads\/2020\/04\/Cacao-740x470.jpg\" class=\"attachment-jannah-image-post size-jannah-image-post wp-post-image\" alt=\"F&#xE8;ves de cacao\" srcset=\"https:\/\/ecomatin.net\/wp-content\/uploads\/2020\/04\/Cacao-740x470.jpg 740w, https:\/\/ecomatin.net\/wp-content\/uploads\/2020\/04\/Cacao-300x191.jpg 300w\" sizes=\"auto, (max-width: 740px) 100vw, 740px\" data-attachment-id=\"15407\" data-permalink=\"https:\/\/ecomatin.net\/nouvelle-hausse-du-prix-du-cacao-camerounais-a-1200-f-cfa-le-kg\/cacao-4\/\" data-orig-file=\"https:\/\/ecomatin.net\/wp-content\/uploads\/2020\/04\/Cacao.jpg\" data-orig-size=\"740,472\" data-comments-opened=\"0\" data-image-meta=\"{&quot;aperture&quot;:&quot;0&quot;,&quot;credit&quot;:&quot;&quot;,&quot;camera&quot;:&quot;&quot;,&quot;caption&quot;:&quot;&quot;,&quot;created_timestamp&quot;:&quot;0&quot;,&quot;copyright&quot;:&quot;&quot;,&quot;focal_length&quot;:&quot;0&quot;,&quot;iso&quot;:&quot;0&quot;,&quot;shutter_speed&quot;:&quot;0&quot;,&quot;title&quot;:&quot;&quot;,&quot;orientation&quot;:&quot;0&quot;}\" data-image-title=\"Cacao\" data-image-description=\"\" data-medium-file=\"https:\/\/ecomatin.net\/wp-content\/uploads\/2020\/04\/Cacao-300x191.jpg\" data-large-file=\"https:\/\/ecomatin.net\/wp-content\/uploads\/2020\/04\/Cacao.jpg\"\/> F\u00e8ves de cacao<\/div>\n<div class=\"entry-content entry clearfix\" readability=\"43.0882808467\">\n<p>Depuis le 22 avril 2020,\u00a0le kilogramme de f\u00e8ves du cacao camerounais est c\u00e9d\u00e9 au port de Douala \u00e0 1200 FCFA, selon les pointages que vient de rendre publics le Syst\u00e8me d\u2019information des fili\u00e8res (SIF). Ces prix sont en hausse par rapport \u00e0 ceux appliqu\u00e9s au 1er avril, lesquels oscillaient entre 1050 et 1150 FCFA.\u00a0<\/p>\n<p>Cette augmentation, d\u00e9fie la logique habituelle qui veut que les prix baissent en saison des pluies (p\u00e9riode g\u00e9n\u00e9ralement marqu\u00e9e par un fl\u00e9chissement des prix, \u00e0 cause des difficult\u00e9s d\u2019acc\u00e8s aux bassins de production)\u00a0peut s\u2019expliquer par une demande importante. En effet, en plus de la r\u00e9duction des quantit\u00e9s de f\u00e8ves cons\u00e9cutive \u00e0 la crise anglophone qui secoue les r\u00e9gions anglophones, notamment celle du Sud-Ouest qui \u00e9tait jusqu\u2019\u00e0 une \u00e9poque le premier bassin de production du Cameroun, de nouveaux transformateurs ont fait leur entr\u00e9e sur le march\u00e9.\u00a0D\u2019autres op\u00e9rateurs du secteur de la transformation, \u00e0 l\u2019instar de Sic Cacaos, filiale locale du Suisse Barry Callebault, ont augment\u00e9 leurs capacit\u00e9s de broyage des f\u00e8ves, ce qui n\u00e9cessite davantage de mati\u00e8res premi\u00e8res.<\/p>\n<p>\u00a0En plus,\u00a0\u00a0le Cameroun b\u00e9n\u00e9ficie d\u2019une unit\u00e9 de transformation industrielle qui permet aux producteurs de se lancer dans la transformation \u00e0 petite \u00e9chelle.<\/p>\n<p class=\"c2\"><code><strong>&gt;&gt;Lire aussi:<\/strong><\/code><strong><a href=\"https:\/\/ecomatin.net\/alliance-nigeria-cameroun-en-pour-booster-les-prix-du-cacao\/\">Alliance Nigeria-Cameroun pour booster les prix du cacao<\/a><\/strong><\/p>\n<div class=\"awac-wrapper awac widget posts-list-widget-13\">\n<h4 class=\"widget-title\">Recent Posts<\/h4>\n<\/div>\n<\/div>\n<\/div>\n<div readability=\"31.5\">\n<div class=\"container-wrapper subscribe-widget widget-inner-wrap subscribe-widget-content\" id=\"post-newsletter\" readability=\"33\">\n<h4>With Product You Purchase<\/h4>\n<h3>Subscribe to our mailing list to get the new updates!<\/h3>\n<p>Lorem ipsum dolor sit amet, consectetur.<\/p>\n<\/div>\n<\/div>\n<p>Auteur: EcoMatin<br \/>\n<a href=\"https:\/\/ecomatin.net\/nouvelle-hausse-du-prix-du-cacao-camerounais-a-1200-f-cfa-le-kg\/\">Cliquez ici pour lire l&rsquo;article depuis sa source.<\/a><\/p>\n","protected":false},"excerpt":{"rendered":"<p>F\u00e8ves de cacao Depuis le 22 avril 2020,\u00a0le kilogramme de f\u00e8ves du cacao camerounais est c\u00e9d\u00e9 au port de Douala \u00e0 1200 FCFA, selon les pointages que vient de rendre publics le Syst\u00e8me d\u2019information des fili\u00e8res (SIF). Ces prix sont en hausse par rapport \u00e0 ceux appliqu\u00e9s au 1er avril, lesquels oscillaient entre 1050 et [&hellip;]<\/p>\n","protected":false},"author":1969,"featured_media":0,"comment_status":"closed","ping_status":"closed","sticky":false,"template":"","format":"standard","meta":{"fifu_image_url":"","fifu_image_alt":"","footnotes":""},"categories":[82,78],"tags":[],"class_list":["post-83268","post","type-post","status-publish","format-standard","hentry","category-cameroun","category-economie"],"_links":{"self":[{"href":"https:\/\/linitiative.ca\/International\/wp-json\/wp\/v2\/posts\/83268","targetHints":{"allow":["GET"]}}],"collection":[{"href":"https:\/\/linitiative.ca\/International\/wp-json\/wp\/v2\/posts"}],"about":[{"href":"https:\/\/linitiative.ca\/International\/wp-json\/wp\/v2\/types\/post"}],"author":[{"embeddable":true,"href":"https:\/\/linitiative.ca\/International\/wp-json\/wp\/v2\/users\/1969"}],"replies":[{"embeddable":true,"href":"https:\/\/linitiative.ca\/International\/wp-json\/wp\/v2\/comments?post=83268"}],"version-history":[{"count":0,"href":"https:\/\/linitiative.ca\/International\/wp-json\/wp\/v2\/posts\/83268\/revisions"}],"wp:attachment":[{"href":"https:\/\/linitiative.ca\/International\/wp-json\/wp\/v2\/media?parent=83268"}],"wp:term":[{"taxonomy":"category","embeddable":true,"href":"https:\/\/linitiative.ca\/International\/wp-json\/wp\/v2\/categories?post=83268"},{"taxonomy":"post_tag","embeddable":true,"href":"https:\/\/linitiative.ca\/International\/wp-json\/wp\/v2\/tags?post=83268"}],"curies":[{"name":"wp","href":"https:\/\/api.w.org\/{rel}","templated":true}]}}