{"id":83269,"date":"2020-04-23T10:02:29","date_gmt":"2020-04-23T14:02:29","guid":{"rendered":"https:\/\/linitiative.ca\/International\/apres-lannulation-des-festivites-du-1ermai-les-serigraphes-sont-dans-le-desarroi\/"},"modified":"2020-04-23T10:02:29","modified_gmt":"2020-04-23T14:02:29","slug":"apres-lannulation-des-festivites-du-1ermai-les-serigraphes-sont-dans-le-desarroi","status":"publish","type":"post","link":"https:\/\/linitiative.ca\/International\/apres-lannulation-des-festivites-du-1ermai-les-serigraphes-sont-dans-le-desarroi\/","title":{"rendered":"Apr\u00e8s l\u2019annulation des festivit\u00e9s du 1erMai, les s\u00e9rigraphes sont dans le d\u00e9sarroi"},"content":{"rendered":"<div id=\"the-post\">\n<div class=\"featured-area featured-area-inner\"><img loading=\"lazy\" decoding=\"async\" width=\"749\" height=\"470\" src=\"https:\/\/ecomatin.net\/wp-content\/uploads\/2020\/04\/serigraphie-femme-cameroun-1-749x470.jpg\" class=\"attachment-jannah-image-post size-jannah-image-post wp-post-image\" alt=\"S&#xE9;rigraphe en activit&#xE9;\" data-attachment-id=\"15418\" data-permalink=\"https:\/\/ecomatin.net\/apres-lannulation-des-festivites-du-1ermai-les-serigraphes-sont-dans-le-desarroi\/serigraphie-femme-cameroun-2\/\" data-orig-file=\"https:\/\/ecomatin.net\/wp-content\/uploads\/2020\/04\/serigraphie-femme-cameroun-1.jpg\" data-orig-size=\"749,512\" data-comments-opened=\"0\" data-image-meta=\"{&quot;aperture&quot;:&quot;0&quot;,&quot;credit&quot;:&quot;&quot;,&quot;camera&quot;:&quot;&quot;,&quot;caption&quot;:&quot;&quot;,&quot;created_timestamp&quot;:&quot;0&quot;,&quot;copyright&quot;:&quot;&quot;,&quot;focal_length&quot;:&quot;0&quot;,&quot;iso&quot;:&quot;0&quot;,&quot;shutter_speed&quot;:&quot;0&quot;,&quot;title&quot;:&quot;&quot;,&quot;orientation&quot;:&quot;0&quot;}\" data-image-title=\"serigraphie-femme-cameroun\" data-image-description=\"\" data-medium-file=\"https:\/\/ecomatin.net\/wp-content\/uploads\/2020\/04\/serigraphie-femme-cameroun-1-300x205.jpg\" data-large-file=\"https:\/\/ecomatin.net\/wp-content\/uploads\/2020\/04\/serigraphie-femme-cameroun-1.jpg\"\/> S\u00e9rigraphe en activit\u00e9<\/div>\n<div class=\"entry-content entry clearfix\" readability=\"56.8464531577\">\n<p>\u00a0Il n\u2019y aura pas de c\u00e9l\u00e9bration pour la F\u00eate du Travail et la f\u00eate de l\u2019Unit\u00e9. Le pr\u00e9sident Paul Biya en a d\u00e9cid\u00e9 ainsi en raison de la pand\u00e9mie du Coronavirus qui frappe le pays. \u00a0Cette d\u00e9cision qui a \u00e9t\u00e9 rendue publique ce 22 avril par le ministre d\u2019Etat, Secr\u00e9taire g\u00e9n\u00e9ral \u00e0 la pr\u00e9sidence de la R\u00e9publique Ferdinand Ngoh Ngoh sonne pour bon nombre de s\u00e9rigraphes comme \u00ab Une saison blanche et s\u00e8che\u00a0\u00bb. \u00ab\u00a0<em>La grande parade au Boulevard du 20-Mai est l\u2019\u00e9l\u00e9ment qui motive plusieurs soci\u00e9t\u00e9s \u00e0 investir dans les pagnes, polos et bien d\u2019autres. D\u00e9j\u00e0 qu\u2019il n y\u2019 a pas \u00e7a, coupl\u00e9 au Covid-19 qui emp\u00each\u00e9 les regroupements nous sommes vraiment foutus.<\/em>\u00bb s\u2019indigne Arnaud Olama, responsable d\u2019un atelier\u00a0 de s\u00e9rigraphie dans la ville de Yaound\u00e9.<\/p>\n<p>Ce dernier reconnait que les activit\u00e9s \u00e9taient d\u00e9j\u00e0 fortement menac\u00e9es depuis quelques mois mais l\u2019annulation des festivit\u00e9s acc\u00e9l\u00e8re la d\u00e9cadence \u00ab\u00a0<em>Quand il n y a pas d\u2019\u00e9v\u00e9nement, on est au point mort.\u00a0 Si la f\u00eate du travail passe sans gagner les march\u00e9s il faudra attendre soit des fun\u00e9railles, soit des deuils ou encore des sorties d\u2019association. Ordinairement on se contente de quelques T-shirts, plaques des particuliers ou quelques soci\u00e9t\u00e9s. Mais sur toute l\u2019ann\u00e9e, la p\u00e9riode o\u00f9 nous produisons le plus, c\u2019est la veille de la f\u00eate du travail. Presque toutes les entreprises veulent se faire connaitre. L\u00e0 on n\u2019esp\u00e8re pas, tout est bloqu\u00e9. Les entreprises prendront les ressources o\u00f9 pour festoyer \u00e9tant donn\u00e9 que c\u2019est toute l\u2019\u00e9conomie qui est affaiblie<\/em>\u00a0\u00bb ajoute Arnaud Olama. \u00a0<\/p>\n<p class=\"c2\"><strong><code>&gt;&gt;Lire aussi-<\/code><\/strong> <a href=\"https:\/\/ecomatin.net\/covid-19-les-celebrations-de-la-fete-du-travail-et-20-mai-2020-sont-annulees\/\"><strong>Covid 19: les c\u00e9l\u00e9brations de la f\u00eate du travail et du 20 mai 2020 annul\u00e9es<\/strong><\/a><\/p>\n<p>Les s\u00e9rigraphes sont unanimes les imp\u00f4ts et autres taxes ne sont pas l\u00e0 pour faciliter ce secteur en friche \u00ab\u00a0<em>La s\u00e9rigraphie n\u2019est pas encore consid\u00e9r\u00e9e dans notre pays. Chacun ouvre sa case et se fait appeler s\u00e9rigraphe<\/em>\u00a0\u00bb affirme Mathurin jeune homme de 28 ans qui exerce dans ce secteur depuis 10 ans.<\/p>\n<p>Au lendemain de la d\u00e9cision du pr\u00e9sident de la R\u00e9publique (22 avril 2020) l\u2019ambiance dans les ateliers de s\u00e9rigraphie o\u00f9 on floque les tee-shirts, banderoles et casquettes est morose. Val\u00e9rie, tient un atelier de s\u00e9rigraphie au lieu-dit Coron \u00e0 Yaound\u00e9. Elle n\u2019est point surcharg\u00e9e par des commandes. Assist\u00e9e par ses quatre employ\u00e9s, ils s\u2019inqui\u00e8tent de cette annulation. Or reconnait-elle avec nostalgie \u00ab\u00a0<em>l\u2019an dernier nous produisions environ 150 Tee-shirts par jour<\/em>\u00a0\u00bb. Ici, c\u2019est un travail \u00e0 la cha\u00eene. Entre la conception du logo (pour les entreprises qui n\u2019en poss\u00e8dent pas), le flocage jusqu\u2019\u00e0 l\u2019empaquetage et la livraison, chaque employ\u00e9 jouait un r\u00f4le d\u00e9terminant.<\/p>\n<div class=\"awac-wrapper awac widget posts-list-widget-13\">\n<h4 class=\"widget-title\">Recent Posts<\/h4>\n<\/div>\n<\/div>\n<\/div>\n<div readability=\"31.5\">\n<div class=\"container-wrapper subscribe-widget widget-inner-wrap subscribe-widget-content\" id=\"post-newsletter\" readability=\"33\">\n<h4>With Product You Purchase<\/h4>\n<h3>Subscribe to our mailing list to get the new updates!<\/h3>\n<p>Lorem ipsum dolor sit amet, consectetur.<\/p>\n<\/div>\n<\/div>\n<p>Auteur: EcoMatin<br \/>\n<a href=\"https:\/\/ecomatin.net\/apres-lannulation-des-festivites-du-1ermai-les-serigraphes-sont-dans-le-desarroi\/\">Cliquez ici pour lire l&rsquo;article depuis sa source.<\/a><\/p>\n","protected":false},"excerpt":{"rendered":"<p>S\u00e9rigraphe en activit\u00e9 \u00a0Il n\u2019y aura pas de c\u00e9l\u00e9bration pour la F\u00eate du Travail et la f\u00eate de l\u2019Unit\u00e9. Le pr\u00e9sident Paul Biya en a d\u00e9cid\u00e9 ainsi en raison de la pand\u00e9mie du Coronavirus qui frappe le pays. \u00a0Cette d\u00e9cision qui a \u00e9t\u00e9 rendue publique ce 22 avril par le ministre d\u2019Etat, Secr\u00e9taire g\u00e9n\u00e9ral \u00e0 [&hellip;]<\/p>\n","protected":false},"author":1969,"featured_media":0,"comment_status":"closed","ping_status":"closed","sticky":false,"template":"","format":"standard","meta":{"fifu_image_url":"","fifu_image_alt":"","footnotes":""},"categories":[82,78],"tags":[],"class_list":["post-83269","post","type-post","status-publish","format-standard","hentry","category-cameroun","category-economie"],"_links":{"self":[{"href":"https:\/\/linitiative.ca\/International\/wp-json\/wp\/v2\/posts\/83269","targetHints":{"allow":["GET"]}}],"collection":[{"href":"https:\/\/linitiative.ca\/International\/wp-json\/wp\/v2\/posts"}],"about":[{"href":"https:\/\/linitiative.ca\/International\/wp-json\/wp\/v2\/types\/post"}],"author":[{"embeddable":true,"href":"https:\/\/linitiative.ca\/International\/wp-json\/wp\/v2\/users\/1969"}],"replies":[{"embeddable":true,"href":"https:\/\/linitiative.ca\/International\/wp-json\/wp\/v2\/comments?post=83269"}],"version-history":[{"count":0,"href":"https:\/\/linitiative.ca\/International\/wp-json\/wp\/v2\/posts\/83269\/revisions"}],"wp:attachment":[{"href":"https:\/\/linitiative.ca\/International\/wp-json\/wp\/v2\/media?parent=83269"}],"wp:term":[{"taxonomy":"category","embeddable":true,"href":"https:\/\/linitiative.ca\/International\/wp-json\/wp\/v2\/categories?post=83269"},{"taxonomy":"post_tag","embeddable":true,"href":"https:\/\/linitiative.ca\/International\/wp-json\/wp\/v2\/tags?post=83269"}],"curies":[{"name":"wp","href":"https:\/\/api.w.org\/{rel}","templated":true}]}}