{"id":83272,"date":"2020-04-23T11:02:00","date_gmt":"2020-04-23T15:02:00","guid":{"rendered":"https:\/\/linitiative.ca\/International\/les-artisans-camerounais-vont-produire-15-millions-de-masques-pour-les-360-communes\/"},"modified":"2020-04-23T11:02:00","modified_gmt":"2020-04-23T15:02:00","slug":"les-artisans-camerounais-vont-produire-15-millions-de-masques-pour-les-360-communes","status":"publish","type":"post","link":"https:\/\/linitiative.ca\/International\/les-artisans-camerounais-vont-produire-15-millions-de-masques-pour-les-360-communes\/","title":{"rendered":"Les artisans camerounais vont produire 1,5 millions de masques pour les 360 communes"},"content":{"rendered":"<p>\u00a0\u00ab\u00a0<em>Nous avons recens\u00e9 ici les artisans qi vont rencontrer le ministre de l\u2019Administration territoriale cet apr\u00e8s-midi (mardi soir ndlr), afin de finaliser le projet, parce qu\u2019\u00e0 partir de la semaine prochaine, les \u00e9quipes de la protection civile vont \u00eatre sur le terrain, sur l\u2019ensemble du territoire national afin de proc\u00e9der \u00e0 la distribution de tout ce mat\u00e9riel\u00a0<\/em>\u00bb. Ainsi parlait Mariatou Yap, le directeur de la protection civile du minist\u00e8re de l\u2019Administration territoriale(Minat), au sortir d\u2019une r\u00e9union de concertation avec les meilleurs artisans r\u00e9pertori\u00e9s dans le domaine du textile au Cameroun. Tenue ce 21 avril cette concertation \u00e9tait organis\u00e9e par le ministre des Petites et Moyennes entreprises de l\u2019\u00e9conomie sociale et de l\u2019artisanat(Minpmeesa) Achille Bassilekin III. Y prenait \u00e9galement part le directeur des normes de l\u2019Agence des normes et de la qualit\u00e9(Anor).<\/p>\n<p>Outre la pr\u00e9sentation des normes en mati\u00e8re de fabrication de masques m\u00e9dicaux et l\u2019appel \u00e0 leur respect par les artisans, cette r\u00e9union avait \u00e9galement pour but de sensibiliser ces derniers sur les opportunit\u00e9s qui s\u2019offrent \u00e0 eux durant cette p\u00e9riode de crise sanitaire.\u00a0 Le masque m\u00e9dical \u00e9tant devenu une exigence, ces artisans ont \u00e9t\u00e9 appel\u00e9s \u00e0 en accro\u00eetre la production. Et c\u2019est convaincu de leur comp\u00e9tence que la repr\u00e9sentante du Minat les a convi\u00e9s \u00e0 une r\u00e9union avec le Ministre lui-m\u00eame pour s\u2019accorder sur la production des 1,5 millions de masques qui rentrent dans le cadre du don du chef de l\u2019Etat pour lutter contre le Covid 19.<\/p>\n<p>Un v\u00e9ritable challenge pour les artisans camerounais car les masques en question devront \u00eatre produits en moins d\u2019une semaine. En attendant une annonce officielle, Mariatou Yap a annonc\u00e9 que plusieurs autres produits de cette donation seront produits localement. \u00ab\u00a0<em>Il ne s\u2019agit pas que des masques qui vont \u00eatre produits par les artisans. Il y\u2019a d\u2019autres produits tels que les seaux \u00e0 robinet lave-main, des gels, des tests, des appareils respiratoires du savon et bien d\u2019autres chose que nous allons apporter sur le terrain<\/em>\u00a0\u00bb a-t-elle d\u00e9clar\u00e9.<\/p>\n<p>Rappelons que le 20 avril dernier, le Minat annon\u00e7ait un don, en produits et mat\u00e9riels, du Chef de l\u2019Etat d\u2019une valeur de 02 milliards de FCFA. Il est compos\u00e9 50\u00a0000 cartons de savon de lessive, 1\u00a0500\u00a0000(un million cinq cent mille) masques de protections, 75\u00a0000(soixante-quinze mille) seaux de m\u00e9nage, 40\u00a0000(quarante mille) bidons lave-main, d\u2019une capacit\u00e9 de 30 litres chacun, des kits de test de d\u00e9pistage rapide et des appareils d\u2019assistance respiratoire pour les h\u00f4pitaux. Il sera distribu\u00e9 aux populations des 360 arrondissements du pays.<\/p>\n<p class=\"c2\"><strong><code>&gt;&gt;Lire aussi<\/code><a href=\"https:\/\/ecomatin.net\/coronavirus-paul-biya-fait-un-don-de-materiels-dune-valeur-de-2-milliards-de-f-cfa-aux-360-arrondissements-du-cameroun\/\">Coronavirus : Paul Biya fait un don de mat\u00e9riels d\u2019une valeur de 2 milliards de F CFA aux 360 arrondissements du Cameroun<\/a><\/strong><\/p>\n<div class=\"awac-wrapper awac widget posts-list-widget-13\">\n<h4 class=\"widget-title\">Recent Posts<\/h4>\n<\/div>\n<p>Auteur: EcoMatin<br \/>\n<a href=\"https:\/\/ecomatin.net\/les-artisans-camerounais-vont-produire-15-millions-de-masques-pour-les-360-communes\/\">Cliquez ici pour lire l&rsquo;article depuis sa source.<\/a><\/p>\n","protected":false},"excerpt":{"rendered":"<p>\u00a0\u00ab\u00a0Nous avons recens\u00e9 ici les artisans qi vont rencontrer le ministre de l\u2019Administration territoriale cet apr\u00e8s-midi (mardi soir ndlr), afin de finaliser le projet, parce qu\u2019\u00e0 partir de la semaine prochaine, les \u00e9quipes de la protection civile vont \u00eatre sur le terrain, sur l\u2019ensemble du territoire national afin de proc\u00e9der \u00e0 la distribution de tout [&hellip;]<\/p>\n","protected":false},"author":1969,"featured_media":0,"comment_status":"closed","ping_status":"closed","sticky":false,"template":"","format":"standard","meta":{"fifu_image_url":"","fifu_image_alt":"","footnotes":""},"categories":[82,78],"tags":[],"class_list":["post-83272","post","type-post","status-publish","format-standard","hentry","category-cameroun","category-economie"],"_links":{"self":[{"href":"https:\/\/linitiative.ca\/International\/wp-json\/wp\/v2\/posts\/83272","targetHints":{"allow":["GET"]}}],"collection":[{"href":"https:\/\/linitiative.ca\/International\/wp-json\/wp\/v2\/posts"}],"about":[{"href":"https:\/\/linitiative.ca\/International\/wp-json\/wp\/v2\/types\/post"}],"author":[{"embeddable":true,"href":"https:\/\/linitiative.ca\/International\/wp-json\/wp\/v2\/users\/1969"}],"replies":[{"embeddable":true,"href":"https:\/\/linitiative.ca\/International\/wp-json\/wp\/v2\/comments?post=83272"}],"version-history":[{"count":0,"href":"https:\/\/linitiative.ca\/International\/wp-json\/wp\/v2\/posts\/83272\/revisions"}],"wp:attachment":[{"href":"https:\/\/linitiative.ca\/International\/wp-json\/wp\/v2\/media?parent=83272"}],"wp:term":[{"taxonomy":"category","embeddable":true,"href":"https:\/\/linitiative.ca\/International\/wp-json\/wp\/v2\/categories?post=83272"},{"taxonomy":"post_tag","embeddable":true,"href":"https:\/\/linitiative.ca\/International\/wp-json\/wp\/v2\/tags?post=83272"}],"curies":[{"name":"wp","href":"https:\/\/api.w.org\/{rel}","templated":true}]}}