{"id":83273,"date":"2020-04-24T08:23:44","date_gmt":"2020-04-24T12:23:44","guid":{"rendered":"https:\/\/linitiative.ca\/International\/echanges-commerciaux-par-les-ports-28-millions-de-tonnes-enregistrees-au-21-avril-2020\/"},"modified":"2020-04-24T08:23:44","modified_gmt":"2020-04-24T12:23:44","slug":"echanges-commerciaux-par-les-ports-28-millions-de-tonnes-enregistrees-au-21-avril-2020","status":"publish","type":"post","link":"https:\/\/linitiative.ca\/International\/echanges-commerciaux-par-les-ports-28-millions-de-tonnes-enregistrees-au-21-avril-2020\/","title":{"rendered":"Echanges commerciaux par les ports : 28 millions de tonnes enregistr\u00e9es au 21 avril 2020"},"content":{"rendered":"<header>\n<\/header>\n<div class=\"entry-content clearfix\" readability=\"64\"><img decoding=\"async\" class=\"post_layout_5_img\" src=\"http:\/\/aujourdhui.ma\/wp-content\/uploads\/2019\/03\/Conteneurs-Port-Import-Export-Maroc.jpg?x29840\" alt=\"Echanges commerciaux par les ports : 28 millions de tonnes enregistr&#xE9;es au 21 avril 2020\"\/><\/p>\n<p><span class=\"c4\"><strong>Les \u00e9changes commerciaux par les ports ont enregistr\u00e9 une hausse de 5,5% au 21 avril 2020 compar\u00e9 \u00e0 la m\u00eame p\u00e9riode de l\u2019ann\u00e9e derni\u00e8re.<\/strong><\/span><span id=\"more-342711\"\/><\/p>\n<p>Selon les derni\u00e8res statistiques de l\u2019Agence Nationale des Ports, le volume des \u00e9changes par les ports est de 28,7 millions de tonnes et ce malgr\u00e9 la d\u00e9c\u00e9l\u00e9ration constat\u00e9e pour les trois premi\u00e8res semaines du mois d\u2019Avril 2020, avec une baisse de 1,6 % comparativement au mois d\u2019Avril de l\u2019ann\u00e9e derni\u00e8re. De son c\u00f4t\u00e9, le commerce ext\u00e9rieur transitant par les ports g\u00e9r\u00e9s par l\u2019ANP depuis le d\u00e9but de l\u2019ann\u00e9e au 21 Avril 2020, a \u00e9t\u00e9 fondamentalement marqu\u00e9 par des arriv\u00e9es massives du trafic des c\u00e9r\u00e9ales qui ont atteint 3,1 millions de tonnes, en hausse de 34%, une grande performance des engrais et du phosphate brut avec des taux d\u2019\u00e9volution respectifs de 64,8% et 6,4% et un maintien du trafic des conteneurs en EVP avec une l\u00e9g\u00e8re hausse de 1,3%.<\/p>\n<p>Par ailleurs, l\u2019ANP note un recul du trafic global des hydrocarbures. Pour ce qui est de la r\u00e9partition des \u00e9changes par port, les principaux ports de commerce ont connu une \u00e9volution positive de leur activit\u00e9 notamment le port de Casablanca (+5,7%), celui de Jorf Lasfar (+12,4%) et Agadir (+5,8%). Notons que dans ce contexte de crise de coronavirus, une s\u00e9rie de mesures ont \u00e9t\u00e9 mises en place par l\u2019ANP en concertation avec ses diff\u00e9rents partenaires de l\u2019\u00e9cosyst\u00e8me portuaire pour garantir la continuit\u00e9 des services portuaires, d\u2019exploitation et de manutention en vue de garantir l\u2019approvisionnement du pays en produits empruntant la voie maritime dans les meilleures conditions sanitaires.<\/p>\n<\/div>\n<p>Auteur: ALM<br \/>\n<a href=\"http:\/\/aujourdhui.ma\/economie\/echanges-commerciaux-par-les-ports-28-millions-de-tonnes-enregistrees-au-21-avril-2020\">Cliquez ici pour lire l&rsquo;article depuis sa source.<\/a><\/p>\n","protected":false},"excerpt":{"rendered":"<p>Les \u00e9changes commerciaux par les ports ont enregistr\u00e9 une hausse de 5,5% au 21 avril 2020 compar\u00e9 \u00e0 la m\u00eame p\u00e9riode de l\u2019ann\u00e9e derni\u00e8re. Selon les derni\u00e8res statistiques de l\u2019Agence Nationale des Ports, le volume des \u00e9changes par les ports est de 28,7 millions de tonnes et ce malgr\u00e9 la d\u00e9c\u00e9l\u00e9ration constat\u00e9e pour les trois [&hellip;]<\/p>\n","protected":false},"author":1759,"featured_media":0,"comment_status":"closed","ping_status":"closed","sticky":false,"template":"","format":"standard","meta":{"fifu_image_url":"","fifu_image_alt":"","footnotes":""},"categories":[73,54],"tags":[],"class_list":["post-83273","post","type-post","status-publish","format-standard","hentry","category-actualite","category-maroc"],"_links":{"self":[{"href":"https:\/\/linitiative.ca\/International\/wp-json\/wp\/v2\/posts\/83273","targetHints":{"allow":["GET"]}}],"collection":[{"href":"https:\/\/linitiative.ca\/International\/wp-json\/wp\/v2\/posts"}],"about":[{"href":"https:\/\/linitiative.ca\/International\/wp-json\/wp\/v2\/types\/post"}],"author":[{"embeddable":true,"href":"https:\/\/linitiative.ca\/International\/wp-json\/wp\/v2\/users\/1759"}],"replies":[{"embeddable":true,"href":"https:\/\/linitiative.ca\/International\/wp-json\/wp\/v2\/comments?post=83273"}],"version-history":[{"count":0,"href":"https:\/\/linitiative.ca\/International\/wp-json\/wp\/v2\/posts\/83273\/revisions"}],"wp:attachment":[{"href":"https:\/\/linitiative.ca\/International\/wp-json\/wp\/v2\/media?parent=83273"}],"wp:term":[{"taxonomy":"category","embeddable":true,"href":"https:\/\/linitiative.ca\/International\/wp-json\/wp\/v2\/categories?post=83273"},{"taxonomy":"post_tag","embeddable":true,"href":"https:\/\/linitiative.ca\/International\/wp-json\/wp\/v2\/tags?post=83273"}],"curies":[{"name":"wp","href":"https:\/\/api.w.org\/{rel}","templated":true}]}}