{"id":83274,"date":"2020-04-24T08:41:54","date_gmt":"2020-04-24T12:41:54","guid":{"rendered":"https:\/\/linitiative.ca\/International\/a-sa-3eme-phase-loperation-salama-protege-les-detenus-contre-le-covid-19\/"},"modified":"2020-04-24T08:41:54","modified_gmt":"2020-04-24T12:41:54","slug":"a-sa-3eme-phase-loperation-salama-protege-les-detenus-contre-le-covid-19","status":"publish","type":"post","link":"https:\/\/linitiative.ca\/International\/a-sa-3eme-phase-loperation-salama-protege-les-detenus-contre-le-covid-19\/","title":{"rendered":"A sa 3\u00e8me phase : L\u2019op\u00e9ration Salama prot\u00e8ge les d\u00e9tenus contre le Covid-19"},"content":{"rendered":"<header>\n<\/header>\n<div class=\"entry-content clearfix\" readability=\"64\"><img decoding=\"async\" class=\"post_layout_5_img\" src=\"http:\/\/aujourdhui.ma\/wp-content\/uploads\/2020\/04\/kit-op%C3%A9ration-Salama.jpg?x29840\" alt=\"A sa 3&#xE8;me phase : L&#x2019;op&#xE9;ration Salama prot&#xE8;ge les d&#xE9;tenus contre le Covid-19\"\/><\/p>\n<p><span class=\"c4\"><strong>L\u2019op\u00e9ration Salama est \u00e0 sa 3\u00e8me phase. Initi\u00e9e conjointement par la D\u00e9l\u00e9gation G\u00e9n\u00e9rale \u00e0 l\u2019Administration P\u00e9nitentiaire et \u00e0 la R\u00e9insertion (DGAPR) et l\u2019Unfpa (Fonds des Nations Unies pour la Population), cette phase est destin\u00e9e \u00e0 \u00ab agir aupr\u00e8s des d\u00e9tenus les plus \u00e0 risque, face \u00e0 la pand\u00e9mie du Covid-19 \u00bb.<\/strong><\/span><span id=\"more-342717\"\/><\/p>\n<p>En d\u00e9tail, l\u2019Unfpa a mis \u00e0 disposition de la DGAPR des \u201cSalama Kits\u201d pour l\u2019hygi\u00e8ne et la pr\u00e9vention du Covid-19. Ceux-ci seront distribu\u00e9s aux d\u00e9tenus \u00ab en situation de vuln\u00e9rabilit\u00e9, en particulier les femmes enceintes et allaitantes et les femmes souffrantes de maladies chroniques \u00bb. Ces kits seront notamment distribu\u00e9s dans onze \u00e9tablissements p\u00e9nitentiaires de Tanger, T\u00e9touan, Ouazzane, Arjat, Tiflet, Bourkaiz, Toulal, Ain Sbaa, Sefrou, Berkane et Ben Slimane. Chaque kit est, selon les initiateurs, compos\u00e9 de produits d\u2019hygi\u00e8ne qui aideront \u00e0 r\u00e9pondre aux besoins sp\u00e9cifiques des personnes les plus vuln\u00e9rables dans ce contexte de crise.<\/p>\n<p>Dans le m\u00eame cadre des \u00ab kits institutionnels \u00bb compos\u00e9s de mat\u00e9riel de pr\u00e9vention seront \u00e9galement distribu\u00e9s dans 62 \u00e9tablissements, dont les prisons locales de Ksar El Kebir et de Ouarzazate touch\u00e9es par le Covid-19 et ceux accueillant les mineurs. L\u2019objectif \u00e9tant, selon la m\u00eame source, de \u00ab faciliter la mission des fonctionnaires des \u00e9tablissements p\u00e9nitentiaires en particulier ceux de l\u2019administration, du d\u00e9partement social et sanitaire \u00bb.<\/p>\n<\/div>\n<p>Auteur: ALM<br \/>\n<a href=\"http:\/\/aujourdhui.ma\/societe\/a-sa-3eme-phase-loperation-salama-protege-les-detenus-contre-le-covid-19\">Cliquez ici pour lire l&rsquo;article depuis sa source.<\/a><\/p>\n","protected":false},"excerpt":{"rendered":"<p>L\u2019op\u00e9ration Salama est \u00e0 sa 3\u00e8me phase. Initi\u00e9e conjointement par la D\u00e9l\u00e9gation G\u00e9n\u00e9rale \u00e0 l\u2019Administration P\u00e9nitentiaire et \u00e0 la R\u00e9insertion (DGAPR) et l\u2019Unfpa (Fonds des Nations Unies pour la Population), cette phase est destin\u00e9e \u00e0 \u00ab agir aupr\u00e8s des d\u00e9tenus les plus \u00e0 risque, face \u00e0 la pand\u00e9mie du Covid-19 \u00bb. En d\u00e9tail, l\u2019Unfpa a [&hellip;]<\/p>\n","protected":false},"author":1759,"featured_media":0,"comment_status":"closed","ping_status":"closed","sticky":false,"template":"","format":"standard","meta":{"fifu_image_url":"","fifu_image_alt":"","footnotes":""},"categories":[73,54],"tags":[],"class_list":["post-83274","post","type-post","status-publish","format-standard","hentry","category-actualite","category-maroc"],"_links":{"self":[{"href":"https:\/\/linitiative.ca\/International\/wp-json\/wp\/v2\/posts\/83274","targetHints":{"allow":["GET"]}}],"collection":[{"href":"https:\/\/linitiative.ca\/International\/wp-json\/wp\/v2\/posts"}],"about":[{"href":"https:\/\/linitiative.ca\/International\/wp-json\/wp\/v2\/types\/post"}],"author":[{"embeddable":true,"href":"https:\/\/linitiative.ca\/International\/wp-json\/wp\/v2\/users\/1759"}],"replies":[{"embeddable":true,"href":"https:\/\/linitiative.ca\/International\/wp-json\/wp\/v2\/comments?post=83274"}],"version-history":[{"count":0,"href":"https:\/\/linitiative.ca\/International\/wp-json\/wp\/v2\/posts\/83274\/revisions"}],"wp:attachment":[{"href":"https:\/\/linitiative.ca\/International\/wp-json\/wp\/v2\/media?parent=83274"}],"wp:term":[{"taxonomy":"category","embeddable":true,"href":"https:\/\/linitiative.ca\/International\/wp-json\/wp\/v2\/categories?post=83274"},{"taxonomy":"post_tag","embeddable":true,"href":"https:\/\/linitiative.ca\/International\/wp-json\/wp\/v2\/tags?post=83274"}],"curies":[{"name":"wp","href":"https:\/\/api.w.org\/{rel}","templated":true}]}}