{"id":83276,"date":"2020-04-24T11:02:18","date_gmt":"2020-04-24T15:02:18","guid":{"rendered":"https:\/\/linitiative.ca\/International\/pour-garantir-la-securite-des-usagers-le-conseil-de-la-region-guelmim-oued-noun-digitalise-ses-services\/"},"modified":"2020-04-24T11:02:18","modified_gmt":"2020-04-24T15:02:18","slug":"pour-garantir-la-securite-des-usagers-le-conseil-de-la-region-guelmim-oued-noun-digitalise-ses-services","status":"publish","type":"post","link":"https:\/\/linitiative.ca\/International\/pour-garantir-la-securite-des-usagers-le-conseil-de-la-region-guelmim-oued-noun-digitalise-ses-services\/","title":{"rendered":"Pour garantir la s\u00e9curit\u00e9 des usagers : Le Conseil de la r\u00e9gion Guelmim-Oued Noun digitalise ses services"},"content":{"rendered":"<header>\n<\/header>\n<div class=\"entry-content clearfix\" readability=\"55\"><img decoding=\"async\" class=\"post_layout_5_img\" src=\"http:\/\/aujourdhui.ma\/wp-content\/uploads\/2016\/12\/guelmim-centre.jpg?x29840\" alt=\"Pour garantir la s&#xE9;curit&#xE9; des usagers : Le Conseil de la r&#xE9;gion Guelmim-Oued Noun digitalise ses services\"\/><\/p>\n<p><span class=\"c4\"><strong>En coordination avec l\u2019Agence de d\u00e9veloppement du digital (ADD), le Conseil de la r\u00e9gion Guelmim-Oued Noun a annonc\u00e9 r\u00e9cemment le lancement d\u2019un \u00abbureau d\u2019ordre digital\u00bb et qui s\u2019inscrit dans le cadre des mesures prises par les pouvoirs publics pour \u00e9viter la propagation du nouveau coronavirus et vise \u00e0 garantir la s\u00e9curit\u00e9 des citoyens, des employ\u00e9s et des administr\u00e9s, qu\u2019ils soient du secteur public ou priv\u00e9, en cette conjoncture exceptionnelle.<\/strong><\/span><\/p>\n<p>Cette mesure intervient \u00e9galement conform\u00e9ment aux directives gouvernementales et en application de la circulaire du ministre de l\u2019\u00e9conomie, des finances et de la r\u00e9forme de l\u2019administration.<\/p>\n<p>Ce nouveau service permet aux usagers de d\u00e9poser leurs correspondances administratives \u00e0 distance, en \u00e9change d\u2019un accus\u00e9 de r\u00e9ception num\u00e9rique contenant le num\u00e9ro et la date de correspondance pour simplifier le suivi \u00e0 distance, via l\u2019adresse \u00e9lectronique ou par t\u00e9l\u00e9phone.<\/p>\n<p>La pr\u00e9sidente du Conseil, Mbarka Bouaida, a soulign\u00e9 dans un communiqu\u00e9 l\u2019engagement des services de la R\u00e9gion en faveur de toutes les mesures et initiatives prises par l\u2019\u00c9tat durant cette p\u00e9riode.<\/p>\n<\/div>\n<p>Auteur: ALM<br \/>\n<a href=\"http:\/\/aujourdhui.ma\/actualite\/pour-garantir-la-securite-des-usagers-le-conseil-de-la-region-guelmim-oued-noun-digitalise-ses-services\">Cliquez ici pour lire l&rsquo;article depuis sa source.<\/a><\/p>\n","protected":false},"excerpt":{"rendered":"<p>En coordination avec l\u2019Agence de d\u00e9veloppement du digital (ADD), le Conseil de la r\u00e9gion Guelmim-Oued Noun a annonc\u00e9 r\u00e9cemment le lancement d\u2019un \u00abbureau d\u2019ordre digital\u00bb et qui s\u2019inscrit dans le cadre des mesures prises par les pouvoirs publics pour \u00e9viter la propagation du nouveau coronavirus et vise \u00e0 garantir la s\u00e9curit\u00e9 des citoyens, des employ\u00e9s [&hellip;]<\/p>\n","protected":false},"author":1759,"featured_media":0,"comment_status":"closed","ping_status":"closed","sticky":false,"template":"","format":"standard","meta":{"fifu_image_url":"","fifu_image_alt":"","footnotes":""},"categories":[73,54],"tags":[],"class_list":["post-83276","post","type-post","status-publish","format-standard","hentry","category-actualite","category-maroc"],"_links":{"self":[{"href":"https:\/\/linitiative.ca\/International\/wp-json\/wp\/v2\/posts\/83276","targetHints":{"allow":["GET"]}}],"collection":[{"href":"https:\/\/linitiative.ca\/International\/wp-json\/wp\/v2\/posts"}],"about":[{"href":"https:\/\/linitiative.ca\/International\/wp-json\/wp\/v2\/types\/post"}],"author":[{"embeddable":true,"href":"https:\/\/linitiative.ca\/International\/wp-json\/wp\/v2\/users\/1759"}],"replies":[{"embeddable":true,"href":"https:\/\/linitiative.ca\/International\/wp-json\/wp\/v2\/comments?post=83276"}],"version-history":[{"count":0,"href":"https:\/\/linitiative.ca\/International\/wp-json\/wp\/v2\/posts\/83276\/revisions"}],"wp:attachment":[{"href":"https:\/\/linitiative.ca\/International\/wp-json\/wp\/v2\/media?parent=83276"}],"wp:term":[{"taxonomy":"category","embeddable":true,"href":"https:\/\/linitiative.ca\/International\/wp-json\/wp\/v2\/categories?post=83276"},{"taxonomy":"post_tag","embeddable":true,"href":"https:\/\/linitiative.ca\/International\/wp-json\/wp\/v2\/tags?post=83276"}],"curies":[{"name":"wp","href":"https:\/\/api.w.org\/{rel}","templated":true}]}}