{"id":83277,"date":"2020-04-24T11:38:30","date_gmt":"2020-04-24T15:38:30","guid":{"rendered":"https:\/\/linitiative.ca\/International\/covid-19-ladfm-denonce-la-situation-des-femmes-ouvrieres\/"},"modified":"2020-04-24T11:38:30","modified_gmt":"2020-04-24T15:38:30","slug":"covid-19-ladfm-denonce-la-situation-des-femmes-ouvrieres","status":"publish","type":"post","link":"https:\/\/linitiative.ca\/International\/covid-19-ladfm-denonce-la-situation-des-femmes-ouvrieres\/","title":{"rendered":"Covid-19 : L\u2019ADFM d\u00e9nonce la situation des femmes ouvri\u00e8res"},"content":{"rendered":"<p><img decoding=\"async\" class=\"post_layout_5_img\" src=\"http:\/\/aujourdhui.ma\/wp-content\/uploads\/2020\/04\/Textile.jpg?x29840\" alt=\"Covid-19 : L&#x2019;ADFM d&#xE9;nonce la situation des femmes ouvri&#xE8;res\"\/><\/p>\n<p><span class=\"c5\"><strong><span class=\"c4\">Suite aux contaminations enregistr\u00e9es dans des unit\u00e9s industrielles<\/span><\/strong><\/span><span id=\"more-342742\"\/><\/p>\n<p>L\u2019Association d\u00e9mocratique des femmes du Maroc (ADFM) d\u00e9nonce la situation des femmes ouvri\u00e8res victimes de la violation des r\u00e8gles de s\u00e9curit\u00e9 et d\u2019hygi\u00e8ne par les employeurs, en cette p\u00e9riode de crise du Covid-19. \u00abLes clusters d\u00e9couverts dans des unit\u00e9s commerciales, industrielles et d\u2019exploitation agricole dans plusieurs r\u00e9gions du pays menacent de mettre \u00e0 mal tous les efforts entrepris au Maroc pour lutter contre la pand\u00e9mie\u00bb, indique l\u2019Association dans un communiqu\u00e9, en citant notamment \u00abl\u2019usine de Ain Seba\u00e2 qui enregistre \u00e0 elle seule 111 ouvri\u00e8res contamin\u00e9es, jusqu\u2019\u00e0 aujourd\u2019hui, la mort subite d\u2019une jeune ouvri\u00e8re dans une conserverie de poissons \u00e0 Larache ainsi que les cas de contamination qui peuvent en d\u00e9couler\u00bb.<\/p>\n<p>Une situation qui pousse l\u2019ADFM \u00e0 tirer \u00e0 nouveau la sonnette d\u2019alarme sur les conditions de travail des ouvri\u00e8res. Elle pointe, dans le contexte actuel, \u00able non-respect par quelques employeurs des dispositions de l\u2019article 24 du code du travail, qui les obligent \u00e0 prendre les mesures n\u00e9cessaires pour pr\u00e9server la s\u00e9curit\u00e9 et la sant\u00e9 des salari\u00e9s\u00bb. Au vu de ce constat alarmant, l\u2019ADFM d\u00e9nonce le comportement irresponsable de certains employeurs et leur laxisme face aux mesures de l\u2019\u00e9tat d\u2019urgence sanitaire et r\u00e9it\u00e8re sa solidarit\u00e9 totale avec les ouvri\u00e8res qui courent le risque sanitaire actuel.<\/p>\n<p><strong>Ce que recommande l\u2019ADFM<\/strong><\/p>\n<p>Dans ce contexte, l\u2019Association appelle le gouvernement \u00e0 contraindre les employeurs \u00e0 respecter les obligations l\u00e9gales et \u00e0 les mettre face \u00e0 leur responsabilit\u00e9 civile. Elle demande \u00e0 imposer fermement les mesures de pr\u00e9caution comme le pr\u00e9conise l\u2019Organisation mondiale de la sant\u00e9 (OMS). De m\u00eame, elle appelle \u00e0 d\u00e9p\u00eacher des inspecteurs du travail afin de v\u00e9rifier le respect des mesures sanitaires de pr\u00e9caution et dresser des proc\u00e8s-verbaux aux contrevenants qui menaceraient les ouvri\u00e8res de licenciement en cas de refus d\u2019obtemp\u00e9rer.<\/p>\n<p>L\u2019Association d\u00e9mocratique des femmes du Maroc demande, en effet, \u00e0 mettre \u00e0 la disposition de ces ouvri\u00e8res des moyens de transport adapt\u00e9s aux mesures sanitaires et instaurer des shifts en alternance tout en r\u00e9duisant au minimum l\u2019effectif pr\u00e9sent en m\u00eame temps sur le lieu de travail. L\u2019ADFM rappelle que \u00abla priorit\u00e9 absolue de l\u2019Etat doit \u00eatre la pr\u00e9servation de la sant\u00e9 de tous les citoyens et citoyennes, en particulier ces travailleuses qui continuent \u00e0 risquer leurs vies pour r\u00e9pondre \u00e0 des besoins et demandes \u00e9conomiques\u00bb, en notant que dans le milieu du travail \u00able minist\u00e8re de l\u2019emploi a mis en \u0153uvre, le 19 mars 2020, toute une s\u00e9rie de mesures que l\u2019employeur a l\u2019obligation de respecter\u00bb. Il faut rappeler que plusieurs cas de contamination ont \u00e9t\u00e9 enregistr\u00e9s ces derniers jours dans les milieux professionnels, notamment dans des unit\u00e9s industrielles, commerciales au niveau de plusieurs r\u00e9gions du Royaume, \u00e0 savoir Marrakech, F\u00e8s, Casablanca, Larache et Tanger.<\/p>\n<p>Auteur: Siham Jadraoui<br \/>\n<a href=\"http:\/\/aujourdhui.ma\/economie\/covid-19-ladfm-denonce-la-situation-des-femmes-ouvrieres\">Cliquez ici pour lire l&rsquo;article depuis sa source.<\/a><\/p>\n","protected":false},"excerpt":{"rendered":"<p>Suite aux contaminations enregistr\u00e9es dans des unit\u00e9s industrielles L\u2019Association d\u00e9mocratique des femmes du Maroc (ADFM) d\u00e9nonce la situation des femmes ouvri\u00e8res victimes de la violation des r\u00e8gles de s\u00e9curit\u00e9 et d\u2019hygi\u00e8ne par les employeurs, en cette p\u00e9riode de crise du Covid-19. \u00abLes clusters d\u00e9couverts dans des unit\u00e9s commerciales, industrielles et d\u2019exploitation agricole dans plusieurs r\u00e9gions [&hellip;]<\/p>\n","protected":false},"author":1759,"featured_media":0,"comment_status":"closed","ping_status":"closed","sticky":false,"template":"","format":"standard","meta":{"fifu_image_url":"","fifu_image_alt":"","footnotes":""},"categories":[73,54],"tags":[],"class_list":["post-83277","post","type-post","status-publish","format-standard","hentry","category-actualite","category-maroc"],"_links":{"self":[{"href":"https:\/\/linitiative.ca\/International\/wp-json\/wp\/v2\/posts\/83277","targetHints":{"allow":["GET"]}}],"collection":[{"href":"https:\/\/linitiative.ca\/International\/wp-json\/wp\/v2\/posts"}],"about":[{"href":"https:\/\/linitiative.ca\/International\/wp-json\/wp\/v2\/types\/post"}],"author":[{"embeddable":true,"href":"https:\/\/linitiative.ca\/International\/wp-json\/wp\/v2\/users\/1759"}],"replies":[{"embeddable":true,"href":"https:\/\/linitiative.ca\/International\/wp-json\/wp\/v2\/comments?post=83277"}],"version-history":[{"count":0,"href":"https:\/\/linitiative.ca\/International\/wp-json\/wp\/v2\/posts\/83277\/revisions"}],"wp:attachment":[{"href":"https:\/\/linitiative.ca\/International\/wp-json\/wp\/v2\/media?parent=83277"}],"wp:term":[{"taxonomy":"category","embeddable":true,"href":"https:\/\/linitiative.ca\/International\/wp-json\/wp\/v2\/categories?post=83277"},{"taxonomy":"post_tag","embeddable":true,"href":"https:\/\/linitiative.ca\/International\/wp-json\/wp\/v2\/tags?post=83277"}],"curies":[{"name":"wp","href":"https:\/\/api.w.org\/{rel}","templated":true}]}}