{"id":83283,"date":"2020-04-24T06:57:41","date_gmt":"2020-04-24T10:57:41","guid":{"rendered":"https:\/\/linitiative.ca\/International\/ramadan-horaires-de-travail-a-tunisie-telecom\/"},"modified":"2020-04-24T06:57:41","modified_gmt":"2020-04-24T10:57:41","slug":"ramadan-horaires-de-travail-a-tunisie-telecom","status":"publish","type":"post","link":"https:\/\/linitiative.ca\/International\/ramadan-horaires-de-travail-a-tunisie-telecom\/","title":{"rendered":"Ramadan : Horaires de travail \u00e0 Tunisie Telecom"},"content":{"rendered":"<p>Tunisie Telecom a fait savoir, jeudi, dans un communiqu\u00e9, que les horaires de travail durant le mois de Ramadan seront comme suit :<\/p>\n<p>Les espaces commerciaux seront ouverts du lundi au jeudi de 8H00 \u00e0 13H30, le vendredi de 8H00 \u00e0 12H45 et le samedi en permanence de 8H15 \u00e0 12H15.<\/p>\n<p>Les centres d\u2019appel assureront les diff\u00e9rents services tout au long de la journ\u00e9e 24\/24 et 7 jours \/7.<\/p>\n<p>Les services administratifs seront ouverts du lundi au jeudi de 8H00 \u00e0 14H00, le vendredi de 8H00 \u00e0 12H45 et le samedi en permanence de 8H00 jusqu\u2019\u00e0 13H00.<\/p>\n<div class=\"wp-post-author-wrap wp-post-author-shortcode left\">\n<h3 class=\"awpa-title\"\/>\n<div class=\"wp-post-author\">\n<div class=\"awpa-img awpa-author-block square\"><a href=\"http:\/\/lexpertjournal.net\/fr\/?author=5\"><img loading=\"lazy\" decoding=\"async\" alt=\"\" src=\"http:\/\/0.gravatar.com\/avatar\/97f8e10a1c1125ba104a76514ee07b16?s=150&amp;d=mm&amp;r=g\" srcset=\"http:\/\/0.gravatar.com\/avatar\/97f8e10a1c1125ba104a76514ee07b16?s=300&amp;d=mm&amp;r=g 2x\" class=\"avatar avatar-150 photo\" height=\"150\" width=\"150\"\/><\/a><\/div>\n<\/div>\n<\/div>\n<aside class=\"mashsb-container mashsb-main mashsb-stretched\">\n<\/aside>\n<p>Auteur: L&rsquo;expert<br \/>\n<a href=\"http:\/\/lexpertjournal.net\/fr\/?p=14260\">Cliquez ici pour lire l&rsquo;article depuis sa source.<\/a><\/p>\n","protected":false},"excerpt":{"rendered":"<p>Tunisie Telecom a fait savoir, jeudi, dans un communiqu\u00e9, que les horaires de travail durant le mois de Ramadan seront comme suit : Les espaces commerciaux seront ouverts du lundi au jeudi de 8H00 \u00e0 13H30, le vendredi de 8H00 \u00e0 12H45 et le samedi en permanence de 8H15 \u00e0 12H15. Les centres d\u2019appel assureront [&hellip;]<\/p>\n","protected":false},"author":1775,"featured_media":0,"comment_status":"closed","ping_status":"closed","sticky":false,"template":"","format":"standard","meta":{"fifu_image_url":"","fifu_image_alt":"","footnotes":""},"categories":[78,55],"tags":[],"class_list":["post-83283","post","type-post","status-publish","format-standard","hentry","category-economie","category-tunisie"],"_links":{"self":[{"href":"https:\/\/linitiative.ca\/International\/wp-json\/wp\/v2\/posts\/83283","targetHints":{"allow":["GET"]}}],"collection":[{"href":"https:\/\/linitiative.ca\/International\/wp-json\/wp\/v2\/posts"}],"about":[{"href":"https:\/\/linitiative.ca\/International\/wp-json\/wp\/v2\/types\/post"}],"author":[{"embeddable":true,"href":"https:\/\/linitiative.ca\/International\/wp-json\/wp\/v2\/users\/1775"}],"replies":[{"embeddable":true,"href":"https:\/\/linitiative.ca\/International\/wp-json\/wp\/v2\/comments?post=83283"}],"version-history":[{"count":0,"href":"https:\/\/linitiative.ca\/International\/wp-json\/wp\/v2\/posts\/83283\/revisions"}],"wp:attachment":[{"href":"https:\/\/linitiative.ca\/International\/wp-json\/wp\/v2\/media?parent=83283"}],"wp:term":[{"taxonomy":"category","embeddable":true,"href":"https:\/\/linitiative.ca\/International\/wp-json\/wp\/v2\/categories?post=83283"},{"taxonomy":"post_tag","embeddable":true,"href":"https:\/\/linitiative.ca\/International\/wp-json\/wp\/v2\/tags?post=83283"}],"curies":[{"name":"wp","href":"https:\/\/api.w.org\/{rel}","templated":true}]}}