{"id":83284,"date":"2020-04-24T07:01:40","date_gmt":"2020-04-24T11:01:40","guid":{"rendered":"https:\/\/linitiative.ca\/International\/la-compagnie-dans-une-situation-catastrophique-un-plan-urgent-a-lexamen-pour-tunisair\/"},"modified":"2020-04-24T07:01:40","modified_gmt":"2020-04-24T11:01:40","slug":"la-compagnie-dans-une-situation-catastrophique-un-plan-urgent-a-lexamen-pour-tunisair","status":"publish","type":"post","link":"https:\/\/linitiative.ca\/International\/la-compagnie-dans-une-situation-catastrophique-un-plan-urgent-a-lexamen-pour-tunisair\/","title":{"rendered":"La compagnie dans une situation \u00ab catastrophique \u00bb : Un \u00abplan urgent\u00bb \u00e0 l\u2019examen pour TUNISAIR"},"content":{"rendered":"<p>La situation \u00bb catastrophique \u00bb de Tunisair n\u00e9cessite une d\u00e9cision \u00ab audacieuse \u00bb, a d\u00e9clar\u00e9, jeudi, le ministre du Transport et de la logistique Mohamed Anouar Maarouf.<\/p>\n<p>\u00ab Nous sommes conscients de la situation catastrophique de la compagnie. Celle-ci n\u00e9cessite des r\u00e9formes profondes, des sacrifices, des d\u00e9cisions audacieuses \u00bb, a-t-il dit, lors d\u2019un d\u00e9bat, \u00e0 l\u2019ARP.<\/p>\n<p>Il est \u00e9galement temps de mettre en place \u00ab un plan de modernisation de la compagnie, \u00e0 long terme \u00bb, estime le ministre, sans oublier la lutte contre la corruption, tr\u00e8s r\u00e9pandue, \u00e0 son avis.<\/p>\n<p>Une r\u00e9union est pr\u00e9vue, aujourd\u2019hui, pour examiner un \u00ab plan urgent \u00bb pour am\u00e9liorer la situation de la compagnie, a fait savoir le ministre.<\/p>\n<p>Maarouf a, par ailleurs, plaid\u00e9 en faveur de l\u2019introduction, \u00e0 Tunisair, de nouveaux services dont celui de la manutention a\u00e9rienne, qui pourrait combler la r\u00e9gression de l\u2019activit\u00e9 de transport des voyageurs.<\/p>\n<p>Le ministre a \u00e9voqu\u00e9 aussi la d\u00e9t\u00e9rioration du parc-avions de Tunisair, appelant \u00e0 l\u2019\u00e9laboration d\u2019un plan de gestion \u00e0 court, \u00e0 moyen et \u00e0 long termes.<\/p>\n<p>Il estime que la situation de l\u2019aviation civile sera difficile notamment avec la reprise de l\u2019activit\u00e9 de l\u2019aviation, pr\u00e9vue \u00e0 partir de 2021 ou m\u00eame durant la saison estivale 2022, \u00ab d\u2019o\u00f9 l\u2019urgence de sauver la compagnie nationale \u00bb.<\/p>\n<p>Le ministre n\u2019a pas h\u00e9sit\u00e9 \u00e0 critiquer la gestion des fonds au sein de la compagnie, faisant \u00e9tat de d\u00e9penses d\u00e9plac\u00e9es.<\/p>\n<div class=\"wp-post-author-wrap wp-post-author-shortcode left\">\n<h3 class=\"awpa-title\"\/>\n<div class=\"wp-post-author\">\n<div class=\"awpa-img awpa-author-block square\"><a href=\"http:\/\/lexpertjournal.net\/fr\/?author=5\"><img loading=\"lazy\" decoding=\"async\" alt=\"\" src=\"http:\/\/0.gravatar.com\/avatar\/97f8e10a1c1125ba104a76514ee07b16?s=150&amp;d=mm&amp;r=g\" srcset=\"http:\/\/0.gravatar.com\/avatar\/97f8e10a1c1125ba104a76514ee07b16?s=300&amp;d=mm&amp;r=g 2x\" class=\"avatar avatar-150 photo\" height=\"150\" width=\"150\"\/><\/a><\/div>\n<\/div>\n<\/div>\n<aside class=\"mashsb-container mashsb-main mashsb-stretched\">\n<\/aside>\n<p>Auteur: L&rsquo;expert<br \/>\n<a href=\"http:\/\/lexpertjournal.net\/fr\/?p=14263\">Cliquez ici pour lire l&rsquo;article depuis sa source.<\/a><\/p>\n","protected":false},"excerpt":{"rendered":"<p>La situation \u00bb catastrophique \u00bb de Tunisair n\u00e9cessite une d\u00e9cision \u00ab audacieuse \u00bb, a d\u00e9clar\u00e9, jeudi, le ministre du Transport et de la logistique Mohamed Anouar Maarouf. \u00ab Nous sommes conscients de la situation catastrophique de la compagnie. Celle-ci n\u00e9cessite des r\u00e9formes profondes, des sacrifices, des d\u00e9cisions audacieuses \u00bb, a-t-il dit, lors d\u2019un d\u00e9bat, \u00e0 [&hellip;]<\/p>\n","protected":false},"author":1775,"featured_media":0,"comment_status":"closed","ping_status":"closed","sticky":false,"template":"","format":"standard","meta":{"fifu_image_url":"","fifu_image_alt":"","footnotes":""},"categories":[78,55],"tags":[],"class_list":["post-83284","post","type-post","status-publish","format-standard","hentry","category-economie","category-tunisie"],"_links":{"self":[{"href":"https:\/\/linitiative.ca\/International\/wp-json\/wp\/v2\/posts\/83284","targetHints":{"allow":["GET"]}}],"collection":[{"href":"https:\/\/linitiative.ca\/International\/wp-json\/wp\/v2\/posts"}],"about":[{"href":"https:\/\/linitiative.ca\/International\/wp-json\/wp\/v2\/types\/post"}],"author":[{"embeddable":true,"href":"https:\/\/linitiative.ca\/International\/wp-json\/wp\/v2\/users\/1775"}],"replies":[{"embeddable":true,"href":"https:\/\/linitiative.ca\/International\/wp-json\/wp\/v2\/comments?post=83284"}],"version-history":[{"count":0,"href":"https:\/\/linitiative.ca\/International\/wp-json\/wp\/v2\/posts\/83284\/revisions"}],"wp:attachment":[{"href":"https:\/\/linitiative.ca\/International\/wp-json\/wp\/v2\/media?parent=83284"}],"wp:term":[{"taxonomy":"category","embeddable":true,"href":"https:\/\/linitiative.ca\/International\/wp-json\/wp\/v2\/categories?post=83284"},{"taxonomy":"post_tag","embeddable":true,"href":"https:\/\/linitiative.ca\/International\/wp-json\/wp\/v2\/tags?post=83284"}],"curies":[{"name":"wp","href":"https:\/\/api.w.org\/{rel}","templated":true}]}}