{"id":83285,"date":"2020-04-24T07:04:30","date_gmt":"2020-04-24T11:04:30","guid":{"rendered":"https:\/\/linitiative.ca\/International\/aide-exceptionnelle-de-letat-suspension-du-versement-de-30-mille-mandats\/"},"modified":"2020-04-24T07:04:30","modified_gmt":"2020-04-24T11:04:30","slug":"aide-exceptionnelle-de-letat-suspension-du-versement-de-30-mille-mandats","status":"publish","type":"post","link":"https:\/\/linitiative.ca\/International\/aide-exceptionnelle-de-letat-suspension-du-versement-de-30-mille-mandats\/","title":{"rendered":"Aide exceptionnelle de l\u2019Etat : Suspension du versement de 30 mille mandats"},"content":{"rendered":"<p>Le ministre des Affaires sociales, Mohamed Habib Kchaou a d\u00e9clar\u00e9, jeudi, qu\u2019il a \u00e9t\u00e9 d\u00e9cid\u00e9 de suspendre le versement de 30 mille mandats destin\u00e9s \u00e0 des personnes ne remplissant pas les crit\u00e8res requis pour percevoir des subventions, d\u00e9cr\u00e9t\u00e9es dans le cadre du programme d\u2019aide exceptionnelle visant \u00e0 r\u00e9duire les r\u00e9percussions du Coronavirus sur les familles \u00e0 faible revenu, b\u00e9n\u00e9ficiaires des cartes de soins \u00e0 tarifs r\u00e9duits.<\/p>\n<p>Lors d\u2019un point de presse, Kchaou a indiqu\u00e9 qu\u2019un comit\u00e9 mixte a \u00e9t\u00e9 form\u00e9, compos\u00e9 du minist\u00e8re des Affaires sociales et celui des Finances, pour r\u00e9cup\u00e9rer les subventions vers\u00e9es au profit de 6000 personnes, apr\u00e8s avoir v\u00e9rifi\u00e9 \u00e0 la faveur de recoupements d\u2019informations avec 12 bases de donn\u00e9es d\u2019autres minist\u00e8res, que ces personnes ne remplissaient pas les conditions requises pour les percevoir.<\/p>\n<p>Il a ajout\u00e9 que 6000 personnes qui n\u2019ont pas droit \u00e0 cette subvention sont r\u00e9parties entre 4719 travailleurs de chantiers, 81 agents de jardinage, 600 agents b\u00e9n\u00e9ficiaires d\u2019une pension de retraite dans le secteur public, 265 b\u00e9n\u00e9ficiaires d\u2019une pension de retraite dans le secteur priv\u00e9 et 335 personnes autoris\u00e9es \u00e0 exercer dans le secteur des professions libres.<\/p>\n<p>Kchaou a rappel\u00e9 dans ce contexte qu\u2019une aide provisoire d\u2019une valeur de 200 dinars a \u00e9t\u00e9 vers\u00e9e \u00e0 chaque famille \u00e0 faible revenu depuis le 6 avril dernier, faisant savoir qu\u2019un deuxi\u00e8me lot d\u2019aides de 200 dinars sera vers\u00e9 pour cette m\u00eame cat\u00e9gorie, \u00e0 partir du 4 mai prochain.<\/p>\n<div class=\"wp-post-author-wrap wp-post-author-shortcode left\">\n<h3 class=\"awpa-title\"\/>\n<div class=\"wp-post-author\">\n<div class=\"awpa-img awpa-author-block square\"><a href=\"http:\/\/lexpertjournal.net\/fr\/?author=5\"><img loading=\"lazy\" decoding=\"async\" alt=\"\" src=\"http:\/\/0.gravatar.com\/avatar\/97f8e10a1c1125ba104a76514ee07b16?s=150&amp;d=mm&amp;r=g\" srcset=\"http:\/\/0.gravatar.com\/avatar\/97f8e10a1c1125ba104a76514ee07b16?s=300&amp;d=mm&amp;r=g 2x\" class=\"avatar avatar-150 photo\" height=\"150\" width=\"150\"\/><\/a><\/div>\n<\/div>\n<\/div>\n<aside class=\"mashsb-container mashsb-main mashsb-stretched\">\n<\/aside>\n<p>Auteur: L&rsquo;expert<br \/>\n<a href=\"http:\/\/lexpertjournal.net\/fr\/?p=14266\">Cliquez ici pour lire l&rsquo;article depuis sa source.<\/a><\/p>\n","protected":false},"excerpt":{"rendered":"<p>Le ministre des Affaires sociales, Mohamed Habib Kchaou a d\u00e9clar\u00e9, jeudi, qu\u2019il a \u00e9t\u00e9 d\u00e9cid\u00e9 de suspendre le versement de 30 mille mandats destin\u00e9s \u00e0 des personnes ne remplissant pas les crit\u00e8res requis pour percevoir des subventions, d\u00e9cr\u00e9t\u00e9es dans le cadre du programme d\u2019aide exceptionnelle visant \u00e0 r\u00e9duire les r\u00e9percussions du Coronavirus sur les familles [&hellip;]<\/p>\n","protected":false},"author":1775,"featured_media":0,"comment_status":"closed","ping_status":"closed","sticky":false,"template":"","format":"standard","meta":{"fifu_image_url":"","fifu_image_alt":"","footnotes":""},"categories":[78,55],"tags":[],"class_list":["post-83285","post","type-post","status-publish","format-standard","hentry","category-economie","category-tunisie"],"_links":{"self":[{"href":"https:\/\/linitiative.ca\/International\/wp-json\/wp\/v2\/posts\/83285","targetHints":{"allow":["GET"]}}],"collection":[{"href":"https:\/\/linitiative.ca\/International\/wp-json\/wp\/v2\/posts"}],"about":[{"href":"https:\/\/linitiative.ca\/International\/wp-json\/wp\/v2\/types\/post"}],"author":[{"embeddable":true,"href":"https:\/\/linitiative.ca\/International\/wp-json\/wp\/v2\/users\/1775"}],"replies":[{"embeddable":true,"href":"https:\/\/linitiative.ca\/International\/wp-json\/wp\/v2\/comments?post=83285"}],"version-history":[{"count":0,"href":"https:\/\/linitiative.ca\/International\/wp-json\/wp\/v2\/posts\/83285\/revisions"}],"wp:attachment":[{"href":"https:\/\/linitiative.ca\/International\/wp-json\/wp\/v2\/media?parent=83285"}],"wp:term":[{"taxonomy":"category","embeddable":true,"href":"https:\/\/linitiative.ca\/International\/wp-json\/wp\/v2\/categories?post=83285"},{"taxonomy":"post_tag","embeddable":true,"href":"https:\/\/linitiative.ca\/International\/wp-json\/wp\/v2\/tags?post=83285"}],"curies":[{"name":"wp","href":"https:\/\/api.w.org\/{rel}","templated":true}]}}