{"id":83286,"date":"2020-04-24T07:09:30","date_gmt":"2020-04-24T11:09:30","guid":{"rendered":"https:\/\/linitiative.ca\/International\/baisse-du-prix-du-petrole-mobilisation-de-toutes-les-capacites-nationales-de-stockage-dhydrocarbures\/"},"modified":"2020-04-24T07:09:30","modified_gmt":"2020-04-24T11:09:30","slug":"baisse-du-prix-du-petrole-mobilisation-de-toutes-les-capacites-nationales-de-stockage-dhydrocarbures","status":"publish","type":"post","link":"https:\/\/linitiative.ca\/International\/baisse-du-prix-du-petrole-mobilisation-de-toutes-les-capacites-nationales-de-stockage-dhydrocarbures\/","title":{"rendered":"Baisse du prix du p\u00e9trole : Mobilisation de toutes les capacit\u00e9s nationales de stockage d\u2019hydrocarbures"},"content":{"rendered":"<p>Toutes les capacit\u00e9s nationales de stockage d\u2019hydrocarbures seront mobilis\u00e9es \u00e0 court terme, pour profiter de la baisse des prix \u00e0 l\u2019\u00e9chelle internationale, tout en donnant la priorit\u00e9 au p\u00e9trole tunisien, telle est la d\u00e9cision prise jeudi, \u00e0 l\u2019issue d\u2019une r\u00e9union tenue, au d\u00e9partement de l\u2019Energie, des Mines et de la Transition \u00e9nerg\u00e9tique entre le ministre, Mongi Marzouk et des responsables du secteur dont des repr\u00e9sentants de l\u2019ETAP et de la STIR. Lors de cette r\u00e9union, il a \u00e9t\u00e9 aussi, d\u00e9cid\u00e9, selon un communiqu\u00e9 du minist\u00e8re, de poursuivre la production au niveau des champs<\/p>\n<p>p\u00e9troliers du pays, en coordination avec l\u2019ETAP et la STIR, pour donner la priorit\u00e9 \u00e0 l\u2019utilisation du p\u00e9trole tunisien, dans la limite des capacit\u00e9s techniques de la raffinerie de Bizerte, et ce afin de surmonter les difficult\u00e9s de commercialisation auxquelles est confront\u00e9e la soci\u00e9t\u00e9 en raison de la baisse de la demande sur les hydrocarbures \u00e0 l\u2019\u00e9chelle internationale. Les participants \u00e0 cette r\u00e9union ont \u00e9galement, \u00e9tudi\u00e9 l\u2019\u00e9volution des prix \u00e0 l\u2019\u00e9chelle internationale, et \u00e9voqu\u00e9 la faible capacit\u00e9 nationale de stockage du p\u00e9trole brut et raffin\u00e9 et la baisse de la consommation \u00e0 cause des mesures de confinement sanitaire. Ils ont examin\u00e9 une s\u00e9rie de propositions dont la couverture des achats du pays face aux fluctuations des prix du baril, \u00e0 travers le Hedging (technique de trading consistant \u00e0 couvrir partiellement ou enti\u00e8rement le risque de variation de cours sur un produit). Ils ont, toutefois, conclu que le recours au Hedging n\u00e9cessite un financement exceptionnel du minist\u00e8re des Finances, et qu\u2019il s\u2019agit proposition inappropri\u00e9e \u00e0 l\u2019heure actuelle et jusqu\u2019\u00e0 la fin de l\u2019ann\u00e9e. Ils ont, par ailleurs, d\u00e9cid\u00e9 d\u2019adopter une politique \u00e9nerg\u00e9tique int\u00e9gr\u00e9e qui favorise l\u2019investissement dans la ma\u00eetrise de l\u2019\u00e9nergie, le renforcement des capacit\u00e9s de stockage et la promotion de l\u2019exploration parall\u00e8lement \u00e0 l\u2019acc\u00e9l\u00e9ration de l\u2019adoption des \u00e9nergies renouvelables.<\/p>\n<div class=\"wp-post-author-wrap wp-post-author-shortcode left\">\n<h3 class=\"awpa-title\"\/>\n<div class=\"wp-post-author\">\n<div class=\"awpa-img awpa-author-block square\"><a href=\"http:\/\/lexpertjournal.net\/fr\/?author=5\"><img loading=\"lazy\" decoding=\"async\" alt=\"\" src=\"http:\/\/0.gravatar.com\/avatar\/97f8e10a1c1125ba104a76514ee07b16?s=150&amp;d=mm&amp;r=g\" srcset=\"http:\/\/0.gravatar.com\/avatar\/97f8e10a1c1125ba104a76514ee07b16?s=300&amp;d=mm&amp;r=g 2x\" class=\"avatar avatar-150 photo\" height=\"150\" width=\"150\"\/><\/a><\/div>\n<\/div>\n<\/div>\n<aside class=\"mashsb-container mashsb-main mashsb-stretched\">\n<\/aside>\n<p>Auteur: L&rsquo;expert<br \/>\n<a href=\"http:\/\/lexpertjournal.net\/fr\/?p=14269\">Cliquez ici pour lire l&rsquo;article depuis sa source.<\/a><\/p>\n","protected":false},"excerpt":{"rendered":"<p>Toutes les capacit\u00e9s nationales de stockage d\u2019hydrocarbures seront mobilis\u00e9es \u00e0 court terme, pour profiter de la baisse des prix \u00e0 l\u2019\u00e9chelle internationale, tout en donnant la priorit\u00e9 au p\u00e9trole tunisien, telle est la d\u00e9cision prise jeudi, \u00e0 l\u2019issue d\u2019une r\u00e9union tenue, au d\u00e9partement de l\u2019Energie, des Mines et de la Transition \u00e9nerg\u00e9tique entre le ministre, [&hellip;]<\/p>\n","protected":false},"author":1775,"featured_media":0,"comment_status":"closed","ping_status":"closed","sticky":false,"template":"","format":"standard","meta":{"fifu_image_url":"","fifu_image_alt":"","footnotes":""},"categories":[78,55],"tags":[],"class_list":["post-83286","post","type-post","status-publish","format-standard","hentry","category-economie","category-tunisie"],"_links":{"self":[{"href":"https:\/\/linitiative.ca\/International\/wp-json\/wp\/v2\/posts\/83286","targetHints":{"allow":["GET"]}}],"collection":[{"href":"https:\/\/linitiative.ca\/International\/wp-json\/wp\/v2\/posts"}],"about":[{"href":"https:\/\/linitiative.ca\/International\/wp-json\/wp\/v2\/types\/post"}],"author":[{"embeddable":true,"href":"https:\/\/linitiative.ca\/International\/wp-json\/wp\/v2\/users\/1775"}],"replies":[{"embeddable":true,"href":"https:\/\/linitiative.ca\/International\/wp-json\/wp\/v2\/comments?post=83286"}],"version-history":[{"count":0,"href":"https:\/\/linitiative.ca\/International\/wp-json\/wp\/v2\/posts\/83286\/revisions"}],"wp:attachment":[{"href":"https:\/\/linitiative.ca\/International\/wp-json\/wp\/v2\/media?parent=83286"}],"wp:term":[{"taxonomy":"category","embeddable":true,"href":"https:\/\/linitiative.ca\/International\/wp-json\/wp\/v2\/categories?post=83286"},{"taxonomy":"post_tag","embeddable":true,"href":"https:\/\/linitiative.ca\/International\/wp-json\/wp\/v2\/tags?post=83286"}],"curies":[{"name":"wp","href":"https:\/\/api.w.org\/{rel}","templated":true}]}}