{"id":83289,"date":"2020-04-24T13:01:37","date_gmt":"2020-04-24T17:01:37","guid":{"rendered":"https:\/\/linitiative.ca\/International\/six-nouveaux-ouvrages-dedies-au-cheikh-abdelhamid-benbadis-en-cours-dimpression\/"},"modified":"2020-04-24T13:01:37","modified_gmt":"2020-04-24T17:01:37","slug":"six-nouveaux-ouvrages-dedies-au-cheikh-abdelhamid-benbadis-en-cours-dimpression","status":"publish","type":"post","link":"https:\/\/linitiative.ca\/International\/six-nouveaux-ouvrages-dedies-au-cheikh-abdelhamid-benbadis-en-cours-dimpression\/","title":{"rendered":"Six nouveaux ouvrages d\u00e9di\u00e9s au cheikh Abdelhamid Benbadis en cours d\u2019impression  \u00a0"},"content":{"rendered":"<div readability=\"39\">\n<p><strong>CONSTANTINE-Pas moins de six (6) nouveaux ouvrages d\u00e9di\u00e9s au cheikh Abdelhamid Benbadis et son \u0153uvre incomparable sont actuellement en cours d\u2019impression, a affirm\u00e9, jeudi, \u00e0 l\u2019APS, le pr\u00e9sident\u00a0de la Fondation Benbadis, Abdelaziz Filali.<\/strong><\/p>\n<\/div>\n<div readability=\"83.5\">\n<p>\u00ab\u00a0Ces ouvrages devaient \u00eatre finalis\u00e9s et distribu\u00e9s \u00e0 l\u2019occasion de la c\u00e9l\u00e9bration du 16 avril, Yaoum El Ilm, mais cons\u00e9cutivement \u00e0 la pand\u00e9mie de Covid-19 et les mesures prises pour lutter contre la propagation du coronavirus, leur publication interviendra d\u00e8s que la situation sanitaire le permettra\u00a0\u00bb, a-t-il pr\u00e9cis\u00e9.<\/p>\n<p>M.Filali a soulign\u00e9, \u00e0 ce propos, que la Fondation Benbadis publie chaque ann\u00e9e 6 \u00e0 7 nouveaux ouvrages sur la pens\u00e9e et les id\u00e9es r\u00e9formistes du cheikh Abdelhamid en s\u2019appuyant sur des documents in\u00e9dits retra\u00e7ant le parcours illustre et les activit\u00e9s du fondateur de l\u2019association des oul\u00e9mas musulmans alg\u00e9riens.<\/p>\n<p>\u00ab\u00a0Au total, la Fondation Benbadis, cr\u00e9\u00e9e en l\u2019an 2000, a publi\u00e9 environ 50 nouveaux ouvrages renfermant de nouvelles donn\u00e9es sur la vie et le combat acharn\u00e9 de Abdelhamid Benbadis au service de la libert\u00e9, du progr\u00e8s et de l\u2019humanisme\u00a0\u00bb, a-t-il d\u00e9clar\u00e9.<\/p>\n<blockquote readability=\"9\">\n<p><em><strong>Et d\u2019ajouter : \u00ab\u00a0On n\u2019a pas encore assez \u00e9tudi\u00e9 l\u2019\u0153uvre et la vie de Abdelhamid Benbadis, cette figure embl\u00e9matique du mouvement r\u00e9formiste musulman en Alg\u00e9rie qui a tout donn\u00e9 par amour pour son pays et qui a sauv\u00e9 la nation et la religion en s\u2019opposant au colonisateur fran\u00e7ais et ses desseins destructeurs\u00a0\u00bb.<\/strong><\/em><\/p>\n<\/blockquote>\n<p>Le premier responsable de la Fondation Benbadis a salu\u00e9, par ailleurs, les propos du pr\u00e9sident de la R\u00e9publique, Abdelmadjid Tebboune, la veille de la c\u00e9l\u00e9bration de Yaoum El Ilm, le 16 avril dernier, ordonnant notamment de restaurer les vieilles mosqu\u00e9es d\u2019Alg\u00e9rie, dont la mosqu\u00e9e Sidi Lakhdar de\u00a0Constantine, dans laquelle le cheikh Abdelhamid enseignait le Coran \u00e0 des \u00e9l\u00e8ves venant de diverses r\u00e9gions.<\/p>\n<blockquote readability=\"10\">\n<p><em><strong>D\u00e9plorant l\u2019arr\u00eat des travaux de r\u00e9novation de cette mosqu\u00e9e, lanc\u00e9s en 2014 dans le cadre des pr\u00e9paratifs de la manifestation Constantine capitale de la culture arabe 2015, M. Filali rend hommage au pr\u00e9sident de la R\u00e9publique qui \u00ab\u00a0connait la valeur de nos oul\u00e9mas et les a r\u00e9habilit\u00e9s\u00a0\u00bb.<\/strong><\/em><\/p>\n<\/blockquote>\n<p>Le pr\u00e9sident de la Fondation Benbadis a fait savoir, enfin, qu\u2019en raison de la pand\u00e9mie de Covid-19, le colloque pr\u00e9vu \u00e0 l\u2019occasion du 16 avril sur le th\u00e8me cette ann\u00e9e de \u00ab\u00a0la prospective chez Abdelhamid Benbadis\u00a0\u00bb n\u2019a pas pu avoir lieu, ajoutant que cette date symbolique a \u00e9t\u00e9 n\u00e9anmoins marqu\u00e9e\u00a0par une visite au cimeti\u00e8re et un recueillement sur la tombe du fondateur de l\u2019association des oul\u00e9mas musulmans alg\u00e9riens.<\/p>\n<\/div>\n<p>Auteur:<br \/>\n<a href=\"http:\/\/www.aps.dz\/culture\/104350-constantine-6-nouveaux-ouvrages-dedies-au-cheikh-abdelhamid-benbadis-en-cours-d-impression\">Cliquez ici pour lire l&rsquo;article depuis sa source.<\/a><\/p>\n","protected":false},"excerpt":{"rendered":"<p>CONSTANTINE-Pas moins de six (6) nouveaux ouvrages d\u00e9di\u00e9s au cheikh Abdelhamid Benbadis et son \u0153uvre incomparable sont actuellement en cours d\u2019impression, a affirm\u00e9, jeudi, \u00e0 l\u2019APS, le pr\u00e9sident\u00a0de la Fondation Benbadis, Abdelaziz Filali. \u00ab\u00a0Ces ouvrages devaient \u00eatre finalis\u00e9s et distribu\u00e9s \u00e0 l\u2019occasion de la c\u00e9l\u00e9bration du 16 avril, Yaoum El Ilm, mais cons\u00e9cutivement \u00e0 la [&hellip;]<\/p>\n","protected":false},"author":1790,"featured_media":0,"comment_status":"closed","ping_status":"closed","sticky":false,"template":"","format":"standard","meta":{"fifu_image_url":"","fifu_image_alt":"","footnotes":""},"categories":[53,79],"tags":[],"class_list":["post-83289","post","type-post","status-publish","format-standard","hentry","category-algerie","category-culture"],"_links":{"self":[{"href":"https:\/\/linitiative.ca\/International\/wp-json\/wp\/v2\/posts\/83289","targetHints":{"allow":["GET"]}}],"collection":[{"href":"https:\/\/linitiative.ca\/International\/wp-json\/wp\/v2\/posts"}],"about":[{"href":"https:\/\/linitiative.ca\/International\/wp-json\/wp\/v2\/types\/post"}],"author":[{"embeddable":true,"href":"https:\/\/linitiative.ca\/International\/wp-json\/wp\/v2\/users\/1790"}],"replies":[{"embeddable":true,"href":"https:\/\/linitiative.ca\/International\/wp-json\/wp\/v2\/comments?post=83289"}],"version-history":[{"count":0,"href":"https:\/\/linitiative.ca\/International\/wp-json\/wp\/v2\/posts\/83289\/revisions"}],"wp:attachment":[{"href":"https:\/\/linitiative.ca\/International\/wp-json\/wp\/v2\/media?parent=83289"}],"wp:term":[{"taxonomy":"category","embeddable":true,"href":"https:\/\/linitiative.ca\/International\/wp-json\/wp\/v2\/categories?post=83289"},{"taxonomy":"post_tag","embeddable":true,"href":"https:\/\/linitiative.ca\/International\/wp-json\/wp\/v2\/tags?post=83289"}],"curies":[{"name":"wp","href":"https:\/\/api.w.org\/{rel}","templated":true}]}}